{"id":75765,"date":"2026-04-30T01:06:54","date_gmt":"2026-04-30T01:06:54","guid":{"rendered":"https:\/\/comandogeraldanoticia.com.br\/?p=75765"},"modified":"2026-04-30T01:06:55","modified_gmt":"2026-04-30T01:06:55","slug":"show-de-shakira-no-rio-tera-esquema-especial-de-seguranca-e-transporte","status":"publish","type":"post","link":"https:\/\/comandogeraldanoticia.com.br\/index.php\/2026\/04\/30\/show-de-shakira-no-rio-tera-esquema-especial-de-seguranca-e-transporte\/","title":{"rendered":"Show de Shakira no Rio ter\u00e1 esquema especial de seguran\u00e7a e transporte"},"content":{"rendered":"\n<p>Foto:  Reuters\/Pilar Olivares\/Arquivo<strong>A prefeitura do Rio de Janeiro apresentou, nesta quarta-feira (29), o planejamento operacional para o show da cantora Shakira, que acontece no pr\u00f3ximo s\u00e1bado (2), na praia de Copacabana. S\u00e3o esperadas 2 milh\u00f5es de pessoas para o evento \u201cTodo Mundo no Rio\u201d.&nbsp;<\/strong><img decoding=\"async\" src=\"https:\/\/agenciabrasil.ebc.com.br\/ebc.png?id=1687764&amp;o=node\"><img decoding=\"async\" src=\"https:\/\/agenciabrasil.ebc.com.br\/ebc.gif?id=1687764&amp;o=node\"><\/p>\n\n\n\n<p>Os agentes municipais v\u00e3o atuar em v\u00e1rias \u00e1reas para assegurar o sucesso do evento e o funcionamento da cidade.&nbsp;<\/p>\n\n\n\n<p><strong>Para facilitar o deslocamento do p\u00fablico, haver\u00e1 uma opera\u00e7\u00e3o especial de transporte, com linhas exclusivas saindo de Botafogo para Copacabana, al\u00e9m do funcionamento 24 horas do Metr\u00f4 e da Linha 1 do Ve\u00edculo Leve sobre Trilhos (VLT).&nbsp;<\/strong><\/p>\n\n\n\n<p>A prefeitura tamb\u00e9m detalhou as interdi\u00e7\u00f5es de acesso e estacionamento em Copacabana, que come\u00e7am \u00e0 no in\u00edcio da madrugada de s\u00e1bado. Al\u00e9m disso, 318 c\u00e2meras ser\u00e3o utilizadas no monitoramento da regi\u00e3o de Copacabana, sendo 162 instaladas na orla e em vias pr\u00f3ximas ao evento.<\/p>\n\n\n\n<p>\u201cEssa n\u00e3o \u00e9 a cidade dos grandes eventos por acaso. A cidade do Rio de Janeiro tem uma expertise, um hist\u00f3rico de grandes realiza\u00e7\u00f5es na \u00e1rea de eventos e que v\u00e3o muito al\u00e9m da prefeitura, do governo ou dos \u00f3rg\u00e3os p\u00fablicos. Festa para a gente \u00e9 coisa s\u00e9ria\u201d, disse o&nbsp; prefeito do Rio, Eduardo Cavalieri.&nbsp;<\/p>\n\n\n\n<p>A cantora colombiana Shakira desembarcou em um jato particular \u00e0s 10h30, no aeroporto Internacional do Rio de Janeiro (Gale\u00e3o).&nbsp; De l\u00e1, a artista seguiu direto para o hotel Copacabana Palace, onde est\u00e1 hospedada com toda sua comitiva.&nbsp;<\/p>\n\n\n\n<h2 class=\"wp-block-heading\">Show<\/h2>\n\n\n\n<p>A festa come\u00e7a \u00e0s 17h30, com apresenta\u00e7\u00f5es de dois DJs convidados no palco montado em frente ao Copacabana Palace.<strong> O show principal, de Shakira, est\u00e1 previsto para as 21h45 e deve durar cerca de duas horas.&nbsp;<\/strong><\/p>\n\n\n\n<p>Ap\u00f3s a apresenta\u00e7\u00e3o, a partir da 0h15, outro DJ assume o comando. \u201cEle vai ficar at\u00e9 2h da madrugada para aqueles que querem aproveitar mais e sair com mais calma, sem necessidade de correria, ajudando a dispers\u00e3o do evento com seguran\u00e7a\u201d, explicou o presidente da Riotur, Bernardo Fellows.&nbsp;<\/p>\n\n\n\n<p>Como ocorreu em outros shows na praia, haver\u00e1 estrutura especial para pessoas com defici\u00eancia, com tr\u00eas \u00e1reas reservadas: em frente a Rua Duvivier, a Rua Ronald de Carvalho e a Avenida Prado J\u00fanior.<\/p>\n\n\n\n<h2 class=\"wp-block-heading\">&nbsp;Bloqueio<\/h2>\n\n\n\n<p><strong>Haver\u00e1 78 torres de seguran\u00e7a ao longo da orla e uma Central de \u00d3rg\u00e3os P\u00fablicos para monitoramento do evento, na altura da Rua Rep\u00fablica do Peru. <\/strong>O acesso de pedestres contar\u00e1 com 18 pontos de revista, como em eventos anteriores, distribu\u00eddos por toda a orla de Copacabana.&nbsp;<\/p>\n\n\n\n<p><strong>A Pol\u00edcia Militar proibir\u00e1, nos bloqueios, a entrada com garrafas de vidro.<\/strong><\/p>\n\n\n\n<p>Tamb\u00e9m est\u00e3o proibidas, a comercializa\u00e7\u00e3o de garrafas de vidro por ambulantes, cercamento de \u00e1reas p\u00fablicas por barraqueiros, utiliza\u00e7\u00e3o de \u00e1rea maior do que a autorizada pelos quiosques, estacionamento em vias interditadas pela Companhia de Engenharia de Tr\u00e1fego (CET-Rio) e carga e descarga de mercadorias fora do hor\u00e1rio determinado.<\/p>\n\n\n\n<h2 class=\"wp-block-heading\">&nbsp;Interdi\u00e7\u00f5es<\/h2>\n\n\n\n<p><strong>A Companhia de Engenharia de Tr\u00e1fego do Rio de Janeiro (CET-Rio) vai implantar uma opera\u00e7\u00e3o especial de tr\u00e2nsito para o evento.<\/strong><\/p>\n\n\n\n<p>O esquema ter\u00e1 in\u00edcio \u00e0 0h de s\u00e1bado, (2), com a interdi\u00e7\u00e3o total da Avenida Atl\u00e2ntica e de seus acessos para carros de passeio, incluindo as pistas da orla e junto \u00e0s edifica\u00e7\u00f5es, al\u00e9m da proibi\u00e7\u00e3o de estacionamento em Copacabana, Botafogo e na Avenida Epit\u00e1cio Pessoa, na Lagoa.<\/p>\n\n\n\n<p>Os \u00f4nibus de fretamento tamb\u00e9m estar\u00e3o proibidos de entrar em Copacabana a partir da 0h de s\u00e1bado, assim como de estacionar em \u00e1reas pr\u00f3ximas, como Botafogo, Ipanema, Urca, Avenida Epit\u00e1cio Pessoa e Morro do Pasmado.<\/p>\n\n\n\n<p>\u00c0s 18h de s\u00e1bado, ter\u00e1 in\u00edcio o bloqueio geral das vias de acesso a Copacabana, com exce\u00e7\u00e3o para t\u00e1xis e \u00f4nibus regulares. O Aterro do Flamengo e a Enseada de Botafogo tamb\u00e9m ser\u00e3o interditados neste hor\u00e1rio, para a prepara\u00e7\u00e3o do terminal de \u00f4nibus destinado \u00e0 sa\u00edda do p\u00fablico. \u00c0s 19h, o bloqueio passar\u00e1 a ser total para todos os tipos de ve\u00edculos, incluindo \u00f4nibus e t\u00e1xis, que n\u00e3o poder\u00e3o mais circular pelo bairro.<\/p>\n\n\n\n<p>O tr\u00e2nsito em Copacabana come\u00e7ar\u00e1 a ser liberado a partir das 4h da madrugada de domingo (3). Permanecer\u00e3o interditadas a pista da orla da Avenida Atl\u00e2ntica, para a \u00e1rea de lazer, como ocorre aos domingos e feriados, al\u00e9m de outros 24 pontos de bloqueio externos. A partir das 10h, ser\u00e1 liberada a pista junto \u00e0s edifica\u00e7\u00f5es da Avenida Atl\u00e2ntica. A faixa revers\u00edvel ser\u00e1 implantada nessa pista.<\/p>\n\n\n\n<p>Ser\u00e3o instalados 700 galhardetes com orienta\u00e7\u00f5es sobre a proibi\u00e7\u00e3o de estacionamento em Copacabana, para alertar os motoristas. Cerca de 3 mil vagas ser\u00e3o suprimidas na regi\u00e3o. Tamb\u00e9m ser\u00e3o utilizadas 45 faixas de orienta\u00e7\u00e3o e 31 pain\u00e9is de mensagens vari\u00e1veis, com informa\u00e7\u00f5es sobre altera\u00e7\u00f5es no tr\u00e2nsito, hor\u00e1rios e locais dos bloqueios, restri\u00e7\u00f5es de estacionamento e condi\u00e7\u00f5es de tr\u00e1fego.<\/p>\n\n\n\n<p>A prefeitura recomenda que o p\u00fablico d\u00ea prefer\u00eancia ao transporte p\u00fablico, especialmente ao metr\u00f4, que n\u00e3o sofre impacto dos fechamentos vi\u00e1rios; planeje o deslocamento com anteced\u00eancia; evite as \u00e1reas interditadas; utilize rotas alternativas; e siga as orienta\u00e7\u00f5es dos agentes de tr\u00e2nsito e da sinaliza\u00e7\u00e3o implantada.<\/p>\n","protected":false},"excerpt":{"rendered":"<p>Foto: Reuters\/Pilar Olivares\/ArquivoA prefeitura do Rio de Janeiro apresentou, nesta quarta-feira (29), o planejamento operacional para o show da cantora Shakira, que acontece no pr\u00f3ximo s\u00e1bado (2), na praia de Copacabana. S\u00e3o esperadas 2 milh\u00f5es de pessoas para o evento \u201cTodo Mundo no Rio\u201d.&nbsp; Os agentes municipais v\u00e3o atuar em v\u00e1rias \u00e1reas para assegurar o<\/p>\n","protected":false},"author":5,"featured_media":75766,"comment_status":"open","ping_status":"open","sticky":false,"template":"","format":"standard","meta":{"om_disable_all_campaigns":false,"_monsterinsights_skip_tracking":false,"_monsterinsights_sitenote_active":false,"_monsterinsights_sitenote_note":"","_monsterinsights_sitenote_category":0,"footnotes":""},"categories":[39],"tags":[],"class_list":{"0":"post-75765","1":"post","2":"type-post","3":"status-publish","4":"format-standard","5":"has-post-thumbnail","7":"category-brasil"},"_links":{"self":[{"href":"https:\/\/comandogeraldanoticia.com.br\/index.php\/wp-json\/wp\/v2\/posts\/75765","targetHints":{"allow":["GET"]}}],"collection":[{"href":"https:\/\/comandogeraldanoticia.com.br\/index.php\/wp-json\/wp\/v2\/posts"}],"about":[{"href":"https:\/\/comandogeraldanoticia.com.br\/index.php\/wp-json\/wp\/v2\/types\/post"}],"author":[{"embeddable":true,"href":"https:\/\/comandogeraldanoticia.com.br\/index.php\/wp-json\/wp\/v2\/users\/5"}],"replies":[{"embeddable":true,"href":"https:\/\/comandogeraldanoticia.com.br\/index.php\/wp-json\/wp\/v2\/comments?post=75765"}],"version-history":[{"count":2,"href":"https:\/\/comandogeraldanoticia.com.br\/index.php\/wp-json\/wp\/v2\/posts\/75765\/revisions"}],"predecessor-version":[{"id":75768,"href":"https:\/\/comandogeraldanoticia.com.br\/index.php\/wp-json\/wp\/v2\/posts\/75765\/revisions\/75768"}],"wp:featuredmedia":[{"embeddable":true,"href":"https:\/\/comandogeraldanoticia.com.br\/index.php\/wp-json\/wp\/v2\/media\/75766"}],"wp:attachment":[{"href":"https:\/\/comandogeraldanoticia.com.br\/index.php\/wp-json\/wp\/v2\/media?parent=75765"}],"wp:term":[{"taxonomy":"category","embeddable":true,"href":"https:\/\/comandogeraldanoticia.com.br\/index.php\/wp-json\/wp\/v2\/categories?post=75765"},{"taxonomy":"post_tag","embeddable":true,"href":"https:\/\/comandogeraldanoticia.com.br\/index.php\/wp-json\/wp\/v2\/tags?post=75765"}],"curies":[{"name":"wp","href":"https:\/\/api.w.org\/{rel}","templated":true}]}}