{"id":75757,"date":"2026-04-30T00:54:10","date_gmt":"2026-04-30T00:54:10","guid":{"rendered":"https:\/\/comandogeraldanoticia.com.br\/?p=75757"},"modified":"2026-04-30T00:54:11","modified_gmt":"2026-04-30T00:54:11","slug":"uma-em-cada-10-criancas-de-4-e-5-anos-nao-vai-a-escola-em-876-cidades","status":"publish","type":"post","link":"https:\/\/comandogeraldanoticia.com.br\/index.php\/2026\/04\/30\/uma-em-cada-10-criancas-de-4-e-5-anos-nao-vai-a-escola-em-876-cidades\/","title":{"rendered":"Uma em cada 10 crian\u00e7as de 4 e 5 anos n\u00e3o vai \u00e0 escola em 876 cidades"},"content":{"rendered":"\n<p>Foto: Angelo Miguel\/MEC\/Ag\u00eancia Brasil<\/p>\n\n\n\n<p>Apesar de a matr\u00edcula em unidades de educa\u00e7\u00e3o infantil a partir dos 4 anos de idade ser obrigat\u00f3ria no pa\u00eds, ainda h\u00e1 crian\u00e7as fora da escola. Em 16% dos munic\u00edpios, ou seja,&nbsp;876 cidades brasileiras, pelo menos uma em&nbsp;cada dez crian\u00e7as de 4 e 5 anos n\u00e3o frequenta creches ou pr\u00e9-escolas.<img decoding=\"async\" src=\"https:\/\/agenciabrasil.ebc.com.br\/ebc.png?id=1687597&amp;o=node\"><img decoding=\"async\" src=\"https:\/\/agenciabrasil.ebc.com.br\/ebc.gif?id=1687597&amp;o=node\"><\/p>\n\n\n\n<p><strong>As desigualdades s\u00e3o ainda maiores quando \u00e9 levado&nbsp;em considera\u00e7\u00e3o onde&nbsp;esses munic\u00edpios est\u00e3o localizados. Na Regi\u00e3o Norte, 29%, o que corresponde a 130 munic\u00edpios, t\u00eam menos de 90% das crian\u00e7as matriculadas na educa\u00e7\u00e3o infantil.<\/strong><\/p>\n\n\n\n<p><strong>O menor percentual \u00e9 no sul do pa\u00eds, com 11% dos munic\u00edpios com menos de 90% das crian\u00e7as de 4 a 5 anos fora da escola.<\/strong><\/p>\n\n\n\n<p>Na Regi\u00e3o Centro-Oeste s\u00e3o 21% dos munic\u00edpios, ou 99; no Nordeste s\u00e3o 17% (304)&nbsp;e, no Sudeste, 13% (213). Os dados s\u00e3o referentes a 2025.<\/p>\n\n\n\n<p><strong>As informa\u00e7\u00f5es s\u00e3o do novo indicador de atendimento escolar em n\u00edvel municipal, elaborado pelo Interdisciplinaridade e Evid\u00eancias no Debate Educacional (Iede) a partir de uma parceria com as funda\u00e7\u00f5es&nbsp;Bracell, Ita\u00fa, V\u00e9lezReyes+, Van Leer e o Banco Interamericano de Desenvolvimento (BID). A divulga\u00e7\u00e3o foi feita nesta quarta-feira (29).<\/strong><br><br><a href=\"https:\/\/www.whatsapp.com\/channel\/0029VaoRTgrInlqYLSk59B2M\" target=\"_blank\" rel=\"noreferrer noopener\">&gt;&gt; Siga o canal da <strong>Ag\u00eancia Brasil <\/strong>no WhatsApp<\/a><\/p>\n\n\n\n<h2 class=\"wp-block-heading\">Matr\u00edculas em creches<\/h2>\n\n\n\n<p><strong>O Brasil tem como meta estabelecida em lei, no Plano Nacional de Educa\u00e7\u00e3o (PNE), ter pelo menos 60% das crian\u00e7as de at\u00e9 3 anos matriculadas em creches at\u00e9 2036, al\u00e9m de atender a pelo menos 50% dessas crian\u00e7as entre as popula\u00e7\u00f5es ind\u00edgenas, quilombolas e do campo.<\/strong><\/p>\n\n\n\n<p>Pelo novo indicador proposto, a maior parte dos munic\u00edpios brasileiros, 81%, ou 4.485, registra&nbsp;taxas inferiores a 60% de crian\u00e7as nessa faixa et\u00e1ria em unidades de educa\u00e7\u00e3o infantil. Na Regi\u00e3o Norte, est\u00e1 tamb\u00e9m o maior percentual &#8211;&nbsp;s\u00e3o 94% dos munic\u00edpios com \u00edndices inferiores a 60%, ou 424 cidades.&nbsp;<\/p>\n\n\n\n<p>Nas demais regi\u00f5es os \u00edndices&nbsp;s\u00e3o: 90%&nbsp;no Centro-Oeste; 83% no Sudeste; 81%&nbsp;no Nordeste&nbsp;e, 66%&nbsp;no Sul, com atendimentos inferiores a 60% das crian\u00e7as de at\u00e9 3 anos em creches.&nbsp;<\/p>\n\n\n\n<h2 class=\"wp-block-heading\">Educa\u00e7\u00e3o infantil nas capitais<\/h2>\n\n\n\n<p><strong>Entre as capitais brasileiras, aquelas que&nbsp;j\u00e1 conseguiram universalizar o atendimento de crian\u00e7as de 4 e 5 anos em unidades de educa\u00e7\u00e3o infantil, ou seja, atendem 100% dessas crian\u00e7as s\u00e3o&nbsp;Vit\u00f3ria, Curitiba, S\u00e3o Paulo e Belo Horizonte.<\/strong><\/p>\n\n\n\n<p><strong>Aquelas com os \u00edndices mais baixos de atendimento s\u00e3o&nbsp;Macei\u00f3, com 64,8%; Macap\u00e1, com 71,4%&nbsp;e, Jo\u00e3o Pessoa, com 73,4%.<\/strong><\/p>\n\n\n\n<p>As capitais com os maiores percentuais de atendimento de beb\u00eas e crian\u00e7as com at\u00e9 3 anos de idade s\u00e3o&nbsp;S\u00e3o Paulo, com 72,9% matriculadas em unidades de educa\u00e7\u00e3o infantil, Vit\u00f3ria, com 66,7%, e Belo Horizonte, com 63%. Todas com atendimento acima da meta de 60% estabelecida no PNE para essa etapa nos pr\u00f3ximos dez anos.<\/p>\n\n\n\n<p>Os piores \u00edndices de atendimento est\u00e3o em Macap\u00e1, com&nbsp;9,1% das crian\u00e7as atendidas; Manaus, com 12,8% e&nbsp;Porto Velho, com 16,9%.<\/p>\n\n\n\n<h2 class=\"wp-block-heading\">Informa\u00e7\u00f5es para os munic\u00edpios<\/h2>\n\n\n\n<p>O novo indicador n\u00e3o \u00e9 oficial, mas segundo as organiza\u00e7\u00f5es respons\u00e1veis pela elabora\u00e7\u00e3o, traz principalmente informa\u00e7\u00f5es municipais mais precisas que as dispon\u00edveis atualmente, que podem ajudar os munic\u00edpios a garantir&nbsp;o acesso escolar.<\/p>\n\n\n\n<p>S\u00e3o justamente os munic\u00edpios, de acordo com a Constitui\u00e7\u00e3o, os principais respons\u00e1veis pela oferta da educa\u00e7\u00e3o infantil.<\/p>\n\n\n\n<p>Saber quantas crian\u00e7as est\u00e3o fora da escola&nbsp;\u00e9 importante at\u00e9 mesmo para que se possa fazer uma busca ativa,&nbsp;encontr\u00e1-las e garantir que tenham acesso a esse direito, diz&nbsp;o diretor executivo do Iede, Ernesto Martins Faria.<\/p>\n\n\n\n<blockquote class=\"wp-block-quote is-layout-flow wp-block-quote-is-layout-flow\">\n<p>\u201cComo a gente est\u00e1 falando de educa\u00e7\u00e3o infantil, que \u00e9 de responsabilidade dos munic\u00edpios,&nbsp;precisamos&nbsp;dar uma resposta, para eles verem o cen\u00e1rio e&nbsp;fazer busca ativa de crian\u00e7as que deveriam estar na escola e n\u00e3o est\u00e3o. Ent\u00e3o, precisam de um dado. Mesmo que possa ter alguma imprecis\u00e3o, necessitam de um norte. Especialmente no cen\u00e1rio&nbsp;em que possivelmente muitos munic\u00edpios brasileiros t\u00eam taxa de atendimento muito abaixo da desejada\u201d, acrescenta.<\/p>\n<\/blockquote>\n\n\n\n<p><strong>Atualmente, segundo Faria, as bases de dados dispon\u00edveis para monitorar o atendimento nessa etapa de ensino apresentam restri\u00e7\u00f5es. O Censo Demogr\u00e1fico cobre todos os munic\u00edpios, mas \u00e9 realizado apenas a cada dez anos. J\u00e1 a Pesquisa Nacional por Amostra de Domic\u00edlios Cont\u00ednua (PNADc) produz dados anuais, mas limitados aos n\u00edveis nacional, de estados, regi\u00f5es metropolitanas e capitais.<\/strong><\/p>\n\n\n\n<p>O novo indicador utiliza dados do Censo Escolar e proje\u00e7\u00f5es populacionais do Instituto Brasileiro de Geografia e Estat\u00edstica (IBGE), divulgadas pelo Datasus, para estimar a cobertura anual em creches e pr\u00e9-escolas em todos os munic\u00edpios brasileiros. Ele tamb\u00e9m busca maior precis\u00e3o quanto \u00e0&nbsp;idade das crian\u00e7as.<\/p>\n\n\n\n<p>Oficialmente, os <a href=\"https:\/\/agenciabrasil.ebc.com.br\/economia\/noticia\/2025-12\/alunos-de-6-10-anos-estao-mais-atrasados-que-no-periodo-pre-pandemia\" target=\"_blank\" rel=\"noreferrer noopener\">dados do IBGE<\/a> divulgados em dezembro de 2025, referentes a 2024, mostram que 39,7% das crian\u00e7as de 0 a 3 anos estavam matriculadas&nbsp;em escolas, e 93,5% daquelas de 4 a 5 anos.<\/p>\n\n\n\n<p><strong>Ter dados mais precisos em&nbsp;n\u00edvel municipal&nbsp;mostra que a&nbsp;cobertura escolar pode estar ainda mais cr\u00edtica em algumas localidades, que precisam de aten\u00e7\u00e3o.<\/strong><\/p>\n\n\n\n<blockquote class=\"wp-block-quote is-layout-flow wp-block-quote-is-layout-flow\">\n<p>\u201cAinda h\u00e1 algo muito relevante para se olhar em rela\u00e7\u00e3o a atendimento. Especialmente para 4 e 5 [anos], que \u00e9 obrigat\u00f3ria. Foi um avan\u00e7o muito grande a gente mirar essa universaliza\u00e7\u00e3o, mas ainda h\u00e1 avan\u00e7os muito importantes a se fazer que \u00e9 entender que muitos munic\u00edpios t\u00eam esse desafio de acesso\u201d, afirma o diretor.<\/p>\n<\/blockquote>\n\n\n\n<h2 class=\"wp-block-heading\">Minist\u00e9rio da Educa\u00e7\u00e3o&nbsp;<\/h2>\n\n\n\n<p>Procurado, o Minist\u00e9rio da Educa\u00e7\u00e3o (MEC) informou&nbsp;que os indicadores oficiais utilizados pela pasta s\u00e3o \u201cseguros, precisos e consistentes\u201d tanto para monitorar o cumprimento das metas do PNE quanto para orientar a tomada de decis\u00f5es de pol\u00edticas p\u00fablicas. O Minist\u00e9rio acrescentou&nbsp;que cruzamentos e an\u00e1lises s\u00e3o poss\u00edveis por causa&nbsp;da disponibiliza\u00e7\u00e3o das bases de dados p\u00fablicas, como as do Datasus.&nbsp;<\/p>\n\n\n\n<p>Em rela\u00e7\u00e3o \u00e0 educa\u00e7\u00e3o infantil, o MEC diz que vem \u201cintensificando as a\u00e7\u00f5es para apoiar os munic\u00edpios, respons\u00e1veis diretos pela educa\u00e7\u00e3o infantil, na amplia\u00e7\u00e3o do acesso com qualidade a essa etapa de&nbsp;ensino\u201d.<\/p>\n\n\n\n<p><strong>A pasta cita como um dos principais instrumentos o <a href=\"https:\/\/agenciabrasil.ebc.com.br\/educacao\/noticia\/2023-07\/mec-empossa-membros-de-colegiados-do-compromisso-crianca-alfabetizada\" target=\"_blank\" rel=\"noreferrer noopener\">Compromisso Nacional pela Qualidade e Equidade na Educa\u00e7\u00e3o Infantil<\/a>, que re\u00fane mais de 2,5 mil entes federados.&nbsp;<\/strong><\/p>\n\n\n\n<p>O MEC destaca ainda o Novo Programa de Acelera\u00e7\u00e3o do Crescimento (PAC), que desde o in\u00edcio da atual gest\u00e3o, entregou 886 unidades de educa\u00e7\u00e3o infantil, com investimento de R$ 1,4 bilh\u00e3o.<\/p>\n\n\n\n<p><strong>O Novo PAC, segundo o MEC, ainda garantir\u00e1 1.684 novas creches e escolas de educa\u00e7\u00e3o infantil, beneficiando 1.438 munic\u00edpios, com investimento total de R$ 7,5 bilh\u00f5es. Desse total, 821 unidades est\u00e3o em execu\u00e7\u00e3o.<\/strong><\/p>\n\n\n\n<p>Outra prioridade \u00e9 a retomada e a conclus\u00e3o de obras paralisadas e inacabadas. Das 1.318 unidades de educa\u00e7\u00e3o infantil que manifestaram interesse em retomar as constru\u00e7\u00f5es, 904 foram aprovadas e 278 foram conclu\u00eddas. Ao todo, essas unidades t\u00eam potencial para gerar mais de 323 mil novas vagas em dois turnos, ou cerca de 161 mil vagas em tempo integral.<\/p>\n\n\n\n<blockquote class=\"wp-block-quote is-layout-flow wp-block-quote-is-layout-flow\">\n<p>\u201cEsses dados demonstram uma mudan\u00e7a de prioridade na gest\u00e3o, com a amplia\u00e7\u00e3o dos investimentos recentes para dar mais condi\u00e7\u00f5es aos munic\u00edpios de abrir vagas, garantindo o atendimento pleno e atuando de forma proativa para superar as lacunas ainda existentes na educa\u00e7\u00e3o infantil brasileira\u201d, afirma.<\/p>\n<\/blockquote>\n\n\n\n<p><\/p>\n","protected":false},"excerpt":{"rendered":"<p>Foto: Angelo Miguel\/MEC\/Ag\u00eancia Brasil Apesar de a matr\u00edcula em unidades de educa\u00e7\u00e3o infantil a partir dos 4 anos de idade ser obrigat\u00f3ria no pa\u00eds, ainda h\u00e1 crian\u00e7as fora da escola. Em 16% dos munic\u00edpios, ou seja,&nbsp;876 cidades brasileiras, pelo menos uma em&nbsp;cada dez crian\u00e7as de 4 e 5 anos n\u00e3o frequenta creches ou pr\u00e9-escolas. As<\/p>\n","protected":false},"author":5,"featured_media":75758,"comment_status":"open","ping_status":"open","sticky":false,"template":"","format":"standard","meta":{"om_disable_all_campaigns":false,"_monsterinsights_skip_tracking":false,"_monsterinsights_sitenote_active":false,"_monsterinsights_sitenote_note":"","_monsterinsights_sitenote_category":0,"footnotes":""},"categories":[44],"tags":[],"class_list":{"0":"post-75757","1":"post","2":"type-post","3":"status-publish","4":"format-standard","5":"has-post-thumbnail","7":"category-example-6"},"_links":{"self":[{"href":"https:\/\/comandogeraldanoticia.com.br\/index.php\/wp-json\/wp\/v2\/posts\/75757","targetHints":{"allow":["GET"]}}],"collection":[{"href":"https:\/\/comandogeraldanoticia.com.br\/index.php\/wp-json\/wp\/v2\/posts"}],"about":[{"href":"https:\/\/comandogeraldanoticia.com.br\/index.php\/wp-json\/wp\/v2\/types\/post"}],"author":[{"embeddable":true,"href":"https:\/\/comandogeraldanoticia.com.br\/index.php\/wp-json\/wp\/v2\/users\/5"}],"replies":[{"embeddable":true,"href":"https:\/\/comandogeraldanoticia.com.br\/index.php\/wp-json\/wp\/v2\/comments?post=75757"}],"version-history":[{"count":1,"href":"https:\/\/comandogeraldanoticia.com.br\/index.php\/wp-json\/wp\/v2\/posts\/75757\/revisions"}],"predecessor-version":[{"id":75759,"href":"https:\/\/comandogeraldanoticia.com.br\/index.php\/wp-json\/wp\/v2\/posts\/75757\/revisions\/75759"}],"wp:featuredmedia":[{"embeddable":true,"href":"https:\/\/comandogeraldanoticia.com.br\/index.php\/wp-json\/wp\/v2\/media\/75758"}],"wp:attachment":[{"href":"https:\/\/comandogeraldanoticia.com.br\/index.php\/wp-json\/wp\/v2\/media?parent=75757"}],"wp:term":[{"taxonomy":"category","embeddable":true,"href":"https:\/\/comandogeraldanoticia.com.br\/index.php\/wp-json\/wp\/v2\/categories?post=75757"},{"taxonomy":"post_tag","embeddable":true,"href":"https:\/\/comandogeraldanoticia.com.br\/index.php\/wp-json\/wp\/v2\/tags?post=75757"}],"curies":[{"name":"wp","href":"https:\/\/api.w.org\/{rel}","templated":true}]}}