{"id":75748,"date":"2026-04-30T00:29:53","date_gmt":"2026-04-30T00:29:53","guid":{"rendered":"https:\/\/comandogeraldanoticia.com.br\/?p=75748"},"modified":"2026-04-30T00:30:18","modified_gmt":"2026-04-30T00:30:18","slug":"camacari-adere-ao-projeto-municipio-seguro-e-reforca-integracao-no-combate-a-violencia","status":"publish","type":"post","link":"https:\/\/comandogeraldanoticia.com.br\/index.php\/2026\/04\/30\/camacari-adere-ao-projeto-municipio-seguro-e-reforca-integracao-no-combate-a-violencia\/","title":{"rendered":"Cama\u00e7ari adere ao Projeto Munic\u00edpio Seguro e refor\u00e7a integra\u00e7\u00e3o no combate \u00e0 viol\u00eancia"},"content":{"rendered":"\n<p>Cama\u00e7ari passou a integrar, oficialmente, o conjunto de munic\u00edpios baianos comprometidos com o fortalecimento de pol\u00edticas p\u00fablicas de seguran\u00e7a, ao participar na tarde desta ter\u00e7a-feira (28), no Centro Administrativo da Bahia (CAB), em Salvador, do Primeiro Encontro Estadual do Projeto Munic\u00edpio Seguro. A iniciativa, promovida pelo Minist\u00e9rio P\u00fablico do Estado da Bahia (MP-BA), re\u00fane gestores municipais em torno de estrat\u00e9gias conjuntas de preven\u00e7\u00e3o e enfrentamento \u00e0 viol\u00eancia.<\/p>\n\n\n\n<p>Com a ades\u00e3o ao selo, o munic\u00edpio amplia sua atua\u00e7\u00e3o no campo da seguran\u00e7a p\u00fablica, consolidando uma estrat\u00e9gia baseada na coopera\u00e7\u00e3o institucional. \u201cCama\u00e7ari assume, com responsabilidade, o compromisso de fortalecer pol\u00edticas p\u00fablicas integradas, entendendo que a seguran\u00e7a \u00e9 constru\u00edda com planejamento, coopera\u00e7\u00e3o e presen\u00e7a efetiva do poder p\u00fablico\u201d, pontuou o prefeito Luiz Caetano.<\/p>\n\n\n\n<p>O procurador-geral de Justi\u00e7a, Pedro Maia, real\u00e7ou o papel dos munic\u00edpios na constru\u00e7\u00e3o de solu\u00e7\u00f5es mais eficazes para a \u00e1rea. \u201cO Munic\u00edpio Seguro \u00e9 uma estrat\u00e9gia de converg\u00eancia institucional, que reconhece o protagonismo dos munic\u00edpios na preven\u00e7\u00e3o e no enfrentamento \u00e0 viol\u00eancia. Esse ato \u00e9 um sonho compartilhado por todos aqueles que militam por uma Bahia de paz, buscando um cen\u00e1rio de criminalidade moderada\u201d, afirmou.<\/p>\n\n\n\n<p>Na ocasi\u00e3o, os gestores que formalizaram ades\u00e3o ao projeto, incluindo Cama\u00e7ari, receberam o selo \u201cCompromisso por um Munic\u00edpio Seguro\u201d, que reconhece o engajamento das administra\u00e7\u00f5es municipais na implementa\u00e7\u00e3o dos instrumentos previstos na Lei n\u00ba 13.675\/2018, que institui o Sistema \u00danico de Seguran\u00e7a P\u00fablica (Susp).<\/p>\n\n\n\n<p>A programa\u00e7\u00e3o do encontro tamb\u00e9m contou com a apresenta\u00e7\u00e3o do projeto e discuss\u00f5es sobre o fortalecimento da atua\u00e7\u00e3o municipal, evidenciando, entre tantas diretrizes, a\u00e7\u00f5es como a preven\u00e7\u00e3o social da viol\u00eancia pol\u00edtica voltada \u00e0 juventude, urbanismo e inclus\u00e3o social, bem como a prote\u00e7\u00e3o de grupos vulner\u00e1veis com iniciativas voltadas a mulheres, crian\u00e7as e minorias, al\u00e9m do uso de tecnologia atrav\u00e9s de videomonitoramento e ilumina\u00e7\u00e3o inteligente.<\/p>\n\n\n\n<p>O debate sobre seguran\u00e7a p\u00fablica ainda envolve a perspectiva dos direitos fundamentais. Para o secret\u00e1rio estadual de Justi\u00e7a e Direitos Humanos, Felipe Freitas, a atua\u00e7\u00e3o integrada contribui para a constru\u00e7\u00e3o de pol\u00edticas mais inclusivas. \u201cPromover seguran\u00e7a p\u00fablica \u00e9, tamb\u00e9m, garantir direitos. Essa integra\u00e7\u00e3o fortalece a\u00e7\u00f5es que ampliam a prote\u00e7\u00e3o social e asseguram a cidadania, tendo em vista que nada \u00e9 mais impactante do que a viol\u00eancia armada nas comunidades\u201d, afirmou.<\/p>\n\n\n\n<p>A participa\u00e7\u00e3o de Cama\u00e7ari no projeto tamb\u00e9m refor\u00e7a a import\u00e2ncia de inst\u00e2ncias locais de articula\u00e7\u00e3o, a exemplo do Gabinete de Gest\u00e3o Integrada Municipal (GGIM), que atua na coordena\u00e7\u00e3o das pol\u00edticas de seguran\u00e7a no territ\u00f3rio, se consolidando fundamental na atua\u00e7\u00e3o estrat\u00e9gica baseada em dados e na integra\u00e7\u00e3o entre diferentes institui\u00e7\u00f5es.<\/p>\n\n\n\n<p>O Projeto Munic\u00edpio Seguro visa orientar gestores na implementa\u00e7\u00e3o de instrumentos previstos na legisla\u00e7\u00e3o nacional, al\u00e9m de fortalecer o Sistema Nacional de Informa\u00e7\u00f5es de Seguran\u00e7a P\u00fablica (Sinesp), contribuindo para uma gest\u00e3o mais eficiente, integrada e alinhada \u00e0s necessidades da popula\u00e7\u00e3o.<br><br>Foto: Juliano Sarraf e William Rocha<\/p>\n","protected":false},"excerpt":{"rendered":"<p>Cama\u00e7ari passou a integrar, oficialmente, o conjunto de munic\u00edpios baianos comprometidos com o fortalecimento de pol\u00edticas p\u00fablicas de seguran\u00e7a, ao participar na tarde desta ter\u00e7a-feira (28), no Centro Administrativo da Bahia (CAB), em Salvador, do Primeiro Encontro Estadual do Projeto Munic\u00edpio Seguro. A iniciativa, promovida pelo Minist\u00e9rio P\u00fablico do Estado da Bahia (MP-BA), re\u00fane gestores<\/p>\n","protected":false},"author":5,"featured_media":75749,"comment_status":"open","ping_status":"open","sticky":false,"template":"","format":"standard","meta":{"om_disable_all_campaigns":false,"_monsterinsights_skip_tracking":false,"_monsterinsights_sitenote_active":false,"_monsterinsights_sitenote_note":"","_monsterinsights_sitenote_category":0,"footnotes":""},"categories":[40],"tags":[],"class_list":{"0":"post-75748","1":"post","2":"type-post","3":"status-publish","4":"format-standard","5":"has-post-thumbnail","7":"category-camacari"},"_links":{"self":[{"href":"https:\/\/comandogeraldanoticia.com.br\/index.php\/wp-json\/wp\/v2\/posts\/75748","targetHints":{"allow":["GET"]}}],"collection":[{"href":"https:\/\/comandogeraldanoticia.com.br\/index.php\/wp-json\/wp\/v2\/posts"}],"about":[{"href":"https:\/\/comandogeraldanoticia.com.br\/index.php\/wp-json\/wp\/v2\/types\/post"}],"author":[{"embeddable":true,"href":"https:\/\/comandogeraldanoticia.com.br\/index.php\/wp-json\/wp\/v2\/users\/5"}],"replies":[{"embeddable":true,"href":"https:\/\/comandogeraldanoticia.com.br\/index.php\/wp-json\/wp\/v2\/comments?post=75748"}],"version-history":[{"count":1,"href":"https:\/\/comandogeraldanoticia.com.br\/index.php\/wp-json\/wp\/v2\/posts\/75748\/revisions"}],"predecessor-version":[{"id":75750,"href":"https:\/\/comandogeraldanoticia.com.br\/index.php\/wp-json\/wp\/v2\/posts\/75748\/revisions\/75750"}],"wp:featuredmedia":[{"embeddable":true,"href":"https:\/\/comandogeraldanoticia.com.br\/index.php\/wp-json\/wp\/v2\/media\/75749"}],"wp:attachment":[{"href":"https:\/\/comandogeraldanoticia.com.br\/index.php\/wp-json\/wp\/v2\/media?parent=75748"}],"wp:term":[{"taxonomy":"category","embeddable":true,"href":"https:\/\/comandogeraldanoticia.com.br\/index.php\/wp-json\/wp\/v2\/categories?post=75748"},{"taxonomy":"post_tag","embeddable":true,"href":"https:\/\/comandogeraldanoticia.com.br\/index.php\/wp-json\/wp\/v2\/tags?post=75748"}],"curies":[{"name":"wp","href":"https:\/\/api.w.org\/{rel}","templated":true}]}}