{"id":75733,"date":"2026-04-29T02:21:14","date_gmt":"2026-04-29T02:21:14","guid":{"rendered":"https:\/\/comandogeraldanoticia.com.br\/?p=75733"},"modified":"2026-04-29T02:21:16","modified_gmt":"2026-04-29T02:21:16","slug":"governo-libera-r-330-milhoes-para-segurar-preco-do-gas-de-cozinha","status":"publish","type":"post","link":"https:\/\/comandogeraldanoticia.com.br\/index.php\/2026\/04\/29\/governo-libera-r-330-milhoes-para-segurar-preco-do-gas-de-cozinha\/","title":{"rendered":"Governo libera R$ 330 milh\u00f5es para segurar pre\u00e7o do g\u00e1s de cozinha"},"content":{"rendered":"\n<p>Foto: REUTERS\/Caetano Barreira\/Proibida reprodu\u00e7\u00e3o<\/p>\n\n\n\n<p><strong>Uma <a href=\"https:\/\/www.in.gov.br\/web\/dou\/-\/medida-provisoria-n-1.351-de-27-de-abril-de-2026-702065263\" target=\"_blank\" rel=\"noreferrer noopener\">medida provis\u00f3ria<\/a>&nbsp;publicada nesta ter\u00e7a-feira (28) abre cr\u00e9dito extraordin\u00e1rio de R$ 330 milh\u00f5es para subsidiar a importa\u00e7\u00e3o de g\u00e1s de cozinha, em meio \u00e0 alta dos pre\u00e7os provocada pelo cen\u00e1rio internacional.<\/strong><img decoding=\"async\" src=\"https:\/\/agenciabrasil.ebc.com.br\/ebc.png?id=1687575&amp;o=node\"><img decoding=\"async\" src=\"https:\/\/agenciabrasil.ebc.com.br\/ebc.gif?id=1687575&amp;o=node\"><\/p>\n\n\n\n<p>O recurso ser\u00e1 usado para<strong> garantir que o g\u00e1s liquefeito de petr\u00f3leo (GLP) importado seja vendido no Brasil pelo mesmo pre\u00e7o do produto nacional,<\/strong> evitando repasses mais elevados ao consumidor final.<\/p>\n\n\n\n<p><strong>A medida faz parte de um <a href=\"https:\/\/agenciabrasil.ebc.com.br\/economia\/noticia\/2026-04\/pacote-para-conter-alta-dos-combustiveis-inclui-subsidios-e-isencoes\" target=\"_blank\" rel=\"noreferrer noopener\">pacote anunciado no in\u00edcio de abril<\/a> para conter os impactos da guerra no Oriente M\u00e9dio sobre os combust\u00edveis.<\/strong> O conflito elevou o pre\u00e7o do petr\u00f3leo no mercado internacional, o que pressiona diretamente o custo do g\u00e1s e do transporte.<\/p>\n\n\n\n<p>Na ocasi\u00e3o, o governo anunciou um subs\u00eddio de R$ 850 por tonelada para o produto importado. A medida busca equiparar o pre\u00e7o ao GLP nacional e reduzir o impacto no custo do g\u00e1s de cozinha, especialmente para fam\u00edlias de baixa renda.<\/p>\n\n\n\n<h2 class=\"wp-block-heading\">Compensa\u00e7\u00e3o<\/h2>\n\n\n\n<p>Na pr\u00e1tica, o subs\u00eddio funciona como uma compensa\u00e7\u00e3o: o governo cobre parte do custo da importa\u00e7\u00e3o para que distribuidoras n\u00e3o precisem repassar integralmente a alta ao consumidor.<\/p>\n\n\n\n<p>Segundo o Pal\u00e1cio do Planalto, o objetivo \u00e9 proteger o or\u00e7amento das fam\u00edlias, especialmente as de baixa renda, que s\u00e3o mais afetadas por aumentos no pre\u00e7o do botij\u00e3o.<\/p>\n\n\n\n<p>A subven\u00e7\u00e3o vale, inicialmente, para o per\u00edodo de 1\u00ba de abril a 31 de maio, podendo ser prorrogada por mais dois meses, dependendo da evolu\u00e7\u00e3o dos pre\u00e7os no mercado internacional.<\/p>\n\n\n\n<h2 class=\"wp-block-heading\">Meta fiscal<\/h2>\n\n\n\n<p>Segundo as regras atuais, cr\u00e9ditos extraordin\u00e1rios est\u00e3o fora do limite de gastos do arcabou\u00e7o fiscal, mas est\u00e3o&nbsp;inclu\u00eddos na meta de resultado prim\u00e1rio (resultado das contas do governo sem os juros da d\u00edvida p\u00fablica).<\/p>\n\n\n\n<p>Para este ano, a Lei de Diretrizes Or\u00e7ament\u00e1rias (LDO) estipula super\u00e1vit prim\u00e1rio de R$ 34,3 bilh\u00f5es (0,25% do Produto Interno Bruto), podendo variar de resultado zero (nem d\u00e9ficit nem super\u00e1vit) a resultado positivo de R$ 68,6 bilh\u00f5es (0,5% do PIB).<\/p>\n\n\n\n<h2 class=\"wp-block-heading\">Importa\u00e7\u00e3o<\/h2>\n\n\n\n<p>O Brasil importa cerca de 20% do g\u00e1s de cozinha consumido no pa\u00eds, o que torna o produto sens\u00edvel a varia\u00e7\u00f5es externas, como o pre\u00e7o do petr\u00f3leo e custos log\u00edsticos.<\/p>\n\n\n\n<p>Al\u00e9m da guerra, o governo aponta outros fatores para a alta recente do GLP, como o encarecimento do transporte de cargas e a valoriza\u00e7\u00e3o dos pre\u00e7os internacionais do g\u00e1s.<\/p>\n\n\n\n<p>A medida provis\u00f3ria tamb\u00e9m se conecta a programas sociais j\u00e1 existentes, como iniciativas de apoio \u00e0 compra de g\u00e1s por fam\u00edlias de baixa renda, e pode influenciar o valor de refer\u00eancia usado nesses benef\u00edcios.<\/p>\n\n\n\n<p>Com a iniciativa, o governo tenta reduzir a volatilidade dos pre\u00e7os em um momento de incerteza global, evitando que oscila\u00e7\u00f5es externas tenham impacto direto e imediato no custo de vida da popula\u00e7\u00e3o.<\/p>\n","protected":false},"excerpt":{"rendered":"<p>Foto: REUTERS\/Caetano Barreira\/Proibida reprodu\u00e7\u00e3o Uma medida provis\u00f3ria&nbsp;publicada nesta ter\u00e7a-feira (28) abre cr\u00e9dito extraordin\u00e1rio de R$ 330 milh\u00f5es para subsidiar a importa\u00e7\u00e3o de g\u00e1s de cozinha, em meio \u00e0 alta dos pre\u00e7os provocada pelo cen\u00e1rio internacional. O recurso ser\u00e1 usado para garantir que o g\u00e1s liquefeito de petr\u00f3leo (GLP) importado seja vendido no Brasil pelo mesmo<\/p>\n","protected":false},"author":5,"featured_media":75734,"comment_status":"open","ping_status":"open","sticky":false,"template":"","format":"standard","meta":{"om_disable_all_campaigns":false,"_monsterinsights_skip_tracking":false,"_monsterinsights_sitenote_active":false,"_monsterinsights_sitenote_note":"","_monsterinsights_sitenote_category":0,"footnotes":""},"categories":[43],"tags":[],"class_list":{"0":"post-75733","1":"post","2":"type-post","3":"status-publish","4":"format-standard","5":"has-post-thumbnail","7":"category-economia"},"_links":{"self":[{"href":"https:\/\/comandogeraldanoticia.com.br\/index.php\/wp-json\/wp\/v2\/posts\/75733","targetHints":{"allow":["GET"]}}],"collection":[{"href":"https:\/\/comandogeraldanoticia.com.br\/index.php\/wp-json\/wp\/v2\/posts"}],"about":[{"href":"https:\/\/comandogeraldanoticia.com.br\/index.php\/wp-json\/wp\/v2\/types\/post"}],"author":[{"embeddable":true,"href":"https:\/\/comandogeraldanoticia.com.br\/index.php\/wp-json\/wp\/v2\/users\/5"}],"replies":[{"embeddable":true,"href":"https:\/\/comandogeraldanoticia.com.br\/index.php\/wp-json\/wp\/v2\/comments?post=75733"}],"version-history":[{"count":2,"href":"https:\/\/comandogeraldanoticia.com.br\/index.php\/wp-json\/wp\/v2\/posts\/75733\/revisions"}],"predecessor-version":[{"id":75736,"href":"https:\/\/comandogeraldanoticia.com.br\/index.php\/wp-json\/wp\/v2\/posts\/75733\/revisions\/75736"}],"wp:featuredmedia":[{"embeddable":true,"href":"https:\/\/comandogeraldanoticia.com.br\/index.php\/wp-json\/wp\/v2\/media\/75734"}],"wp:attachment":[{"href":"https:\/\/comandogeraldanoticia.com.br\/index.php\/wp-json\/wp\/v2\/media?parent=75733"}],"wp:term":[{"taxonomy":"category","embeddable":true,"href":"https:\/\/comandogeraldanoticia.com.br\/index.php\/wp-json\/wp\/v2\/categories?post=75733"},{"taxonomy":"post_tag","embeddable":true,"href":"https:\/\/comandogeraldanoticia.com.br\/index.php\/wp-json\/wp\/v2\/tags?post=75733"}],"curies":[{"name":"wp","href":"https:\/\/api.w.org\/{rel}","templated":true}]}}