{"id":75718,"date":"2026-04-29T02:02:37","date_gmt":"2026-04-29T02:02:37","guid":{"rendered":"https:\/\/comandogeraldanoticia.com.br\/?p=75718"},"modified":"2026-04-29T02:02:47","modified_gmt":"2026-04-29T02:02:47","slug":"fila-do-inss-cai-em-abril-e-esta-em-26-milhoes","status":"publish","type":"post","link":"https:\/\/comandogeraldanoticia.com.br\/index.php\/2026\/04\/29\/fila-do-inss-cai-em-abril-e-esta-em-26-milhoes\/","title":{"rendered":"Fila do INSS cai em abril e est\u00e1 em 2,6 milh\u00f5es"},"content":{"rendered":"\n<p>Ag\u00eancia Gov | via MPrev<\/p>\n\n\n\n<p>A fila de requerimentos iniciais do Instituto Nacional do Seguro Social (INSS) caiu mais de meio milh\u00e3o nos \u00faltimos dois meses. Em fevereiro, a fila alcan\u00e7ou 3,1 milh\u00f5es de pedidos. Em abril, os dados mostram uma redu\u00e7\u00e3o para 2,6 milh\u00f5es. O an\u00fancio foi feito durante a 324\u00aa reuni\u00e3o do Conselho Nacional de Previd\u00eancia Social (CNPS), nesta ter\u00e7a-feira (28), em Bras\u00edlia.<\/p>\n\n\n\n<p>O ministro da Previd\u00eancia Social, Wolney Queiroz, comprometeu-se a reduzir ainda mais a fila e garantiu que com as medidas que est\u00e3o sendo implementadas, os resultados continuar\u00e3o a aparecer. \u201cTemos boas not\u00edcias em rela\u00e7\u00e3o ao enfrentamento da fila, alcan\u00e7amos n\u00fameros muito positivos. Estamos confiantes de que a presidente do INSS conseguir\u00e1 derrubar ainda mais esses n\u00fameros\u201d, disse.<\/p>\n\n\n\n<p><a href=\"https:\/\/www.whatsapp.com\/channel\/0029VbB7DXy3AzNRrNqpZg36\" rel=\"noreferrer noopener\" target=\"_blank\"><\/a><\/p>\n\n\n\n<p>Siga o canal da Previd\u00eancia Social no WhatsApp<\/p>\n\n\n\n<p><a href=\"https:\/\/www.whatsapp.com\/channel\/0029VbB7DXy3AzNRrNqpZg36\" rel=\"noreferrer noopener\" target=\"_blank\">Seguir<\/a><\/p>\n\n\n\n<p>A presidente do INSS, Ana Cristina Silveira, tamb\u00e9m anunciou a A\u00e7\u00e3o Coordenada de Celeridade no Atendimento e Enfrentamento \u00e0 Fila do INSS (Acelera INSS) \u2013 que vai implementar uma s\u00e9rie de medidas operacionais no Instituto para acelerar o atendimento aos segurados. O programa tem prazo de 90 dias e pretende reduzir o estoque de benef\u00edcios em an\u00e1lise h\u00e1 mais de 45 dias para menos de 400 mil requerimentos.<\/p>\n\n\n\n<blockquote class=\"wp-block-quote is-layout-flow wp-block-quote-is-layout-flow\">\n<p>\u201cO programa Acelera INSS n\u00e3o \u00e9 apenas redu\u00e7\u00e3o de fila. \u00c9 uma reorganiza\u00e7\u00e3o operacional com impacto direto na vida do cidad\u00e3o. N\u00f3s faremos ajustes de rotina de sistemas e estamos estudando quais s\u00e3o os projetos em andamento e quais devemos priorizar\u201d<br><em>disse Ana Cristina Silveira.<\/em><\/p>\n<\/blockquote>\n\n\n\n<p>O projeto possui oito eixos. Entre eles est\u00e1 o de a\u00e7\u00f5es nacionais de alto impacto, que traz a previs\u00e3o de quatro mutir\u00f5es at\u00e9 o fim de junho; e os que tratam de otimiza\u00e7\u00e3o da for\u00e7a de trabalho e de medidas estruturantes, que trazem a nomea\u00e7\u00e3o de 300 assistentes sociais, a solicita\u00e7\u00e3o de nomea\u00e7\u00e3o de mais 300 servidores de imediato e a realiza\u00e7\u00e3o de novo concurso para contrata\u00e7\u00e3o de mais 2 mil servidores.<\/p>\n\n\n\n<p><strong>CNPS<\/strong><\/p>\n\n\n\n<p>O <a href=\"https:\/\/www.gov.br\/previdencia\/pt-br\/acesso-a-informacao\/participacao-social\/conselhos-e-orgaos-colegiados\/conselho-nacional-de-previdencia-social\" rel=\"noreferrer noopener\" target=\"_blank\">Conselho Nacional de Previd\u00eancia Social<\/a> \u00e9 \u00f3rg\u00e3o superior de delibera\u00e7\u00e3o colegiada, integrante da estrutura do Minist\u00e9rio da Previd\u00eancia Social. Tem por fun\u00e7\u00e3o estabelecer diretrizes gerais, participar, acompanhar e avaliar sistematicamente a gest\u00e3o previdenci\u00e1ria, bem como apreciar as decis\u00f5es de pol\u00edticas aplic\u00e1veis \u00e0 Previd\u00eancia Social.<\/p>\n","protected":false},"excerpt":{"rendered":"<p>Ag\u00eancia Gov | via MPrev A fila de requerimentos iniciais do Instituto Nacional do Seguro Social (INSS) caiu mais de meio milh\u00e3o nos \u00faltimos dois meses. Em fevereiro, a fila alcan\u00e7ou 3,1 milh\u00f5es de pedidos. Em abril, os dados mostram uma redu\u00e7\u00e3o para 2,6 milh\u00f5es. O an\u00fancio foi feito durante a 324\u00aa reuni\u00e3o do Conselho<\/p>\n","protected":false},"author":5,"featured_media":75719,"comment_status":"open","ping_status":"open","sticky":false,"template":"","format":"standard","meta":{"om_disable_all_campaigns":false,"_monsterinsights_skip_tracking":false,"_monsterinsights_sitenote_active":false,"_monsterinsights_sitenote_note":"","_monsterinsights_sitenote_category":0,"footnotes":""},"categories":[39],"tags":[],"class_list":{"0":"post-75718","1":"post","2":"type-post","3":"status-publish","4":"format-standard","5":"has-post-thumbnail","7":"category-brasil"},"_links":{"self":[{"href":"https:\/\/comandogeraldanoticia.com.br\/index.php\/wp-json\/wp\/v2\/posts\/75718","targetHints":{"allow":["GET"]}}],"collection":[{"href":"https:\/\/comandogeraldanoticia.com.br\/index.php\/wp-json\/wp\/v2\/posts"}],"about":[{"href":"https:\/\/comandogeraldanoticia.com.br\/index.php\/wp-json\/wp\/v2\/types\/post"}],"author":[{"embeddable":true,"href":"https:\/\/comandogeraldanoticia.com.br\/index.php\/wp-json\/wp\/v2\/users\/5"}],"replies":[{"embeddable":true,"href":"https:\/\/comandogeraldanoticia.com.br\/index.php\/wp-json\/wp\/v2\/comments?post=75718"}],"version-history":[{"count":2,"href":"https:\/\/comandogeraldanoticia.com.br\/index.php\/wp-json\/wp\/v2\/posts\/75718\/revisions"}],"predecessor-version":[{"id":75721,"href":"https:\/\/comandogeraldanoticia.com.br\/index.php\/wp-json\/wp\/v2\/posts\/75718\/revisions\/75721"}],"wp:featuredmedia":[{"embeddable":true,"href":"https:\/\/comandogeraldanoticia.com.br\/index.php\/wp-json\/wp\/v2\/media\/75719"}],"wp:attachment":[{"href":"https:\/\/comandogeraldanoticia.com.br\/index.php\/wp-json\/wp\/v2\/media?parent=75718"}],"wp:term":[{"taxonomy":"category","embeddable":true,"href":"https:\/\/comandogeraldanoticia.com.br\/index.php\/wp-json\/wp\/v2\/categories?post=75718"},{"taxonomy":"post_tag","embeddable":true,"href":"https:\/\/comandogeraldanoticia.com.br\/index.php\/wp-json\/wp\/v2\/tags?post=75718"}],"curies":[{"name":"wp","href":"https:\/\/api.w.org\/{rel}","templated":true}]}}