{"id":75715,"date":"2026-04-29T01:32:17","date_gmt":"2026-04-29T01:32:17","guid":{"rendered":"https:\/\/comandogeraldanoticia.com.br\/?p=75715"},"modified":"2026-04-29T01:32:18","modified_gmt":"2026-04-29T01:32:18","slug":"governo-discute-linha-de-credito-para-taxistas-trocarem-de-carros-diz-luiz-marinho","status":"publish","type":"post","link":"https:\/\/comandogeraldanoticia.com.br\/index.php\/2026\/04\/29\/governo-discute-linha-de-credito-para-taxistas-trocarem-de-carros-diz-luiz-marinho\/","title":{"rendered":"Governo discute linha de cr\u00e9dito para taxistas trocarem de carros, diz Luiz Marinho"},"content":{"rendered":"\n<p>Ag\u00eancia gov<\/p>\n\n\n\n<p>O ministro do Trabalho e Emprego, Luiz Marinho, recebeu, nesta ter\u00e7a-feira (28), deputados, dirigentes e representantes de sindicatos de taxistas de diversos estados do pa\u00eds. Na reuni\u00e3o, a categoria apresentou a demanda pela cria\u00e7\u00e3o de uma linha de cr\u00e9dito, por meio do Fundo de Amparo ao Trabalhador (FAT), destinada \u00e0 renova\u00e7\u00e3o da frota de ve\u00edculos. Segundo estimativa dos representantes, o Brasil conta com cerca de 600 mil taxistas.<\/p>\n\n\n\n<p>O ministro afirmou que o tema j\u00e1 est\u00e1 sendo debatido no governo, assim como a\u00e7\u00f5es voltadas a ajudar as fam\u00edlias a sa\u00edrem do endividamento.\u201cO presidente Lula j\u00e1 vem estimulando a cria\u00e7\u00e3o de uma linha de cr\u00e9dito para os taxistas\u201d, afirmou Luiz Marinho.<\/p>\n\n\n\n<p>A sinaliza\u00e7\u00e3o foi bem recebida pela categoria, que defende a retomada do financiamento via FAT, com juros acess\u00edveis, para a renova\u00e7\u00e3o da frota. A modalidade j\u00e1 existia, mas foi encerrada em 2022.<\/p>\n\n\n\n<p>O deputado federal Jos\u00e9 F\u00e9lix Cirilo (PT\/CE) destacou ser \u201cfundamental garantir aos taxistas acesso a financiamento em condi\u00e7\u00f5es acess\u00edveis para a renova\u00e7\u00e3o da frota\u201d.<\/p>\n\n\n\n<p>Participaram da audi\u00eancia dirigentes e representantes de sindicatos do Rio de Janeiro, Alagoas, Paran\u00e1, S\u00e3o Paulo, Distrito Federal, Cear\u00e1, Santa Catarina e Pernambuco.<\/p>\n","protected":false},"excerpt":{"rendered":"<p>Ag\u00eancia gov O ministro do Trabalho e Emprego, Luiz Marinho, recebeu, nesta ter\u00e7a-feira (28), deputados, dirigentes e representantes de sindicatos de taxistas de diversos estados do pa\u00eds. Na reuni\u00e3o, a categoria apresentou a demanda pela cria\u00e7\u00e3o de uma linha de cr\u00e9dito, por meio do Fundo de Amparo ao Trabalhador (FAT), destinada \u00e0 renova\u00e7\u00e3o da frota<\/p>\n","protected":false},"author":5,"featured_media":75716,"comment_status":"open","ping_status":"open","sticky":false,"template":"","format":"standard","meta":{"om_disable_all_campaigns":false,"_monsterinsights_skip_tracking":false,"_monsterinsights_sitenote_active":false,"_monsterinsights_sitenote_note":"","_monsterinsights_sitenote_category":0,"footnotes":""},"categories":[71],"tags":[],"class_list":{"0":"post-75715","1":"post","2":"type-post","3":"status-publish","4":"format-standard","5":"has-post-thumbnail","7":"category-politica"},"_links":{"self":[{"href":"https:\/\/comandogeraldanoticia.com.br\/index.php\/wp-json\/wp\/v2\/posts\/75715","targetHints":{"allow":["GET"]}}],"collection":[{"href":"https:\/\/comandogeraldanoticia.com.br\/index.php\/wp-json\/wp\/v2\/posts"}],"about":[{"href":"https:\/\/comandogeraldanoticia.com.br\/index.php\/wp-json\/wp\/v2\/types\/post"}],"author":[{"embeddable":true,"href":"https:\/\/comandogeraldanoticia.com.br\/index.php\/wp-json\/wp\/v2\/users\/5"}],"replies":[{"embeddable":true,"href":"https:\/\/comandogeraldanoticia.com.br\/index.php\/wp-json\/wp\/v2\/comments?post=75715"}],"version-history":[{"count":1,"href":"https:\/\/comandogeraldanoticia.com.br\/index.php\/wp-json\/wp\/v2\/posts\/75715\/revisions"}],"predecessor-version":[{"id":75717,"href":"https:\/\/comandogeraldanoticia.com.br\/index.php\/wp-json\/wp\/v2\/posts\/75715\/revisions\/75717"}],"wp:featuredmedia":[{"embeddable":true,"href":"https:\/\/comandogeraldanoticia.com.br\/index.php\/wp-json\/wp\/v2\/media\/75716"}],"wp:attachment":[{"href":"https:\/\/comandogeraldanoticia.com.br\/index.php\/wp-json\/wp\/v2\/media?parent=75715"}],"wp:term":[{"taxonomy":"category","embeddable":true,"href":"https:\/\/comandogeraldanoticia.com.br\/index.php\/wp-json\/wp\/v2\/categories?post=75715"},{"taxonomy":"post_tag","embeddable":true,"href":"https:\/\/comandogeraldanoticia.com.br\/index.php\/wp-json\/wp\/v2\/tags?post=75715"}],"curies":[{"name":"wp","href":"https:\/\/api.w.org\/{rel}","templated":true}]}}