{"id":75712,"date":"2026-04-29T01:24:42","date_gmt":"2026-04-29T01:24:42","guid":{"rendered":"https:\/\/comandogeraldanoticia.com.br\/?p=75712"},"modified":"2026-04-29T01:24:42","modified_gmt":"2026-04-29T01:24:42","slug":"mcmv-prefeitura-acompanha-avanco-das-obras-nos-residenciais-serra-verde-i-e-ii","status":"publish","type":"post","link":"https:\/\/comandogeraldanoticia.com.br\/index.php\/2026\/04\/29\/mcmv-prefeitura-acompanha-avanco-das-obras-nos-residenciais-serra-verde-i-e-ii\/","title":{"rendered":"MCMV: Prefeitura acompanha avan\u00e7o das obras nos Residenciais Serra Verde I e II"},"content":{"rendered":"\n<p>A Prefeitura de Cama\u00e7ari realizou, nesta ter\u00e7a-feira (28), nova vistoria t\u00e9cnica nos Residenciais Serra Verde I e II, empreendimentos do programa federal Minha Casa, Minha Vida (MCMV), localizados na regi\u00e3o do Parque Real Serra Verde, na Estrada da Cascalheira (BA-531). Juntos, os residenciais somam 480 unidades habitacionais, sendo 240 em cada.<\/p>\n\n\n\n<p>A a\u00e7\u00e3o teve como objetivo acompanhar o andamento das obras, que seguem o padr\u00e3o de apartamentos com dois quartos, distribu\u00eddos em pr\u00e9dios de quatro pavimentos, garantindo o cumprimento dos prazos e das especifica\u00e7\u00f5es t\u00e9cnicas estabelecidas.<\/p>\n\n\n\n<p>\u201cCada empreendimento desse aqui, tanto o Serra Verde I quanto o II, ter\u00e1 quadra de esporte, academia de gin\u00e1stica, duas sedes administrativas e uma biblioteca. \u00c9 mais uma infraestrutura que a Prefeitura vai equipar e entregar para a popula\u00e7\u00e3o de Cama\u00e7ari\u201d, enfatizou o titular da Secretaria da Habita\u00e7\u00e3o (Sehab), Luiz Roberto Sibi\u00e9, ao indicar que as interven\u00e7\u00f5es dever\u00e3o ser conclu\u00eddas ainda este ano.<\/p>\n\n\n\n<p>Fruto da parceria entre a Prefeitura de Cama\u00e7ari, o Governo do Estado e o Governo Federal, com investimento de R$ 72 milh\u00f5es, os Residenciais Serra Verde I e II fazem parte de um conjunto mais amplo de empreendimentos habitacionais em constru\u00e7\u00e3o no munic\u00edpio, que inclui tamb\u00e9m os residenciais Novo Horizonte I e II e Verdes Horizontes I e II, totalizando 1.712 apartamentos. A iniciativa visa reduzir o deficit habitacional e promover inclus\u00e3o social por meio de pol\u00edticas p\u00fablicas estruturantes.<\/p>\n\n\n\n<p>A sele\u00e7\u00e3o dos benefici\u00e1rios ocorre por meio do sistema eletr\u00f4nico Sishabi (Sistema de Habita\u00e7\u00e3o), homologado pela Caixa Econ\u00f4mica Federal, respons\u00e1vel tamb\u00e9m pela etapa final do processo, conforme crit\u00e9rios t\u00e9cnicos e sociais do programa. O procedimento garante transpar\u00eancia e assegura que as unidades sejam destinadas \u00e0s fam\u00edlias que mais necessitam.<\/p>\n\n\n\n<p>Foto: Juliano Sarraf<\/p>\n","protected":false},"excerpt":{"rendered":"<p>A Prefeitura de Cama\u00e7ari realizou, nesta ter\u00e7a-feira (28), nova vistoria t\u00e9cnica nos Residenciais Serra Verde I e II, empreendimentos do programa federal Minha Casa, Minha Vida (MCMV), localizados na regi\u00e3o do Parque Real Serra Verde, na Estrada da Cascalheira (BA-531). Juntos, os residenciais somam 480 unidades habitacionais, sendo 240 em cada. A a\u00e7\u00e3o teve como<\/p>\n","protected":false},"author":5,"featured_media":75713,"comment_status":"open","ping_status":"open","sticky":false,"template":"","format":"standard","meta":{"om_disable_all_campaigns":false,"_monsterinsights_skip_tracking":false,"_monsterinsights_sitenote_active":false,"_monsterinsights_sitenote_note":"","_monsterinsights_sitenote_category":0,"footnotes":""},"categories":[40],"tags":[],"class_list":{"0":"post-75712","1":"post","2":"type-post","3":"status-publish","4":"format-standard","5":"has-post-thumbnail","7":"category-camacari"},"_links":{"self":[{"href":"https:\/\/comandogeraldanoticia.com.br\/index.php\/wp-json\/wp\/v2\/posts\/75712","targetHints":{"allow":["GET"]}}],"collection":[{"href":"https:\/\/comandogeraldanoticia.com.br\/index.php\/wp-json\/wp\/v2\/posts"}],"about":[{"href":"https:\/\/comandogeraldanoticia.com.br\/index.php\/wp-json\/wp\/v2\/types\/post"}],"author":[{"embeddable":true,"href":"https:\/\/comandogeraldanoticia.com.br\/index.php\/wp-json\/wp\/v2\/users\/5"}],"replies":[{"embeddable":true,"href":"https:\/\/comandogeraldanoticia.com.br\/index.php\/wp-json\/wp\/v2\/comments?post=75712"}],"version-history":[{"count":1,"href":"https:\/\/comandogeraldanoticia.com.br\/index.php\/wp-json\/wp\/v2\/posts\/75712\/revisions"}],"predecessor-version":[{"id":75714,"href":"https:\/\/comandogeraldanoticia.com.br\/index.php\/wp-json\/wp\/v2\/posts\/75712\/revisions\/75714"}],"wp:featuredmedia":[{"embeddable":true,"href":"https:\/\/comandogeraldanoticia.com.br\/index.php\/wp-json\/wp\/v2\/media\/75713"}],"wp:attachment":[{"href":"https:\/\/comandogeraldanoticia.com.br\/index.php\/wp-json\/wp\/v2\/media?parent=75712"}],"wp:term":[{"taxonomy":"category","embeddable":true,"href":"https:\/\/comandogeraldanoticia.com.br\/index.php\/wp-json\/wp\/v2\/categories?post=75712"},{"taxonomy":"post_tag","embeddable":true,"href":"https:\/\/comandogeraldanoticia.com.br\/index.php\/wp-json\/wp\/v2\/tags?post=75712"}],"curies":[{"name":"wp","href":"https:\/\/api.w.org\/{rel}","templated":true}]}}