{"id":75705,"date":"2026-04-29T01:13:24","date_gmt":"2026-04-29T01:13:24","guid":{"rendered":"https:\/\/comandogeraldanoticia.com.br\/?p=75705"},"modified":"2026-04-29T01:13:25","modified_gmt":"2026-04-29T01:13:25","slug":"osba-apresenta-concerto-pedro-e-o-lobo-nesta-quarta-feira-no-teatro-cidade-do-saber","status":"publish","type":"post","link":"https:\/\/comandogeraldanoticia.com.br\/index.php\/2026\/04\/29\/osba-apresenta-concerto-pedro-e-o-lobo-nesta-quarta-feira-no-teatro-cidade-do-saber\/","title":{"rendered":"OSBA apresenta concerto \u201cPedro e o Lobo\u201d nesta quarta-feira no Teatro Cidade do Saber"},"content":{"rendered":"\n<p>A Orquestra Sinf\u00f4nica da Bahia (OSBA) retorna a Cama\u00e7ari com o concerto \u201cPedro e o Lobo\u201d, obra do compositor russo Serguei Prokofiev. A apresenta\u00e7\u00e3o acontece nesta quarta-feira (29), \u00e0s 15h, no Teatro Cidade do Saber (TCS), com entrada gratuita. Os ingressos devem ser adquiridos por meio da plataforma Sympla, neste link [<a href=\"https:\/\/www.sympla.com.br\/evento\/osba-na-estrada-concerto-pedro-e-o-lobo\/3404314\" target=\"_blank\" rel=\"noreferrer noopener\">https:\/\/www.sympla.com.br\/evento\/osba-na-estrada-concerto-pedro-e-o-lobo\/3404314<\/a>].<\/p>\n\n\n\n<p>A apresenta\u00e7\u00e3o integra o projeto \u201cOSBA na Estrada\u201d, que leva a m\u00fasica sinf\u00f4nica para al\u00e9m das fronteiras da capital. Com reg\u00eancia do maestro Eduardo Salazar e narra\u00e7\u00e3o do ator, poeta e locutor Daniel Farias, o concerto prop\u00f5e uma experi\u00eancia musical acess\u00edvel, l\u00fadica, envolvente e cheia de descobertas.<\/p>\n\n\n\n<p>\u201cPedro e o Lobo\u201d \u00e9 uma hist\u00f3ria infantil contada por meio da m\u00fasica, com o objetivo pedag\u00f3gico de mostrar \u00e0s crian\u00e7as as sonoridades dos diversos instrumentos. No espet\u00e1culo, cada personagem da hist\u00f3ria \u2013 Pedro, o lobo, o av\u00f4, o passarinho, a pata, o gato e os ca\u00e7adores \u2013 \u00e9 representado por um instrumento diferente.<\/p>\n\n\n\n<p>A a\u00e7\u00e3o refor\u00e7a o compromisso do TCS na promo\u00e7\u00e3o do acesso \u00e0 cultura e forma\u00e7\u00e3o de p\u00fablico.<\/p>\n\n\n\n<p>Foto: Caio L\u00edrio e Divulga\u00e7\u00e3o<\/p>\n","protected":false},"excerpt":{"rendered":"<p>A Orquestra Sinf\u00f4nica da Bahia (OSBA) retorna a Cama\u00e7ari com o concerto \u201cPedro e o Lobo\u201d, obra do compositor russo Serguei Prokofiev. A apresenta\u00e7\u00e3o acontece nesta quarta-feira (29), \u00e0s 15h, no Teatro Cidade do Saber (TCS), com entrada gratuita. Os ingressos devem ser adquiridos por meio da plataforma Sympla, neste link [https:\/\/www.sympla.com.br\/evento\/osba-na-estrada-concerto-pedro-e-o-lobo\/3404314]. A apresenta\u00e7\u00e3o integra<\/p>\n","protected":false},"author":5,"featured_media":75706,"comment_status":"open","ping_status":"open","sticky":false,"template":"","format":"standard","meta":{"om_disable_all_campaigns":false,"_monsterinsights_skip_tracking":false,"_monsterinsights_sitenote_active":false,"_monsterinsights_sitenote_note":"","_monsterinsights_sitenote_category":0,"footnotes":""},"categories":[40],"tags":[],"class_list":{"0":"post-75705","1":"post","2":"type-post","3":"status-publish","4":"format-standard","5":"has-post-thumbnail","7":"category-camacari"},"_links":{"self":[{"href":"https:\/\/comandogeraldanoticia.com.br\/index.php\/wp-json\/wp\/v2\/posts\/75705","targetHints":{"allow":["GET"]}}],"collection":[{"href":"https:\/\/comandogeraldanoticia.com.br\/index.php\/wp-json\/wp\/v2\/posts"}],"about":[{"href":"https:\/\/comandogeraldanoticia.com.br\/index.php\/wp-json\/wp\/v2\/types\/post"}],"author":[{"embeddable":true,"href":"https:\/\/comandogeraldanoticia.com.br\/index.php\/wp-json\/wp\/v2\/users\/5"}],"replies":[{"embeddable":true,"href":"https:\/\/comandogeraldanoticia.com.br\/index.php\/wp-json\/wp\/v2\/comments?post=75705"}],"version-history":[{"count":1,"href":"https:\/\/comandogeraldanoticia.com.br\/index.php\/wp-json\/wp\/v2\/posts\/75705\/revisions"}],"predecessor-version":[{"id":75707,"href":"https:\/\/comandogeraldanoticia.com.br\/index.php\/wp-json\/wp\/v2\/posts\/75705\/revisions\/75707"}],"wp:featuredmedia":[{"embeddable":true,"href":"https:\/\/comandogeraldanoticia.com.br\/index.php\/wp-json\/wp\/v2\/media\/75706"}],"wp:attachment":[{"href":"https:\/\/comandogeraldanoticia.com.br\/index.php\/wp-json\/wp\/v2\/media?parent=75705"}],"wp:term":[{"taxonomy":"category","embeddable":true,"href":"https:\/\/comandogeraldanoticia.com.br\/index.php\/wp-json\/wp\/v2\/categories?post=75705"},{"taxonomy":"post_tag","embeddable":true,"href":"https:\/\/comandogeraldanoticia.com.br\/index.php\/wp-json\/wp\/v2\/tags?post=75705"}],"curies":[{"name":"wp","href":"https:\/\/api.w.org\/{rel}","templated":true}]}}