{"id":75701,"date":"2026-04-28T18:11:10","date_gmt":"2026-04-28T18:11:10","guid":{"rendered":"https:\/\/comandogeraldanoticia.com.br\/?p=75701"},"modified":"2026-04-28T18:11:10","modified_gmt":"2026-04-28T18:11:10","slug":"servidores-se-preparam-para-a-aposentadoria-em-evento-realizado-pelo-issm","status":"publish","type":"post","link":"https:\/\/comandogeraldanoticia.com.br\/index.php\/2026\/04\/28\/servidores-se-preparam-para-a-aposentadoria-em-evento-realizado-pelo-issm\/","title":{"rendered":"Servidores se preparam para a aposentadoria em evento realizado pelo ISSM"},"content":{"rendered":"\n<p>Servidores lotados em diferentes secretarias da Prefeitura de Cama\u00e7ari participaram, na tarde da \u00faltima segunda-feira (27), do Programa de Preparo para Aposentadoria 2026.1, realizado pelo Instituto de Seguridade do Servidor Municipal (ISSM).&nbsp;<\/p>\n\n\n\n<p>A diretora-superintendente da autarquia, Dulce Nazar\u00e9, deu as boas-vindas aos participantes e apresentou a estrutura e o funcionamento do Instituto, al\u00e9m de esclarecer diversas d\u00favidas. \u201cO objetivo do ISSM \u00e9 a guarda previdenci\u00e1ria do servidor. Para isso, trabalhamos com muita seriedade, transpar\u00eancia e t\u00e9cnica, tomando decis\u00f5es baseadas em nosso Planejamento Estrat\u00e9gico e visando atingir a nossa miss\u00e3o\u201d, pontuou.<\/p>\n\n\n\n<p>Em seguida, o analista previdenci\u00e1rio Felipe da Purifica\u00e7\u00e3o explicou a legisla\u00e7\u00e3o que regulamenta as regras de aposentadoria e pens\u00e3o por morte.&nbsp;<\/p>\n\n\n\n<p>A programa\u00e7\u00e3o seguiu com o gerente do Ita\u00fa, Alessandro Lemos, que falou sobre a import\u00e2ncia da educa\u00e7\u00e3o financeira. \u201cO programa Poupar para Render orienta sobre a tomada de melhores decis\u00f5es a partir dos pilares de uma sa\u00fade financeira, que s\u00e3o: controlar o or\u00e7amento, guardar dinheiro, usar bem o cr\u00e9dito e preparar o futuro\u201d, ressaltou. Ao fim da apresenta\u00e7\u00e3o, os participantes interessados puderam se cadastrar para uma consultoria financeira gratuita.&nbsp;<\/p>\n\n\n\n<p>A gestora de Pol\u00edticas P\u00fablicas Neide Filha encerrou a programa\u00e7\u00e3o trazendo reflex\u00f5es sobre qualidade de vida na aposentadoria e sobre como os servidores planejam utilizar o tempo livre ap\u00f3s se aposentarem. \u201cPara alguns, a aposentadoria pode ser o fim da carreira, mas tamb\u00e9m pode representar o come\u00e7o de uma nova vida, pois \u00e9 neste momento que se alcan\u00e7a uma maturidade com mais clareza sobre o que, de fato, nos faz mais felizes\u201d, pontuou. Ela destacou ainda que, para se ter qualidade de vida, \u00e9 necess\u00e1rio haver equil\u00edbrio nos dom\u00ednios biol\u00f3gico, cultural, psicol\u00f3gico e econ\u00f4mico.<\/p>\n\n\n\n<p>Entre os participantes do evento, a professora Roseli Concei\u00e7\u00e3o enfatizou a import\u00e2ncia do encontro. \u201cParticipei pela segunda vez e consegui tirar ainda mais d\u00favidas. J\u00e1 ultrapassei o tempo e agora vou me aposentar. Est\u00e1 tudo muito mais claro. Tenho planos de me dedicar ao pilates e cuidar mais da minha sa\u00fade\u201d, afirmou.<\/p>\n\n\n\n<p>O professor Jos\u00e9 Gilson Santos tamb\u00e9m avaliou positivamente a iniciativa. \u201cDepois dessa palestra, caiu a ficha de que j\u00e1 preencho os requisitos legais e estou preparado para esse momento. As palestras enriqueceram muito, criaram expectativas e j\u00e1 venho planejando, junto com minha fam\u00edlia, essa transi\u00e7\u00e3o de forma segura e confort\u00e1vel, mantendo minha sa\u00fade mental, financeira e f\u00edsica\u201d, ressaltou.<\/p>\n\n\n\n<p>Foto: Giovanna Reyner<\/p>\n","protected":false},"excerpt":{"rendered":"<p>Servidores lotados em diferentes secretarias da Prefeitura de Cama\u00e7ari participaram, na tarde da \u00faltima segunda-feira (27), do Programa de Preparo para Aposentadoria 2026.1, realizado pelo Instituto de Seguridade do Servidor Municipal (ISSM).&nbsp; A diretora-superintendente da autarquia, Dulce Nazar\u00e9, deu as boas-vindas aos participantes e apresentou a estrutura e o funcionamento do Instituto, al\u00e9m de esclarecer<\/p>\n","protected":false},"author":5,"featured_media":75702,"comment_status":"open","ping_status":"open","sticky":false,"template":"","format":"standard","meta":{"om_disable_all_campaigns":false,"_monsterinsights_skip_tracking":false,"_monsterinsights_sitenote_active":false,"_monsterinsights_sitenote_note":"","_monsterinsights_sitenote_category":0,"footnotes":""},"categories":[40],"tags":[],"class_list":{"0":"post-75701","1":"post","2":"type-post","3":"status-publish","4":"format-standard","5":"has-post-thumbnail","7":"category-camacari"},"_links":{"self":[{"href":"https:\/\/comandogeraldanoticia.com.br\/index.php\/wp-json\/wp\/v2\/posts\/75701","targetHints":{"allow":["GET"]}}],"collection":[{"href":"https:\/\/comandogeraldanoticia.com.br\/index.php\/wp-json\/wp\/v2\/posts"}],"about":[{"href":"https:\/\/comandogeraldanoticia.com.br\/index.php\/wp-json\/wp\/v2\/types\/post"}],"author":[{"embeddable":true,"href":"https:\/\/comandogeraldanoticia.com.br\/index.php\/wp-json\/wp\/v2\/users\/5"}],"replies":[{"embeddable":true,"href":"https:\/\/comandogeraldanoticia.com.br\/index.php\/wp-json\/wp\/v2\/comments?post=75701"}],"version-history":[{"count":2,"href":"https:\/\/comandogeraldanoticia.com.br\/index.php\/wp-json\/wp\/v2\/posts\/75701\/revisions"}],"predecessor-version":[{"id":75704,"href":"https:\/\/comandogeraldanoticia.com.br\/index.php\/wp-json\/wp\/v2\/posts\/75701\/revisions\/75704"}],"wp:featuredmedia":[{"embeddable":true,"href":"https:\/\/comandogeraldanoticia.com.br\/index.php\/wp-json\/wp\/v2\/media\/75702"}],"wp:attachment":[{"href":"https:\/\/comandogeraldanoticia.com.br\/index.php\/wp-json\/wp\/v2\/media?parent=75701"}],"wp:term":[{"taxonomy":"category","embeddable":true,"href":"https:\/\/comandogeraldanoticia.com.br\/index.php\/wp-json\/wp\/v2\/categories?post=75701"},{"taxonomy":"post_tag","embeddable":true,"href":"https:\/\/comandogeraldanoticia.com.br\/index.php\/wp-json\/wp\/v2\/tags?post=75701"}],"curies":[{"name":"wp","href":"https:\/\/api.w.org\/{rel}","templated":true}]}}