{"id":75698,"date":"2026-04-28T18:09:19","date_gmt":"2026-04-28T18:09:19","guid":{"rendered":"https:\/\/comandogeraldanoticia.com.br\/?p=75698"},"modified":"2026-04-28T18:09:20","modified_gmt":"2026-04-28T18:09:20","slug":"stt-revitaliza-sinalizacao-viaria-e-garante-mais-seguranca-no-transito","status":"publish","type":"post","link":"https:\/\/comandogeraldanoticia.com.br\/index.php\/2026\/04\/28\/stt-revitaliza-sinalizacao-viaria-e-garante-mais-seguranca-no-transito\/","title":{"rendered":"STT revitaliza sinaliza\u00e7\u00e3o vi\u00e1ria e garante mais seguran\u00e7a no tr\u00e2nsito"},"content":{"rendered":"\n<p>No compromisso com a seguran\u00e7a vi\u00e1ria, a fluidez do tr\u00e1fego e a prote\u00e7\u00e3o de todos os usu\u00e1rios, a Superintend\u00eancia de Tr\u00e2nsito e Transporte P\u00fablico de Cama\u00e7ari (STT) revitalizou a sinaliza\u00e7\u00e3o vi\u00e1ria e implantou dispositivos de seguran\u00e7a na Rotat\u00f3ria Micos e em vias adjacentes, bem como pictogramas de motocicleta destinados \u00e0 \u201cparada de moto\u201d.<\/p>\n\n\n\n<p>A revitaliza\u00e7\u00e3o contemplou a sinaliza\u00e7\u00e3o horizontal das ruas Boca da Capivara, Jos\u00e9 Anchieta e Medeiros Neto, todas localizadas no bairro Jardim Limoeiro. J\u00e1 o reordenamento do local conhecido como Rotat\u00f3ria Micos contou com o reavivamento completo da sinaliza\u00e7\u00e3o, com a implanta\u00e7\u00e3o de dispositivos de seguran\u00e7a \u2013 tach\u00f5es refletivos, que ampliam a visibilidade, especialmente no per\u00edodo noturno \u2013 contribuindo para a redu\u00e7\u00e3o de riscos e melhor orienta\u00e7\u00e3o dos condutores.<\/p>\n\n\n\n<p>A STT refor\u00e7a ainda, alguns cuidados que os condutores devem adotar: quem est\u00e1 na rotat\u00f3ria tem prioridade, portanto, respeite a sinaliza\u00e7\u00e3o de \u201cd\u00ea a prefer\u00eancia\u201d e siga as setas de direcionamento, j\u00e1 que transitar em contrafluxo na rotat\u00f3ria e passar sobre o zebrado s\u00e3o infra\u00e7\u00f5es, conforme os artigos 186 e 193 do C\u00f3digo de Tr\u00e2nsito Brasileiro (CTB), respectivamente.<\/p>\n\n\n\n<p>Os pictogramas de motocicleta, destinados \u00e0 \u201cparada de moto\u201d, foram implantados em cruzamentos semaforizados nos seguintes pontos: Justi\u00e7a do Trabalho, Correios, Grau T\u00e9cnico, Avenida Lu\u00eds Eduardo Magalh\u00e3es, Rodovi\u00e1ria, Pra\u00e7a Abrantes \/ Pra\u00e7a 1\u00ba de Maio, Farm\u00e1cia Globo e Avenida 28 de Setembro.<\/p>\n\n\n\n<p>Esses espa\u00e7os foram criados para organizar o posicionamento das motocicletas nos sem\u00e1foros, reduzindo conflitos com outros ve\u00edculos e aumentando a seguran\u00e7a de todos. A medida est\u00e1 amparada pelo CTB (Lei n\u00ba 9.503\/1997, arts. 24 e 90) e pelo Manual Brasileiro de Sinaliza\u00e7\u00e3o de Tr\u00e2nsito. O desrespeito \u00e0 sinaliza\u00e7\u00e3o, inclusive por ve\u00edculos que parem ou estacionem sobre a \u00e1rea demarcada, configura infra\u00e7\u00e3o (arts. 181 e 182 do CTB), sujeita \u00e0 multa e demais penalidades.<\/p>\n\n\n\n<p>Foto: Patrick Abreu<\/p>\n","protected":false},"excerpt":{"rendered":"<p>No compromisso com a seguran\u00e7a vi\u00e1ria, a fluidez do tr\u00e1fego e a prote\u00e7\u00e3o de todos os usu\u00e1rios, a Superintend\u00eancia de Tr\u00e2nsito e Transporte P\u00fablico de Cama\u00e7ari (STT) revitalizou a sinaliza\u00e7\u00e3o vi\u00e1ria e implantou dispositivos de seguran\u00e7a na Rotat\u00f3ria Micos e em vias adjacentes, bem como pictogramas de motocicleta destinados \u00e0 \u201cparada de moto\u201d. A revitaliza\u00e7\u00e3o<\/p>\n","protected":false},"author":5,"featured_media":75699,"comment_status":"open","ping_status":"open","sticky":false,"template":"","format":"standard","meta":{"om_disable_all_campaigns":false,"_monsterinsights_skip_tracking":false,"_monsterinsights_sitenote_active":false,"_monsterinsights_sitenote_note":"","_monsterinsights_sitenote_category":0,"footnotes":""},"categories":[40],"tags":[],"class_list":{"0":"post-75698","1":"post","2":"type-post","3":"status-publish","4":"format-standard","5":"has-post-thumbnail","7":"category-camacari"},"_links":{"self":[{"href":"https:\/\/comandogeraldanoticia.com.br\/index.php\/wp-json\/wp\/v2\/posts\/75698","targetHints":{"allow":["GET"]}}],"collection":[{"href":"https:\/\/comandogeraldanoticia.com.br\/index.php\/wp-json\/wp\/v2\/posts"}],"about":[{"href":"https:\/\/comandogeraldanoticia.com.br\/index.php\/wp-json\/wp\/v2\/types\/post"}],"author":[{"embeddable":true,"href":"https:\/\/comandogeraldanoticia.com.br\/index.php\/wp-json\/wp\/v2\/users\/5"}],"replies":[{"embeddable":true,"href":"https:\/\/comandogeraldanoticia.com.br\/index.php\/wp-json\/wp\/v2\/comments?post=75698"}],"version-history":[{"count":1,"href":"https:\/\/comandogeraldanoticia.com.br\/index.php\/wp-json\/wp\/v2\/posts\/75698\/revisions"}],"predecessor-version":[{"id":75700,"href":"https:\/\/comandogeraldanoticia.com.br\/index.php\/wp-json\/wp\/v2\/posts\/75698\/revisions\/75700"}],"wp:featuredmedia":[{"embeddable":true,"href":"https:\/\/comandogeraldanoticia.com.br\/index.php\/wp-json\/wp\/v2\/media\/75699"}],"wp:attachment":[{"href":"https:\/\/comandogeraldanoticia.com.br\/index.php\/wp-json\/wp\/v2\/media?parent=75698"}],"wp:term":[{"taxonomy":"category","embeddable":true,"href":"https:\/\/comandogeraldanoticia.com.br\/index.php\/wp-json\/wp\/v2\/categories?post=75698"},{"taxonomy":"post_tag","embeddable":true,"href":"https:\/\/comandogeraldanoticia.com.br\/index.php\/wp-json\/wp\/v2\/tags?post=75698"}],"curies":[{"name":"wp","href":"https:\/\/api.w.org\/{rel}","templated":true}]}}