{"id":75691,"date":"2026-04-28T17:08:17","date_gmt":"2026-04-28T17:08:17","guid":{"rendered":"https:\/\/comandogeraldanoticia.com.br\/?p=75691"},"modified":"2026-04-28T18:04:02","modified_gmt":"2026-04-28T18:04:02","slug":"praca-abrantes-recebe-evento-especial-em-comemoracao-ao-dia-mundial-da-danca","status":"publish","type":"post","link":"https:\/\/comandogeraldanoticia.com.br\/index.php\/2026\/04\/28\/praca-abrantes-recebe-evento-especial-em-comemoracao-ao-dia-mundial-da-danca\/","title":{"rendered":"Pra\u00e7a Abrantes recebe evento especial em comemora\u00e7\u00e3o ao Dia Mundial da Dan\u00e7a"},"content":{"rendered":"\n<p>A cidade de Cama\u00e7ari celebrar\u00e1 o Dia Mundial da Dan\u00e7a com um evento aberto ao p\u00fablico e para todas as idades, nesta quarta-feira (29), na Pra\u00e7a Abrantes. Das 14h \u00e0s 19h, a iniciativa vai reunir praticantes, professores e grupos de dan\u00e7a do munic\u00edpio em uma grande comemora\u00e7\u00e3o cultural ao ar livre.<\/p>\n\n\n\n<p>Com a proposta de incentivar a pr\u00e1tica da atividade f\u00edsica e valorizar a cultura local, o evento contar\u00e1 com aul\u00e3o gratuito e apresenta\u00e7\u00f5es de diversos estilos de dan\u00e7a. A iniciativa, que tamb\u00e9m refor\u00e7a a import\u00e2ncia da dan\u00e7a como ferramenta de bem-estar, express\u00e3o art\u00edstica e inclus\u00e3o social, busca promover integra\u00e7\u00e3o e oferecer uma op\u00e7\u00e3o de lazer acess\u00edvel para a popula\u00e7\u00e3o.<\/p>\n\n\n\n<p>Entre os destaques da programa\u00e7\u00e3o est\u00e3o os artistas Charles Arizona, Fl\u00e1via Lelis e Elis\u00e2ngela Santos, \u00c2ngela Cheirosa, Breno Sousa, Raimundo Bacelar, al\u00e9m de Luiz Ricardo e Robert Deniro.<\/p>\n\n\n\n<p>Foto: Patrick Abreu<\/p>\n","protected":false},"excerpt":{"rendered":"<p>A cidade de Cama\u00e7ari celebrar\u00e1 o Dia Mundial da Dan\u00e7a com um evento aberto ao p\u00fablico e para todas as idades, nesta quarta-feira (29), na Pra\u00e7a Abrantes. Das 14h \u00e0s 19h, a iniciativa vai reunir praticantes, professores e grupos de dan\u00e7a do munic\u00edpio em uma grande comemora\u00e7\u00e3o cultural ao ar livre. Com a proposta de<\/p>\n","protected":false},"author":5,"featured_media":75692,"comment_status":"open","ping_status":"open","sticky":false,"template":"","format":"standard","meta":{"om_disable_all_campaigns":false,"_monsterinsights_skip_tracking":false,"_monsterinsights_sitenote_active":false,"_monsterinsights_sitenote_note":"","_monsterinsights_sitenote_category":0,"footnotes":""},"categories":[40],"tags":[],"class_list":{"0":"post-75691","1":"post","2":"type-post","3":"status-publish","4":"format-standard","5":"has-post-thumbnail","7":"category-camacari"},"_links":{"self":[{"href":"https:\/\/comandogeraldanoticia.com.br\/index.php\/wp-json\/wp\/v2\/posts\/75691","targetHints":{"allow":["GET"]}}],"collection":[{"href":"https:\/\/comandogeraldanoticia.com.br\/index.php\/wp-json\/wp\/v2\/posts"}],"about":[{"href":"https:\/\/comandogeraldanoticia.com.br\/index.php\/wp-json\/wp\/v2\/types\/post"}],"author":[{"embeddable":true,"href":"https:\/\/comandogeraldanoticia.com.br\/index.php\/wp-json\/wp\/v2\/users\/5"}],"replies":[{"embeddable":true,"href":"https:\/\/comandogeraldanoticia.com.br\/index.php\/wp-json\/wp\/v2\/comments?post=75691"}],"version-history":[{"count":1,"href":"https:\/\/comandogeraldanoticia.com.br\/index.php\/wp-json\/wp\/v2\/posts\/75691\/revisions"}],"predecessor-version":[{"id":75693,"href":"https:\/\/comandogeraldanoticia.com.br\/index.php\/wp-json\/wp\/v2\/posts\/75691\/revisions\/75693"}],"wp:featuredmedia":[{"embeddable":true,"href":"https:\/\/comandogeraldanoticia.com.br\/index.php\/wp-json\/wp\/v2\/media\/75692"}],"wp:attachment":[{"href":"https:\/\/comandogeraldanoticia.com.br\/index.php\/wp-json\/wp\/v2\/media?parent=75691"}],"wp:term":[{"taxonomy":"category","embeddable":true,"href":"https:\/\/comandogeraldanoticia.com.br\/index.php\/wp-json\/wp\/v2\/categories?post=75691"},{"taxonomy":"post_tag","embeddable":true,"href":"https:\/\/comandogeraldanoticia.com.br\/index.php\/wp-json\/wp\/v2\/tags?post=75691"}],"curies":[{"name":"wp","href":"https:\/\/api.w.org\/{rel}","templated":true}]}}