{"id":75687,"date":"2026-04-28T17:03:50","date_gmt":"2026-04-28T17:03:50","guid":{"rendered":"https:\/\/comandogeraldanoticia.com.br\/?p=75687"},"modified":"2026-04-28T17:03:51","modified_gmt":"2026-04-28T17:03:51","slug":"governo-anuncia-bloqueio-de-27-plataformas-de-mercado-preditivo","status":"publish","type":"post","link":"https:\/\/comandogeraldanoticia.com.br\/index.php\/2026\/04\/28\/governo-anuncia-bloqueio-de-27-plataformas-de-mercado-preditivo\/","title":{"rendered":"Governo anuncia bloqueio de 27 plataformas de mercado preditivo"},"content":{"rendered":"\n<p>Foto: Washington Costa\/MF<\/p>\n\n\n\n<p>Plataformas online de predi\u00e7\u00e3o tiveram o bloqueio determinado&nbsp;nesta&nbsp;sexta-feira (24) pelo Minist\u00e9rio da Fazenda.&nbsp;<strong>Segundo o ministro, Dario Durigan,&nbsp;pelo menos 27 plataformas de mercado preditivo j\u00e1 foram tiradas do ar pela Ag\u00eancia Nacional de Telecomunica\u00e7\u00f5es (Anatel).<\/strong><img decoding=\"async\" src=\"https:\/\/agenciabrasil.ebc.com.br\/ebc.png?id=1687177&amp;o=node\"><img decoding=\"async\" src=\"https:\/\/agenciabrasil.ebc.com.br\/ebc.gif?id=1687177&amp;o=node\"><\/p>\n\n\n\n<p>Por meio desses servi\u00e7os online,&nbsp;usu\u00e1rios arriscam dinheiro em previs\u00f5es sobre entretenimento, temas pol\u00edticos, culturais ou sociais.&nbsp;<strong>Em coletiva de imprensa no Pal\u00e1cio do Planalto, o governo federal explicou que o servi\u00e7o n\u00e3o est\u00e1 previsto na legisla\u00e7\u00e3o e \u00e9 ilegal.<\/strong><\/p>\n\n\n\n<blockquote class=\"wp-block-quote is-layout-flow wp-block-quote-is-layout-flow\">\n<p>&#8220;A gente tem acompanhado a evolu\u00e7\u00e3o desse setor no Brasil, que sofreu um espa\u00e7o de anarquia, porque n\u00e3o teve regra, n\u00e3o teve nenhum acompanhamento, de 2018 a 2022&#8221;, afirmou o ministro da Fazenda.<\/p>\n<\/blockquote>\n\n\n\n<p>&#8220;De modo que a conclus\u00e3o \u00e0 que chega o Minist\u00e9rio da Fazenda, em conjunto com os demais minist\u00e9rios do governo do presidente Lula, \u00e9 que os mercados de predi\u00e7\u00e3o n\u00e3o s\u00e3o legais, n\u00e3o s\u00e3o regulares no Brasil&#8221;.<\/p>\n\n\n\n<p><a href=\"https:\/\/agenciabrasil.ebc.com.br\/economia\/noticia\/2026-04\/apostas-nao-financeiras-em-plataformas-de-previsoes-sao-proibidas\" target=\"_blank\" rel=\"noreferrer noopener\">A ordem de bloqueio foi feita com base em uma resolu\u00e7\u00e3o aprovada pelo Conselho Monet\u00e1rio Nacional (CMN)<\/a>, que busca fechar uma brecha regulat\u00f3ria e definir regras mais claras para esse tipo de atividade.<\/p>\n\n\n\n<p>Dario Durigan apontou que a decis\u00e3o cumpre o objetivo de proteger a poupan\u00e7a popular e evitar maior endividamento da popula\u00e7\u00e3o.<\/p>\n\n\n\n<p>&#8220;No momento em que a gente faz um esfor\u00e7o para diminuir o n\u00edvel de d\u00edvida das fam\u00edlias brasileiras, das pequenas empresas, dos agricultores rurais, dos estudantes, a gente tamb\u00e9m previne, a partir do an\u00fancio que o presidente vai fazer sobre o programa de endividamento, que as pessoas n\u00e3o tomem d\u00edvida nova, por exemplo, nesse tipo de mercado, que \u00e9 uma d\u00edvida ruim, que prejudica a esperan\u00e7a e a qualidade de vida das pessoas&#8221;.<br><br><\/p>\n\n\n\n<h2 class=\"wp-block-heading\">O que \u00e9 mercado preditivo?<\/h2>\n\n\n\n<p>O mercado preditivo funciona como uma esp\u00e9cie de &#8220;bolsa de apostas&#8221; sobre eventos futuros. Nele, as pessoas compram e vendem contratos financeiros baseados em perguntas simples como &#8220;Vai acontecer ou n\u00e3o?&#8221;.<\/p>\n\n\n\n<p>Se o evento acontecer, quem apostou ganha dinheiro. Se n\u00e3o acontecer, perde. Esses contratos s\u00e3o chamados de derivativos no jarg\u00e3o do mercado financeiro.<\/p>\n\n\n\n<p>&#8220;A gente n\u00e3o vai ter aqui previs\u00e3o de chuva, morte de uma determinada celebridade, como possibilidade de ser encarado como derivativo regular no Brasil&#8221;, exemplificou o ministro.<\/p>\n\n\n\n<p><strong>Segundo ele, a legisla\u00e7\u00e3o brasileira que regulamenta o mercado de apostas s\u00f3 permite a apostas em eventos esportivos reais e jogos online com regras definidas<\/strong>.<\/p>\n\n\n\n<p>Como essas plataformas de mercado preditivo n\u00e3o se adequavam \u00e0 lei sobre apostas online, elas operavam no mercado financeiro com a venda destes derivativos, sem lastro financeiro, e agora passam a ser proibidas, segundo a resolu\u00e7\u00e3o do CMN.<\/p>\n\n\n\n<p>&#8220;A medida tem como objetivo evitar a consolida\u00e7\u00e3o de um novo mercado de apostas, o chamado mercado de predi\u00e7\u00e3o, para evitar que ele se consolide sem controle. Do nosso ponto de vista, se isso acontecesse, provocaria riscos enormes para a popula\u00e7\u00e3o brasileira&#8221;, destacou a ministra chefe da Casa Civil, Miriam Belchior.<\/p>\n\n\n\n<h2 class=\"wp-block-heading\">Confira a lista de plataformas de mercado preditivo bloqueadas<\/h2>\n\n\n\n<figure class=\"wp-block-image\"><img decoding=\"async\" src=\"https:\/\/imagens.ebc.com.br\/-y2jn3L0Agfj4dWF0Cn3xmWc390=\/754x0\/smart\/https:\/\/agenciabrasil.ebc.com.br\/sites\/default\/files\/thumbnails\/image\/2026\/04\/24\/59e1518f-7ed4-43cf-8842-7fe0ee6a8658.jpg?itok=jtp0OZ4x\" alt=\"Bras\u00edlia (DF), 24\/04\/2026 - Governo anuncia bloqueio de plataformas de mercado preditivo. Regulamento fecha o cerco contra nova modalidade de apostas ilegais. Foto: Governo Federal\/Divulga\u00e7\u00e3o\" title=\"Governo Federal\/Divulga\u00e7\u00e3o\"\/><\/figure>\n\n\n\n<h6 class=\"wp-block-heading\">Governo anuncia bloqueio de plataformas de mercado preditivo. Regulamento fecha o cerco contra nova modalidade de apostas ilegais.&nbsp;<strong>Governo Federal\/Divulga\u00e7\u00e3o<\/strong><\/h6>\n","protected":false},"excerpt":{"rendered":"<p>Foto: Washington Costa\/MF Plataformas online de predi\u00e7\u00e3o tiveram o bloqueio determinado&nbsp;nesta&nbsp;sexta-feira (24) pelo Minist\u00e9rio da Fazenda.&nbsp;Segundo o ministro, Dario Durigan,&nbsp;pelo menos 27 plataformas de mercado preditivo j\u00e1 foram tiradas do ar pela Ag\u00eancia Nacional de Telecomunica\u00e7\u00f5es (Anatel). Por meio desses servi\u00e7os online,&nbsp;usu\u00e1rios arriscam dinheiro em previs\u00f5es sobre entretenimento, temas pol\u00edticos, culturais ou sociais.&nbsp;Em coletiva de<\/p>\n","protected":false},"author":5,"featured_media":75688,"comment_status":"open","ping_status":"open","sticky":false,"template":"","format":"standard","meta":{"om_disable_all_campaigns":false,"_monsterinsights_skip_tracking":false,"_monsterinsights_sitenote_active":false,"_monsterinsights_sitenote_note":"","_monsterinsights_sitenote_category":0,"footnotes":""},"categories":[71],"tags":[],"class_list":{"0":"post-75687","1":"post","2":"type-post","3":"status-publish","4":"format-standard","5":"has-post-thumbnail","7":"category-politica"},"_links":{"self":[{"href":"https:\/\/comandogeraldanoticia.com.br\/index.php\/wp-json\/wp\/v2\/posts\/75687","targetHints":{"allow":["GET"]}}],"collection":[{"href":"https:\/\/comandogeraldanoticia.com.br\/index.php\/wp-json\/wp\/v2\/posts"}],"about":[{"href":"https:\/\/comandogeraldanoticia.com.br\/index.php\/wp-json\/wp\/v2\/types\/post"}],"author":[{"embeddable":true,"href":"https:\/\/comandogeraldanoticia.com.br\/index.php\/wp-json\/wp\/v2\/users\/5"}],"replies":[{"embeddable":true,"href":"https:\/\/comandogeraldanoticia.com.br\/index.php\/wp-json\/wp\/v2\/comments?post=75687"}],"version-history":[{"count":1,"href":"https:\/\/comandogeraldanoticia.com.br\/index.php\/wp-json\/wp\/v2\/posts\/75687\/revisions"}],"predecessor-version":[{"id":75689,"href":"https:\/\/comandogeraldanoticia.com.br\/index.php\/wp-json\/wp\/v2\/posts\/75687\/revisions\/75689"}],"wp:featuredmedia":[{"embeddable":true,"href":"https:\/\/comandogeraldanoticia.com.br\/index.php\/wp-json\/wp\/v2\/media\/75688"}],"wp:attachment":[{"href":"https:\/\/comandogeraldanoticia.com.br\/index.php\/wp-json\/wp\/v2\/media?parent=75687"}],"wp:term":[{"taxonomy":"category","embeddable":true,"href":"https:\/\/comandogeraldanoticia.com.br\/index.php\/wp-json\/wp\/v2\/categories?post=75687"},{"taxonomy":"post_tag","embeddable":true,"href":"https:\/\/comandogeraldanoticia.com.br\/index.php\/wp-json\/wp\/v2\/tags?post=75687"}],"curies":[{"name":"wp","href":"https:\/\/api.w.org\/{rel}","templated":true}]}}