{"id":75665,"date":"2026-04-28T01:16:18","date_gmt":"2026-04-28T01:16:18","guid":{"rendered":"https:\/\/comandogeraldanoticia.com.br\/?p=75665"},"modified":"2026-04-28T01:16:19","modified_gmt":"2026-04-28T01:16:19","slug":"cartao-conecta-camacari-facilita-mobilidade-e-permite-viagens-com-passagem-unica","status":"publish","type":"post","link":"https:\/\/comandogeraldanoticia.com.br\/index.php\/2026\/04\/28\/cartao-conecta-camacari-facilita-mobilidade-e-permite-viagens-com-passagem-unica\/","title":{"rendered":"Cart\u00e3o Conecta Cama\u00e7ari facilita mobilidade e permite viagens com passagem \u00fanica"},"content":{"rendered":"\n<p>O sistema de bilhetagem eletr\u00f4nica do transporte p\u00fablico de Cama\u00e7ari atingiu a marca de 16.805 cart\u00f5es ativos desde o in\u00edcio da opera\u00e7\u00e3o emergencial dos \u00f4nibus municipais, em junho de 2025. Ao longo de 10 meses, foram emitidos 17.745 cart\u00f5es, sendo quase 2,8 mil cart\u00f5es somente em 2026.<\/p>\n\n\n\n<p>Todo usu\u00e1rio que possui o Cart\u00e3o Conecta tem a vantagem de pagar uma \u00fanica passagem se seu deslocamento acontecer dentro da sede, no per\u00edodo de duas horas, e de tr\u00eas horas entre a orla e a sede. Isso permite aos passageiros fazerem mais de uma viagem em diferentes \u00f4nibus dentro deste tempo limite. Al\u00e9m disso, o usu\u00e1rio tem mais seguran\u00e7a e conforto ao n\u00e3o ter que usar dinheiro em esp\u00e9cie para pagar a passagem.<\/p>\n\n\n\n<p>Para fazer a recarga de cr\u00e9ditos do cart\u00e3o de transporte, o sistema permite a opera\u00e7\u00e3o por celulares, atrav\u00e9s do aplicativo Kim, dispon\u00edvel para dispositivos Android e iOS. Por meio do app, ainda \u00e9 poss\u00edvel consultar o saldo dispon\u00edvel, entre outros recursos. Tamb\u00e9m h\u00e1 a op\u00e7\u00e3o de fazer a recarga pessoalmente, na sede do Conecta Cama\u00e7ari.<\/p>\n\n\n\n<p>A sede do Conecta Cama\u00e7ari, administrada pela Superintend\u00eancia de Tr\u00e2nsito e Transporte P\u00fablico (STT), agora est\u00e1 em novo endere\u00e7o, no t\u00e9rreo do edif\u00edcio Jacu\u00edpe Prime, localizado na Rua do Contorno do Centro Administrativo, n\u00ba 6, bairro Dois de Julho, pr\u00f3ximo \u00e0 Prefeitura. O atendimento \u00e9 de segunda a sexta-feira, das 7h30 \u00e0s 16h30, sem intervalo para almo\u00e7o.<\/p>\n\n\n\n<p>Conforme dados da STT, a maior parte dos cart\u00f5es ativos em Cama\u00e7ari atende a idosos e a pessoas com defici\u00eancia (PcD). Atualmente, s\u00e3o 9.652 usu\u00e1rios entre os 16.805 que circulam no munic\u00edpio. A popula\u00e7\u00e3o em geral (cart\u00f5es avulsos, identificados e vale-transporte) corresponde a 3.645 cart\u00f5es ativos no sistema, enquanto, entre os estudantes, s\u00e3o 3.508.<\/p>\n\n\n\n<p>Como documenta\u00e7\u00e3o para fazer o cart\u00e3o gratuito, idosos (pessoas com 65 anos ou mais) devem levar RG ou Carteira Nacional de Habilita\u00e7\u00e3o (CNH), onde conste o CPF. Pessoas com defici\u00eancia (PcD) que desejam solicitar a primeira via devem procurar o Centro de Refer\u00eancia de Assist\u00eancia Social (CRAS) do bairro de refer\u00eancia, apresentando laudo m\u00e9dico com o c\u00f3digo da Classifica\u00e7\u00e3o Internacional de Doen\u00e7as (CID) da defici\u00eancia, RG, CPF e comprovante de resid\u00eancia. O cadastro ser\u00e1 validado na Ger\u00eancia de Servi\u00e7os \u00e0 Pessoa com Defici\u00eancia (Gedef) da Secretaria de Desenvolvimento Social e Cidadania de Cama\u00e7ari (Sedes).<\/p>\n\n\n\n<p>Estudantes precisam apresentar um documento oficial com foto, como RG ou CNH, onde conste o CPF, acompanhado do comprovante de matr\u00edcula. Menores precisam estar acompanhados por um respons\u00e1vel legal. Para garantir o benef\u00edcio \u00e9 preciso ser morador de Cama\u00e7ari e estar regularmente matriculado em uma institui\u00e7\u00e3o de ensino. J\u00e1 para a emiss\u00e3o dos cart\u00f5es de passagem avulsos, basta apresentar o RG e CPF na sede do Conecta Cama\u00e7ari.<\/p>\n\n\n\n<p>Para todos os tipos de cart\u00e3o, em caso de perda, o valor para emiss\u00e3o da 2\u00aa via \u00e9 de R$ 15.<\/p>\n\n\n\n<p>Foto: Patrick Abreu<\/p>\n","protected":false},"excerpt":{"rendered":"<p>O sistema de bilhetagem eletr\u00f4nica do transporte p\u00fablico de Cama\u00e7ari atingiu a marca de 16.805 cart\u00f5es ativos desde o in\u00edcio da opera\u00e7\u00e3o emergencial dos \u00f4nibus municipais, em junho de 2025. Ao longo de 10 meses, foram emitidos 17.745 cart\u00f5es, sendo quase 2,8 mil cart\u00f5es somente em 2026. Todo usu\u00e1rio que possui o Cart\u00e3o Conecta tem<\/p>\n","protected":false},"author":5,"featured_media":75666,"comment_status":"open","ping_status":"open","sticky":false,"template":"","format":"standard","meta":{"om_disable_all_campaigns":false,"_monsterinsights_skip_tracking":false,"_monsterinsights_sitenote_active":false,"_monsterinsights_sitenote_note":"","_monsterinsights_sitenote_category":0,"footnotes":""},"categories":[44],"tags":[],"class_list":{"0":"post-75665","1":"post","2":"type-post","3":"status-publish","4":"format-standard","5":"has-post-thumbnail","7":"category-example-6"},"_links":{"self":[{"href":"https:\/\/comandogeraldanoticia.com.br\/index.php\/wp-json\/wp\/v2\/posts\/75665","targetHints":{"allow":["GET"]}}],"collection":[{"href":"https:\/\/comandogeraldanoticia.com.br\/index.php\/wp-json\/wp\/v2\/posts"}],"about":[{"href":"https:\/\/comandogeraldanoticia.com.br\/index.php\/wp-json\/wp\/v2\/types\/post"}],"author":[{"embeddable":true,"href":"https:\/\/comandogeraldanoticia.com.br\/index.php\/wp-json\/wp\/v2\/users\/5"}],"replies":[{"embeddable":true,"href":"https:\/\/comandogeraldanoticia.com.br\/index.php\/wp-json\/wp\/v2\/comments?post=75665"}],"version-history":[{"count":2,"href":"https:\/\/comandogeraldanoticia.com.br\/index.php\/wp-json\/wp\/v2\/posts\/75665\/revisions"}],"predecessor-version":[{"id":75668,"href":"https:\/\/comandogeraldanoticia.com.br\/index.php\/wp-json\/wp\/v2\/posts\/75665\/revisions\/75668"}],"wp:featuredmedia":[{"embeddable":true,"href":"https:\/\/comandogeraldanoticia.com.br\/index.php\/wp-json\/wp\/v2\/media\/75666"}],"wp:attachment":[{"href":"https:\/\/comandogeraldanoticia.com.br\/index.php\/wp-json\/wp\/v2\/media?parent=75665"}],"wp:term":[{"taxonomy":"category","embeddable":true,"href":"https:\/\/comandogeraldanoticia.com.br\/index.php\/wp-json\/wp\/v2\/categories?post=75665"},{"taxonomy":"post_tag","embeddable":true,"href":"https:\/\/comandogeraldanoticia.com.br\/index.php\/wp-json\/wp\/v2\/tags?post=75665"}],"curies":[{"name":"wp","href":"https:\/\/api.w.org\/{rel}","templated":true}]}}