{"id":75662,"date":"2026-04-28T01:12:14","date_gmt":"2026-04-28T01:12:14","guid":{"rendered":"https:\/\/comandogeraldanoticia.com.br\/?p=75662"},"modified":"2026-04-28T01:12:15","modified_gmt":"2026-04-28T01:12:15","slug":"audiencia-publica-da-ldo-2027-acontecera-em-maio","status":"publish","type":"post","link":"https:\/\/comandogeraldanoticia.com.br\/index.php\/2026\/04\/28\/audiencia-publica-da-ldo-2027-acontecera-em-maio\/","title":{"rendered":"Audi\u00eancia p\u00fablica da LDO 2027 acontecer\u00e1 em maio"},"content":{"rendered":"\n<p>No dia 5 de maio, \u00e0s 8h30, a Prefeitura de Cama\u00e7ari realiza a audi\u00eancia p\u00fablica da Lei de Diretrizes Or\u00e7ament\u00e1rias (LDO) de 2027, no audit\u00f3rio da Secretaria de Governo (Segov). A iniciativa visa garantir a participa\u00e7\u00e3o popular na elabora\u00e7\u00e3o do projeto.<\/p>\n\n\n\n<p>O chamamento foi publicado atrav\u00e9s de edital, que consta na edi\u00e7\u00e3o n\u00ba 2852 do Di\u00e1rio Oficial do Munic\u00edpio (DOM), de 22 de abril, dispon\u00edvel aqui [<a href=\"https:\/\/www.camacari.ba.gov.br\/wp-content\/uploads\/2026\/04\/diario-2852.certificado.pdf\" target=\"_blank\" rel=\"noreferrer noopener\">https:\/\/www.camacari.ba.gov.br\/wp-content\/uploads\/2026\/04\/diario-2852.certificado.pdf<\/a>]. A atividade considera que o exerc\u00edcio da cidadania \u00e9 direito e dever de todo mun\u00edcipe, e a participa\u00e7\u00e3o da comunidade \u00e9 muito importante neste processo de defini\u00e7\u00e3o do planejamento de a\u00e7\u00f5es a serem executadas no munic\u00edpio.<\/p>\n\n\n\n<p>A medida atende ao que est\u00e1 disposto no par\u00e1grafo \u00fanico do artigo 48 da Lei Complementar n\u00ba 101, de 4 de maio de 2000, que prev\u00ea a participa\u00e7\u00e3o popular na elabora\u00e7\u00e3o das propostas de Planejamento do Governo. E atende ainda ao artigo 44 da Lei Federal n\u00ba 10.257\/2001 (Estatuto das Cidades), de 10 de julho de 2001, que prev\u00ea a gest\u00e3o participativa em debates, audi\u00eancias e consultas p\u00fablicas sobre as propostas de Planejamento Governamental, como condi\u00e7\u00e3o obrigat\u00f3ria para sua aprova\u00e7\u00e3o pela C\u00e2mara Municipal.<\/p>\n\n\n\n<p>De car\u00e1ter operacional e atualizada a cada 12 meses, a LDO indica as prioridades or\u00e7ament\u00e1rias de governo para o pr\u00f3ximo exerc\u00edcio, com as previs\u00f5es de receitas e gastos.<\/p>\n\n\n\n<p>Foto: Rafael K\u00fcster<\/p>\n","protected":false},"excerpt":{"rendered":"<p>No dia 5 de maio, \u00e0s 8h30, a Prefeitura de Cama\u00e7ari realiza a audi\u00eancia p\u00fablica da Lei de Diretrizes Or\u00e7ament\u00e1rias (LDO) de 2027, no audit\u00f3rio da Secretaria de Governo (Segov). A iniciativa visa garantir a participa\u00e7\u00e3o popular na elabora\u00e7\u00e3o do projeto. O chamamento foi publicado atrav\u00e9s de edital, que consta na edi\u00e7\u00e3o n\u00ba 2852 do<\/p>\n","protected":false},"author":5,"featured_media":75663,"comment_status":"open","ping_status":"open","sticky":false,"template":"","format":"standard","meta":{"om_disable_all_campaigns":false,"_monsterinsights_skip_tracking":false,"_monsterinsights_sitenote_active":false,"_monsterinsights_sitenote_note":"","_monsterinsights_sitenote_category":0,"footnotes":""},"categories":[40],"tags":[],"class_list":{"0":"post-75662","1":"post","2":"type-post","3":"status-publish","4":"format-standard","5":"has-post-thumbnail","7":"category-camacari"},"_links":{"self":[{"href":"https:\/\/comandogeraldanoticia.com.br\/index.php\/wp-json\/wp\/v2\/posts\/75662","targetHints":{"allow":["GET"]}}],"collection":[{"href":"https:\/\/comandogeraldanoticia.com.br\/index.php\/wp-json\/wp\/v2\/posts"}],"about":[{"href":"https:\/\/comandogeraldanoticia.com.br\/index.php\/wp-json\/wp\/v2\/types\/post"}],"author":[{"embeddable":true,"href":"https:\/\/comandogeraldanoticia.com.br\/index.php\/wp-json\/wp\/v2\/users\/5"}],"replies":[{"embeddable":true,"href":"https:\/\/comandogeraldanoticia.com.br\/index.php\/wp-json\/wp\/v2\/comments?post=75662"}],"version-history":[{"count":1,"href":"https:\/\/comandogeraldanoticia.com.br\/index.php\/wp-json\/wp\/v2\/posts\/75662\/revisions"}],"predecessor-version":[{"id":75664,"href":"https:\/\/comandogeraldanoticia.com.br\/index.php\/wp-json\/wp\/v2\/posts\/75662\/revisions\/75664"}],"wp:featuredmedia":[{"embeddable":true,"href":"https:\/\/comandogeraldanoticia.com.br\/index.php\/wp-json\/wp\/v2\/media\/75663"}],"wp:attachment":[{"href":"https:\/\/comandogeraldanoticia.com.br\/index.php\/wp-json\/wp\/v2\/media?parent=75662"}],"wp:term":[{"taxonomy":"category","embeddable":true,"href":"https:\/\/comandogeraldanoticia.com.br\/index.php\/wp-json\/wp\/v2\/categories?post=75662"},{"taxonomy":"post_tag","embeddable":true,"href":"https:\/\/comandogeraldanoticia.com.br\/index.php\/wp-json\/wp\/v2\/tags?post=75662"}],"curies":[{"name":"wp","href":"https:\/\/api.w.org\/{rel}","templated":true}]}}