{"id":75658,"date":"2026-04-27T00:27:01","date_gmt":"2026-04-27T00:27:01","guid":{"rendered":"https:\/\/comandogeraldanoticia.com.br\/?p=75658"},"modified":"2026-04-27T00:27:02","modified_gmt":"2026-04-27T00:27:02","slug":"bahia-apresenta-nova-rota-para-organizar-o-cuidado-especializado-no-sus","status":"publish","type":"post","link":"https:\/\/comandogeraldanoticia.com.br\/index.php\/2026\/04\/27\/bahia-apresenta-nova-rota-para-organizar-o-cuidado-especializado-no-sus\/","title":{"rendered":"Bahia apresenta nova rota para organizar o cuidado especializado no SUS"},"content":{"rendered":"\n<p>Como fazer a aten\u00e7\u00e3o especializada chegar mais r\u00e1pido, mais perto e de forma mais organizada \u00e0 popula\u00e7\u00e3o? Essa foi a pergunta que guiou a abertura do 12\u00ba Congresso Cosems Bahia, neste domingo (26), no Centro de Conven\u00e7\u00f5es de Salvador. Em confer\u00eancia para gestores municipais, representantes do Minist\u00e9rio da Sa\u00fade, cons\u00f3rcios p\u00fablicos e trabalhadores da sa\u00fade, a secret\u00e1ria estadual da Sa\u00fade, Roberta Santana, apresentou a estrat\u00e9gia baiana para enfrentar a demanda reprimida e deixou claro que o problema n\u00e3o se restringe a uma fila.<\/p>\n\n\n\n<p>Com o tema \u201cO novo paradigma da Aten\u00e7\u00e3o Especializada na Bahia: da fila ao cuidado integral\u201d, a titular da pasta estadual da Sa\u00fade argumentou que a solu\u00e7\u00e3o exige uma rede capaz de conectar aten\u00e7\u00e3o prim\u00e1ria, diagn\u00f3stico, consulta, cirurgia, transporte e acompanhamento. A demanda reprimida, disse ela, come\u00e7a antes mesmo de qualquer lista de espera, quando a doen\u00e7a n\u00e3o \u00e9 acompanhada no tempo certo, o exame demora ou o encaminhamento chega sem integra\u00e7\u00e3o com os demais pontos da rede.<\/p>\n\n\n\n<p>\u201cA demanda reprimida n\u00e3o pode ser tratada apenas como um n\u00famero acumulado. Ela revela um percurso assistencial que precisa estar melhor organizado. O desafio \u00e9 fazer com que o paciente deixe de peregrinar pelos servi\u00e7os e passe a ser acompanhado pelo SUS, com refer\u00eancia, contrarrefer\u00eancia, dignidade e continuidade do cuidado\u201d, afirmou a secret\u00e1ria.<\/p>\n\n\n\n<p>Para sustentar o argumento, Roberta apresentou os n\u00fameros da expans\u00e3o da assist\u00eancia \u00e0 sa\u00fade no estado: entre 2023 e 2026, a Bahia aplicou R$ 39,02 bilh\u00f5es em sa\u00fade, entregou 13 novos hospitais, abriu mais de 5.500 leitos e colocou 26 policl\u00ednicas regionais em funcionamento. Juntas, as unidades j\u00e1 somam 9,7 milh\u00f5es de atendimentos, alcan\u00e7am 416 munic\u00edpios consorciados e cobrem 80,86% da popula\u00e7\u00e3o baiana. Outras sete policl\u00ednicas est\u00e3o em diferentes fases de implanta\u00e7\u00e3o, em Cama\u00e7ari, Remanso, Itapetinga, Ipir\u00e1, Seabra, Ibotirama e Feira de Santana.<\/p>\n\n\n\n<p>A essa estrutura, o programa Agora Tem Especialistas acrescenta R$ 100 milh\u00f5es para intensificar a oferta, com amplia\u00e7\u00e3o de hor\u00e1rio e funcionamento nos finais de semana. No campo cir\u00fargico, a Bahia chegou a 720 mil procedimentos eletivos realizados em 124 unidades credenciadas, combinando rede pr\u00f3pria, conveniadas e interioriza\u00e7\u00e3o da oferta.<\/p>\n\n\n\n<p>A apresenta\u00e7\u00e3o tamb\u00e9m registrou R$ 586 milh\u00f5es anuais em cofinanciamentos, 1 milh\u00e3o de atendimentos em 184 feiras de sa\u00fade, 529 mil mamografias de rastreio e 476 mil atendimentos de sa\u00fade bucal nas escolas. Em oncologia, quatro novas Unacons foram criadas e tr\u00eas ampliadas, com 14 aceleradores lineares em opera\u00e7\u00e3o e proje\u00e7\u00e3o de chegar a 25 at\u00e9 o fim de 2026. Na cardiologia, s\u00e3o 11 hemodin\u00e2micas ativas e sete novas em implanta\u00e7\u00e3o. Na sa\u00fade digital, R$ 200 milh\u00f5es investidos resultaram no primeiro prontu\u00e1rio eletr\u00f4nico integrado do pa\u00eds, j\u00e1 implantado em 38 unidades, com 260 milh\u00f5es de dados reunidos na Rede Estadual e 381 pain\u00e9is de BI em funcionamento.<\/p>\n\n\n\n<p>O congresso re\u00fane cerca de 1.500 participantes e recebeu inscri\u00e7\u00f5es de 563 experi\u00eancias exitosas. Para a presidente do Cosems Bahia, Stela Souza, o evento cumpre um papel insubstitu\u00edvel ao aproximar quem planeja, financia, executa e responde diretamente \u00e0 popula\u00e7\u00e3o. \u201cO SUS acontece no territ\u00f3rio, na unidade b\u00e1sica, na busca ativa, na escuta da popula\u00e7\u00e3o e no trabalho di\u00e1rio das equipes municipais. A aten\u00e7\u00e3o especializada s\u00f3 avan\u00e7a quando a aten\u00e7\u00e3o prim\u00e1ria est\u00e1 fortalecida e quando Estado, munic\u00edpios e Uni\u00e3o atuam de forma integrada\u201d, disse ela.<\/p>\n\n\n\n<p>Representando o Minist\u00e9rio da Sa\u00fade, o secret\u00e1rio de Aten\u00e7\u00e3o Especializada \u00e0 Sa\u00fade (Saes) Mozart Sales refor\u00e7ou que a agenda exige coopera\u00e7\u00e3o federativa e melhor aproveitamento da capacidade instalada na rede p\u00fablica, filantr\u00f3pica e privada contratualizada. \u201cA Bahia tem papel importante nessa agenda porque combina expans\u00e3o de servi\u00e7os, planejamento regional e pactua\u00e7\u00e3o com os munic\u00edpios\u201d, declarou.<\/p>\n\n\n\n<p>Roberta Santana encerrou a confer\u00eancia com uma s\u00edntese que resumiu o argumento central do evento. \u201cEstado sozinho n\u00e3o resolve. Munic\u00edpio sozinho tamb\u00e9m n\u00e3o. O Minist\u00e9rio da Sa\u00fade sozinho n\u00e3o alcan\u00e7a o territ\u00f3rio. Quando as tr\u00eas esferas trabalham juntas, com responsabilidade, dados, financiamento e compromisso, a vida das pessoas muda\u201d, concluiu.<\/p>\n\n\n\n<p>Fotos: Jamile Amine \/ Sa\u00fade GovBA<\/p>\n","protected":false},"excerpt":{"rendered":"<p>Como fazer a aten\u00e7\u00e3o especializada chegar mais r\u00e1pido, mais perto e de forma mais organizada \u00e0 popula\u00e7\u00e3o? Essa foi a pergunta que guiou a abertura do 12\u00ba Congresso Cosems Bahia, neste domingo (26), no Centro de Conven\u00e7\u00f5es de Salvador. Em confer\u00eancia para gestores municipais, representantes do Minist\u00e9rio da Sa\u00fade, cons\u00f3rcios p\u00fablicos e trabalhadores da sa\u00fade,<\/p>\n","protected":false},"author":5,"featured_media":75659,"comment_status":"open","ping_status":"open","sticky":false,"template":"","format":"standard","meta":{"om_disable_all_campaigns":false,"_monsterinsights_skip_tracking":false,"_monsterinsights_sitenote_active":false,"_monsterinsights_sitenote_note":"","_monsterinsights_sitenote_category":0,"footnotes":""},"categories":[118],"tags":[],"class_list":{"0":"post-75658","1":"post","2":"type-post","3":"status-publish","4":"format-standard","5":"has-post-thumbnail","7":"category-bahia"},"_links":{"self":[{"href":"https:\/\/comandogeraldanoticia.com.br\/index.php\/wp-json\/wp\/v2\/posts\/75658","targetHints":{"allow":["GET"]}}],"collection":[{"href":"https:\/\/comandogeraldanoticia.com.br\/index.php\/wp-json\/wp\/v2\/posts"}],"about":[{"href":"https:\/\/comandogeraldanoticia.com.br\/index.php\/wp-json\/wp\/v2\/types\/post"}],"author":[{"embeddable":true,"href":"https:\/\/comandogeraldanoticia.com.br\/index.php\/wp-json\/wp\/v2\/users\/5"}],"replies":[{"embeddable":true,"href":"https:\/\/comandogeraldanoticia.com.br\/index.php\/wp-json\/wp\/v2\/comments?post=75658"}],"version-history":[{"count":2,"href":"https:\/\/comandogeraldanoticia.com.br\/index.php\/wp-json\/wp\/v2\/posts\/75658\/revisions"}],"predecessor-version":[{"id":75661,"href":"https:\/\/comandogeraldanoticia.com.br\/index.php\/wp-json\/wp\/v2\/posts\/75658\/revisions\/75661"}],"wp:featuredmedia":[{"embeddable":true,"href":"https:\/\/comandogeraldanoticia.com.br\/index.php\/wp-json\/wp\/v2\/media\/75659"}],"wp:attachment":[{"href":"https:\/\/comandogeraldanoticia.com.br\/index.php\/wp-json\/wp\/v2\/media?parent=75658"}],"wp:term":[{"taxonomy":"category","embeddable":true,"href":"https:\/\/comandogeraldanoticia.com.br\/index.php\/wp-json\/wp\/v2\/categories?post=75658"},{"taxonomy":"post_tag","embeddable":true,"href":"https:\/\/comandogeraldanoticia.com.br\/index.php\/wp-json\/wp\/v2\/tags?post=75658"}],"curies":[{"name":"wp","href":"https:\/\/api.w.org\/{rel}","templated":true}]}}