{"id":75651,"date":"2026-04-27T00:18:42","date_gmt":"2026-04-27T00:18:42","guid":{"rendered":"https:\/\/comandogeraldanoticia.com.br\/?p=75651"},"modified":"2026-04-27T00:18:50","modified_gmt":"2026-04-27T00:18:50","slug":"governo-do-estado-entrega-colegio-de-tempo-integral-em-mascote-com-investimento-de-r-131-milhoes","status":"publish","type":"post","link":"https:\/\/comandogeraldanoticia.com.br\/index.php\/2026\/04\/27\/governo-do-estado-entrega-colegio-de-tempo-integral-em-mascote-com-investimento-de-r-131-milhoes\/","title":{"rendered":"Governo do Estado entrega col\u00e9gio de tempo integral em Mascote com investimento de R$ 13,1 milh\u00f5es"},"content":{"rendered":"\n<p>Foto: Wuiga Rubini\/GOVBA<\/p>\n\n\n\n<p>O munic\u00edpio de Mascote recebeu, neste s\u00e1bado (25), um novo col\u00e9gio de tempo integral no distrito de S\u00e3o Jo\u00e3o do Para\u00edso, com investimento de R$ 13,1 milh\u00f5es do Governo do Estado. A entrega foi realizada pelo governador Jer\u00f4nimo Rodrigues. O Governo do Estado tamb\u00e9m entregou um \u00f4nibus escolar rural, ve\u00edculos para a sa\u00fade e um trator, al\u00e9m de implantar o programa Conecta Bahia, no munic\u00edpio.<\/p>\n\n\n\n<p>A nova sede do Col\u00e9gio Estadual de Tempo Integral Professora Marilena Sena Loureiro conta com 10 salas de aula, laborat\u00f3rios, biblioteca, teatro, restaurante estudantil com capacidade para 200 alunos, quadra poliesportiva coberta e campo society. A unidade passa a atender 452 estudantes, ampliando a oferta de ensino em tempo integral na regi\u00e3o.<\/p>\n\n\n\n<p>&#8220;\u00c9 uma alegria muito grande. Hoje, em S\u00e3o Jo\u00e3o do Para\u00edso, inauguramos uma unidade moderna e completa, preparada para oferecer mais oportunidades, mais aprendizagem e um futuro melhor para a nossa juventude&#8221;, destacou o governador.<\/p>\n\n\n\n<p>Para a superintendente de Educa\u00e7\u00e3o B\u00e1sica da Secretaria da Educa\u00e7\u00e3o (SEC), Helaine Souza, a entrega fortalece a perman\u00eancia dos estudantes na escola. &#8220;A entrega desta escola de tempo integral garante mais aprendizagem, perman\u00eancia com qualidade e seguran\u00e7a alimentar para os estudantes. \u00c9 uma conquista que fortalece a educa\u00e7\u00e3o e impulsiona o desenvolvimento do munic\u00edpio&#8221;, afirmou.<\/p>\n\n\n\n<p>Entre os estudantes, a nova estrutura j\u00e1 reflete no incentivo aos estudos. Aluna do 2\u00ba ano, Brenda Nascimento, de 16 anos, pretende cursar medicina veterin\u00e1ria e v\u00ea na nova escola um passo importante para alcan\u00e7ar seu objetivo. &#8220;Aqui, a gente se sente mais motivado a estudar e a sonhar com o futuro. \u00c9 um ambiente que inspira, prepara e mostra que a educa\u00e7\u00e3o pode, sim, abrir portas e mudar vidas&#8221;, disse a estudante.<\/p>\n\n\n\n<p>Al\u00e9m da unidade de ensino, o munic\u00edpio recebeu um \u00f4nibus escolar rural, ampliando o acesso dos estudantes \u00e0 escola com mais conforto e seguran\u00e7a. A estudante Ana Luiza, tamb\u00e9m do 2\u00ba ano, destacou a import\u00e2ncia do equipamento para a rotina escolar. &#8220;Isso nos motiva ainda mais a estudar. Para quem pratica esportes, como eu, a nova estrutura amplia oportunidades. E, com o novo \u00f4nibus escolar, chegar \u00e0 escola ser\u00e1 mais f\u00e1cil e seguro.&#8221;<\/p>\n\n\n\n<p><strong>Sa\u00fade, agricultura familiar e conectividade<\/strong><br>Jer\u00f4nimo ainda entregou duas ambul\u00e2ncias e um ve\u00edculo administrativo para a sa\u00fade. Tamb\u00e9m foi entregue um trator destinado ao fortalecimento da agricultura familiar. O munic\u00edpio passou a contar com o programa Conecta Bahia, ampliando o acesso \u00e0 internet e promovendo inclus\u00e3o digital.<\/p>\n\n\n\n<p><strong>Novos investimentos<\/strong><br>Durante a agenda, o governador autorizou novas a\u00e7\u00f5es para Mascote, como a cess\u00e3o de instrumentos para fanfarra, a constru\u00e7\u00e3o de uma unidade de beneficiamento de caf\u00e9 e a reforma com cobertura da quadra poliesportiva do distrito de Pimenta. Tamb\u00e9m foram anunciadas a requalifica\u00e7\u00e3o da Pra\u00e7a Ant\u00f4nia Sena e obras de pavimenta\u00e7\u00e3o asf\u00e1ltica em ruas do Centro de S\u00e3o Jo\u00e3o do Para\u00edso.<\/p>\n\n\n\n<p><em><strong>Rep\u00f3rter: Leo Moreira\/GOVBA<\/strong><\/em><\/p>\n","protected":false},"excerpt":{"rendered":"<p>Foto: Wuiga Rubini\/GOVBA O munic\u00edpio de Mascote recebeu, neste s\u00e1bado (25), um novo col\u00e9gio de tempo integral no distrito de S\u00e3o Jo\u00e3o do Para\u00edso, com investimento de R$ 13,1 milh\u00f5es do Governo do Estado. A entrega foi realizada pelo governador Jer\u00f4nimo Rodrigues. O Governo do Estado tamb\u00e9m entregou um \u00f4nibus escolar rural, ve\u00edculos para a<\/p>\n","protected":false},"author":5,"featured_media":75652,"comment_status":"open","ping_status":"open","sticky":false,"template":"","format":"standard","meta":{"om_disable_all_campaigns":false,"_monsterinsights_skip_tracking":false,"_monsterinsights_sitenote_active":false,"_monsterinsights_sitenote_note":"","_monsterinsights_sitenote_category":0,"footnotes":""},"categories":[44],"tags":[],"class_list":{"0":"post-75651","1":"post","2":"type-post","3":"status-publish","4":"format-standard","5":"has-post-thumbnail","7":"category-example-6"},"_links":{"self":[{"href":"https:\/\/comandogeraldanoticia.com.br\/index.php\/wp-json\/wp\/v2\/posts\/75651","targetHints":{"allow":["GET"]}}],"collection":[{"href":"https:\/\/comandogeraldanoticia.com.br\/index.php\/wp-json\/wp\/v2\/posts"}],"about":[{"href":"https:\/\/comandogeraldanoticia.com.br\/index.php\/wp-json\/wp\/v2\/types\/post"}],"author":[{"embeddable":true,"href":"https:\/\/comandogeraldanoticia.com.br\/index.php\/wp-json\/wp\/v2\/users\/5"}],"replies":[{"embeddable":true,"href":"https:\/\/comandogeraldanoticia.com.br\/index.php\/wp-json\/wp\/v2\/comments?post=75651"}],"version-history":[{"count":2,"href":"https:\/\/comandogeraldanoticia.com.br\/index.php\/wp-json\/wp\/v2\/posts\/75651\/revisions"}],"predecessor-version":[{"id":75654,"href":"https:\/\/comandogeraldanoticia.com.br\/index.php\/wp-json\/wp\/v2\/posts\/75651\/revisions\/75654"}],"wp:featuredmedia":[{"embeddable":true,"href":"https:\/\/comandogeraldanoticia.com.br\/index.php\/wp-json\/wp\/v2\/media\/75652"}],"wp:attachment":[{"href":"https:\/\/comandogeraldanoticia.com.br\/index.php\/wp-json\/wp\/v2\/media?parent=75651"}],"wp:term":[{"taxonomy":"category","embeddable":true,"href":"https:\/\/comandogeraldanoticia.com.br\/index.php\/wp-json\/wp\/v2\/categories?post=75651"},{"taxonomy":"post_tag","embeddable":true,"href":"https:\/\/comandogeraldanoticia.com.br\/index.php\/wp-json\/wp\/v2\/tags?post=75651"}],"curies":[{"name":"wp","href":"https:\/\/api.w.org\/{rel}","templated":true}]}}