{"id":75648,"date":"2026-04-27T00:13:06","date_gmt":"2026-04-27T00:13:06","guid":{"rendered":"https:\/\/comandogeraldanoticia.com.br\/?p=75648"},"modified":"2026-04-27T00:13:07","modified_gmt":"2026-04-27T00:13:07","slug":"lula-condena-violencia-politica-e-ataque-contra-presidente-trump","status":"publish","type":"post","link":"https:\/\/comandogeraldanoticia.com.br\/index.php\/2026\/04\/27\/lula-condena-violencia-politica-e-ataque-contra-presidente-trump\/","title":{"rendered":"Lula condena viol\u00eancia pol\u00edtica e ataque contra presidente Trump"},"content":{"rendered":"\n<p>Ag\u00eancia Gov<\/p>\n\n\n\n<p>O presidente Lula publicou neste domingo (26) uma mensagem em sua rede social manifestando solidariedade ao presidente dos Estados Unidos, Donald Trump, \u00e0 primeira-dama Melania Trump e aos participantes do jantar com correspondentes em Washington&nbsp;no qual foram registrados tiros na noite deste s\u00e1bado (25).<\/p>\n\n\n\n<figure class=\"wp-block-image\"><img decoding=\"async\" src=\"https:\/\/agenciagov.ebc.com.br\/lula-x-3.jpg\/@@images\/60574297-0133-4247-bc2f-756a3197b847.jpeg\" alt=\"lula x 3.jpg\" title=\"lula x 3.jpg\"\/><\/figure>\n\n\n\n<p>O epis\u00f3dio ocorreu durante um&nbsp;evento&nbsp;de gala que reunia jornalistas, autoridades e convidados&nbsp;em um hotel na capital americana. Um&nbsp;homem foi detido ap\u00f3s efetuar disparos&nbsp;nas imedia\u00e7\u00f5es do local. Ningu\u00e9m ficou ferido.<\/p>\n","protected":false},"excerpt":{"rendered":"<p>Ag\u00eancia Gov O presidente Lula publicou neste domingo (26) uma mensagem em sua rede social manifestando solidariedade ao presidente dos Estados Unidos, Donald Trump, \u00e0 primeira-dama Melania Trump e aos participantes do jantar com correspondentes em Washington&nbsp;no qual foram registrados tiros na noite deste s\u00e1bado (25). O epis\u00f3dio ocorreu durante um&nbsp;evento&nbsp;de gala que reunia jornalistas,<\/p>\n","protected":false},"author":5,"featured_media":75649,"comment_status":"open","ping_status":"open","sticky":false,"template":"","format":"standard","meta":{"om_disable_all_campaigns":false,"_monsterinsights_skip_tracking":false,"_monsterinsights_sitenote_active":false,"_monsterinsights_sitenote_note":"","_monsterinsights_sitenote_category":0,"footnotes":""},"categories":[71],"tags":[],"class_list":{"0":"post-75648","1":"post","2":"type-post","3":"status-publish","4":"format-standard","5":"has-post-thumbnail","7":"category-politica"},"_links":{"self":[{"href":"https:\/\/comandogeraldanoticia.com.br\/index.php\/wp-json\/wp\/v2\/posts\/75648","targetHints":{"allow":["GET"]}}],"collection":[{"href":"https:\/\/comandogeraldanoticia.com.br\/index.php\/wp-json\/wp\/v2\/posts"}],"about":[{"href":"https:\/\/comandogeraldanoticia.com.br\/index.php\/wp-json\/wp\/v2\/types\/post"}],"author":[{"embeddable":true,"href":"https:\/\/comandogeraldanoticia.com.br\/index.php\/wp-json\/wp\/v2\/users\/5"}],"replies":[{"embeddable":true,"href":"https:\/\/comandogeraldanoticia.com.br\/index.php\/wp-json\/wp\/v2\/comments?post=75648"}],"version-history":[{"count":1,"href":"https:\/\/comandogeraldanoticia.com.br\/index.php\/wp-json\/wp\/v2\/posts\/75648\/revisions"}],"predecessor-version":[{"id":75650,"href":"https:\/\/comandogeraldanoticia.com.br\/index.php\/wp-json\/wp\/v2\/posts\/75648\/revisions\/75650"}],"wp:featuredmedia":[{"embeddable":true,"href":"https:\/\/comandogeraldanoticia.com.br\/index.php\/wp-json\/wp\/v2\/media\/75649"}],"wp:attachment":[{"href":"https:\/\/comandogeraldanoticia.com.br\/index.php\/wp-json\/wp\/v2\/media?parent=75648"}],"wp:term":[{"taxonomy":"category","embeddable":true,"href":"https:\/\/comandogeraldanoticia.com.br\/index.php\/wp-json\/wp\/v2\/categories?post=75648"},{"taxonomy":"post_tag","embeddable":true,"href":"https:\/\/comandogeraldanoticia.com.br\/index.php\/wp-json\/wp\/v2\/tags?post=75648"}],"curies":[{"name":"wp","href":"https:\/\/api.w.org\/{rel}","templated":true}]}}