{"id":75644,"date":"2026-04-27T00:08:52","date_gmt":"2026-04-27T00:08:52","guid":{"rendered":"https:\/\/comandogeraldanoticia.com.br\/?p=75644"},"modified":"2026-04-27T00:09:25","modified_gmt":"2026-04-27T00:09:25","slug":"governo-do-brasil-anuncia-r-10-bilhoes-para-modernizacao-do-campo-e-avanca-na-renegociacao-de-dividas-rurais","status":"publish","type":"post","link":"https:\/\/comandogeraldanoticia.com.br\/index.php\/2026\/04\/27\/governo-do-brasil-anuncia-r-10-bilhoes-para-modernizacao-do-campo-e-avanca-na-renegociacao-de-dividas-rurais\/","title":{"rendered":"Governo do Brasil anuncia R$ 10 bilh\u00f5es para moderniza\u00e7\u00e3o do campo e avan\u00e7a na renegocia\u00e7\u00e3o de d\u00edvidas rurais"},"content":{"rendered":"\n<p>Ag\u00eancia Gov | via Planalto<\/p>\n\n\n\n<p>Na abertura da Agrishow, em Ribeir\u00e3o Preto (SP), neste domingo (26\/4), o vice-presidente da Rep\u00fablica, Geraldo Alckmin, anunciou uma nova linha de R$ 10 bilh\u00f5es em cr\u00e9dito do MOVE Brasil para moderniza\u00e7\u00e3o de m\u00e1quinas e implementos agr\u00edcolas, al\u00e9m de antecipar que o governo prepara um programa de renegocia\u00e7\u00e3o de d\u00edvidas rurais, para ampliar a capacidade de investimento e a competitividade do setor.<\/p>\n\n\n\n<blockquote class=\"wp-block-quote is-layout-flow wp-block-quote-is-layout-flow\">\n<p>S\u00e3o R$ 10 bilh\u00f5es para financiar trator, implementos, colheitadeiras, toda a parte de m\u00e1quinas agr\u00edcolas. Pela pr\u00f3pria Finep diretamente ou pelos parceiros: cooperativas, bancos privados e o Banco do Brasil. Em tr\u00eas semanas, a gente vai ter R$ 10 bilh\u00f5es com juros bem mais baixos para poder financiar a moderniza\u00e7\u00e3o e a troca de m\u00e1quinas e equipamentos\u201d<\/p>\n\n\n\n<p><em>Geraldo Alckmin, vice-presidente da Rep\u00fablica<\/em><\/p>\n<\/blockquote>\n\n\n\n<p>\u201cS\u00e3o R$ 10 bilh\u00f5es para financiar trator, implementos, colheitadeiras, toda a parte de m\u00e1quinas agr\u00edcolas. Pela pr\u00f3pria Finep diretamente ou pelos parceiros: cooperativas, bancos privados e o Banco do Brasil. Em tr\u00eas semanas, a gente vai ter R$ 10 bilh\u00f5es com juros bem mais baixos para poder financiar a moderniza\u00e7\u00e3o e a troca de m\u00e1quinas e equipamentos\u201d, destacou.<\/p>\n\n\n\n<p>A medida segue a trajet\u00f3ria de sucesso do MOVE Brasil para renova\u00e7\u00e3o da frota de caminh\u00f5es, lan\u00e7ado em janeiro deste ano. \u201cN\u00f3s t\u00ednhamos feito 10 bilh\u00f5es de cr\u00e9dito, com juros mais baixos, para a venda de caminh\u00f5es. E o sucesso foi t\u00e3o grande que acabou em 60 dias, foi esgotado o cr\u00e9dito. Ent\u00e3o estamos lan\u00e7ando um outro MOVE Brasil, MOVE Agricultura, voltado a tratores, implementos agr\u00edcolas, semeadeiras, plantadeiras, como aqui, colheitadeiras, enfim, toda a parte agr\u00edcola\u201d, afirmou Alckmin.<\/p>\n\n\n\n<p>O vice-presidente tamb\u00e9m anunciou que o governo vai avan\u00e7ar na renegocia\u00e7\u00e3o das d\u00edvidas do setor, contemplando produtores inadimplentes e adimplentes . \u201cO governo vai tratar dessa quest\u00e3o. Para quem est\u00e1 inadimplente e at\u00e9 para quem est\u00e1 adimplente, vai ter um empenho na renegocia\u00e7\u00e3o das d\u00edvidas\u201d, declarou.<\/p>\n\n\n\n<p><strong>INOVA\u00c7\u00c3O<\/strong> \u2014 Durante o evento, a ministra do Desenvolvimento Agr\u00e1rio e Agricultura Familiar, Fernanda Machiaveli, ressaltou o compromisso com a tecnifica\u00e7\u00e3o e mecaniza\u00e7\u00e3o do agroneg\u00f3cio. \u201cN\u00f3s temos travado o grande desafio que \u00e9 promover a mecaniza\u00e7\u00e3o e a tecnifica\u00e7\u00e3o das propriedades agr\u00edcolas da Agricultura Familiar. E isso s\u00f3 tem sido poss\u00edvel porque a gente tem ao nosso lado um setor industrial que est\u00e1 ativo, olha o tempo inteiro para as necessidades dessa agricultura de pequena escala, que produz a variedade dos alimentos que chega \u00e0s nossas mesas\u201d, disse.<\/p>\n\n\n\n<p><strong>ACORDO<\/strong> \u2014 J\u00e1 o ministro da Agricultura e Pecu\u00e1ria, Andr\u00e9 de Paula, pontuou que o setor vai crescer ainda mais com a entrada em vigor do acordo Mercosul-Uni\u00e3o Europeia. \u201cNo dia 1\u00ba de maio, n\u00f3s vamos ter a alegria de ver entrar em vig\u00eancia o acordo Mercosul-Uni\u00e3o Europeia, que vai beneficiar muitos dos produtos agropecu\u00e1rios. No meu estado [Pernambuco], por exemplo, a fruticultura est\u00e1 em festa. No caso das uvas, vamos deixar de pagar uma tarifa de 12% e vamos passar a ter tarifa zero. Esse \u00e9 um esfor\u00e7o muito grande, que eu tenho certeza absoluta, que nos ajuda bastante a avan\u00e7ar construindo um agro cada vez mais forte\u201d, afirmou.<\/p>\n\n\n\n<p><strong>CR\u00c9DITO<\/strong> \u2014 A nova modalidade do MOVE Brasil prev\u00ea a disponibiliza\u00e7\u00e3o de linha de financiamento de R$ 10 bilh\u00f5es com recursos do super\u00e1vit do FNDCT, gerenciada pela Finep, destinada \u00e0 moderniza\u00e7\u00e3o do maquin\u00e1rio agr\u00edcola, com foco em conte\u00fado nacional, inova\u00e7\u00e3o e pesquisa e desenvolvimento (P&amp;D). A nova linha estar\u00e1 dispon\u00edvel em 20 a 30 dias e ser\u00e1 operada diretamente pela Finep e, tamb\u00e9m, pelas institui\u00e7\u00f5es financeiras a ela credenciadas.<\/p>\n\n\n\n<p>Pela primeira vez, as cooperativas do setor agr\u00edcola ter\u00e3o acesso direto a cr\u00e9dito da Finep para financiar m\u00e1quinas e equipamentos, implementos e agricultura digital. S\u00e3o exemplos: cultivadores motorizados, tratores, pulverizadores, colheitadeiras, adubadeiras, sementadeiras, entre outros. A capta\u00e7\u00e3o de recursos do FNDCT permite \u00e0 Finep oferecer condi\u00e7\u00f5es mais vantajosas para o financiamento de projetos de inova\u00e7\u00e3o da cadeia agroindustrial nacional.<\/p>\n\n\n\n<p>A nova linha amplia a estrat\u00e9gia do Governo do Brasil de impulsionar investimentos produtivos com cr\u00e9dito em condi\u00e7\u00f5es mais acess\u00edveis. Mais do que financiamento, o MOVE Brasil para m\u00e1quinas e implementos agr\u00edcolas articula agro, ind\u00fastria e inova\u00e7\u00e3o, promovendo ganhos de produtividade, redu\u00e7\u00e3o de custos operacionais e fortalecimento da competitividade brasileira.<\/p>\n\n\n\n<p><strong>ESTRAT\u00c9GIA INTEGRADA<\/strong> \u2014 O MOVE Brasil para m\u00e1quinas e equipamentos agr\u00edcolas atua de forma complementar e estrat\u00e9gica junto a outras pol\u00edticas de sucesso do Governo do Brasil. Enquanto a nova linha financia o investimento estrutural em maquin\u00e1rio, o Plano Safra 2025\/2026, o maior da hist\u00f3ria do pa\u00eds, garante o capital necess\u00e1rio para a produ\u00e7\u00e3o, com volumes recordes de R$ 516,2 bilh\u00f5es para a agricultura empresarial e R$ 89 bilh\u00f5es para a agricultura familiar. A combina\u00e7\u00e3o entre cr\u00e9dito para investimento e financiamento da produ\u00e7\u00e3o fortalece a capacidade produtiva do campo brasileiro e amplia a escala de competitividade do setor.<\/p>\n\n\n\n<p><strong>EXPANS\u00c3O HIST\u00d3RICA<\/strong> \u2014 O lan\u00e7amento ocorre em um momento de forte expans\u00e3o do agroneg\u00f3cio brasileiro.<\/p>\n\n\n\n<p>Desde 2023, o Brasil abriu 600 novos mercados internacionais para produtos agropecu\u00e1rios, o maior avan\u00e7o da hist\u00f3ria, ampliando destinos e reduzindo a vulnerabilidade a oscila\u00e7\u00f5es externas.<\/p>\n\n\n\n<p>Em 2025, o agroneg\u00f3cio registrou US$ 169,2 bilh\u00f5es em exporta\u00e7\u00f5es, maior valor da s\u00e9rie hist\u00f3rica, respondendo por 48,5% de tudo o que o Brasil exportou no ano. Em fevereiro de 2026, o setor alcan\u00e7ou US$ 12,05 bilh\u00f5es, o melhor resultado j\u00e1 registrado para o m\u00eas.<\/p>\n\n\n\n<p>Na produ\u00e7\u00e3o, a safra nacional de gr\u00e3os atingiu 346,1 milh\u00f5es de toneladas em 2025, recorde hist\u00f3rico absoluto. Para o ciclo 2025\/2026, a proje\u00e7\u00e3o \u00e9 alcan\u00e7ar at\u00e9 356,3 milh\u00f5es de toneladas, segundo estimativas da Conab.<\/p>\n","protected":false},"excerpt":{"rendered":"<p>Ag\u00eancia Gov | via Planalto Na abertura da Agrishow, em Ribeir\u00e3o Preto (SP), neste domingo (26\/4), o vice-presidente da Rep\u00fablica, Geraldo Alckmin, anunciou uma nova linha de R$ 10 bilh\u00f5es em cr\u00e9dito do MOVE Brasil para moderniza\u00e7\u00e3o de m\u00e1quinas e implementos agr\u00edcolas, al\u00e9m de antecipar que o governo prepara um programa de renegocia\u00e7\u00e3o de d\u00edvidas<\/p>\n","protected":false},"author":5,"featured_media":75645,"comment_status":"open","ping_status":"open","sticky":false,"template":"","format":"standard","meta":{"om_disable_all_campaigns":false,"_monsterinsights_skip_tracking":false,"_monsterinsights_sitenote_active":false,"_monsterinsights_sitenote_note":"","_monsterinsights_sitenote_category":0,"footnotes":""},"categories":[39],"tags":[],"class_list":{"0":"post-75644","1":"post","2":"type-post","3":"status-publish","4":"format-standard","5":"has-post-thumbnail","7":"category-brasil"},"_links":{"self":[{"href":"https:\/\/comandogeraldanoticia.com.br\/index.php\/wp-json\/wp\/v2\/posts\/75644","targetHints":{"allow":["GET"]}}],"collection":[{"href":"https:\/\/comandogeraldanoticia.com.br\/index.php\/wp-json\/wp\/v2\/posts"}],"about":[{"href":"https:\/\/comandogeraldanoticia.com.br\/index.php\/wp-json\/wp\/v2\/types\/post"}],"author":[{"embeddable":true,"href":"https:\/\/comandogeraldanoticia.com.br\/index.php\/wp-json\/wp\/v2\/users\/5"}],"replies":[{"embeddable":true,"href":"https:\/\/comandogeraldanoticia.com.br\/index.php\/wp-json\/wp\/v2\/comments?post=75644"}],"version-history":[{"count":1,"href":"https:\/\/comandogeraldanoticia.com.br\/index.php\/wp-json\/wp\/v2\/posts\/75644\/revisions"}],"predecessor-version":[{"id":75646,"href":"https:\/\/comandogeraldanoticia.com.br\/index.php\/wp-json\/wp\/v2\/posts\/75644\/revisions\/75646"}],"wp:featuredmedia":[{"embeddable":true,"href":"https:\/\/comandogeraldanoticia.com.br\/index.php\/wp-json\/wp\/v2\/media\/75645"}],"wp:attachment":[{"href":"https:\/\/comandogeraldanoticia.com.br\/index.php\/wp-json\/wp\/v2\/media?parent=75644"}],"wp:term":[{"taxonomy":"category","embeddable":true,"href":"https:\/\/comandogeraldanoticia.com.br\/index.php\/wp-json\/wp\/v2\/categories?post=75644"},{"taxonomy":"post_tag","embeddable":true,"href":"https:\/\/comandogeraldanoticia.com.br\/index.php\/wp-json\/wp\/v2\/tags?post=75644"}],"curies":[{"name":"wp","href":"https:\/\/api.w.org\/{rel}","templated":true}]}}