{"id":75640,"date":"2026-04-26T01:32:04","date_gmt":"2026-04-26T01:32:04","guid":{"rendered":"https:\/\/comandogeraldanoticia.com.br\/?p=75640"},"modified":"2026-04-26T01:32:05","modified_gmt":"2026-04-26T01:32:05","slug":"cirurgias-eletivas-procedimento-de-catarata-beneficia-110-pacientes-em-camacari-2","status":"publish","type":"post","link":"https:\/\/comandogeraldanoticia.com.br\/index.php\/2026\/04\/26\/cirurgias-eletivas-procedimento-de-catarata-beneficia-110-pacientes-em-camacari-2\/","title":{"rendered":"Cirurgias eletivas: procedimento de catarata beneficia 110 pacientes em Cama\u00e7ari"},"content":{"rendered":"\n<p>Foto: Juliano Sarraf<\/p>\n\n\n\n<p>Com cuidado humanizado e fortalecimento dos servi\u00e7os para amplia\u00e7\u00e3o do acesso \u00e0 sa\u00fade especializada, a Prefeitura de Cama\u00e7ari prossegue com a realiza\u00e7\u00e3o de cirurgias eletivas. A a\u00e7\u00e3o cont\u00ednua, conduzida pela Secretaria de Sa\u00fade (Sesau), tem beneficiado a popula\u00e7\u00e3o com atendimento de qualidade, al\u00e9m de contribuir para a redu\u00e7\u00e3o da fila de espera por procedimentos.<\/p>\n\n\n\n<p>Ao longo desta sexta-feira (24), est\u00e3o sendo realizadas 110 cirurgias de catarata na Cl\u00ednica S\u00e3o Matheus, unidade conveniada ao Sistema \u00danico de Sa\u00fade (SUS). Os pacientes foram previamente regulados pelo munic\u00edpio, garantindo organiza\u00e7\u00e3o e seguran\u00e7a no atendimento.<\/p>\n\n\n\n<p>Entre as pacientes est\u00e1 a aposentada Maria dos Santos Viana, 72 anos, que j\u00e1 havia realizado o procedimento em um dos olhos e, agora, p\u00f4de fazer no outro. \u201cFoi 10! O processo foi r\u00e1pido para eu conseguir minha cirurgia. E sobre o atendimento, n\u00e3o tenho do que reclamar, os profissionais cuidaram bastante de mim, s\u00e3o amorosos\u201d, avaliou a moradora do bairro da Bomba.<\/p>\n\n\n\n<p>Quem tamb\u00e9m passou pela segunda cirurgia de catarata foi Rute Silva de Queiroz, 68 anos, que ressaltou a import\u00e2ncia da iniciativa. \u201cJ\u00e1 fiz a primeira no olho direito, e o atendimento foi \u00f3timo. Hoje vou fazer a segunda, no esquerdo. Pra mim, \u00e9 uma a\u00e7\u00e3o que \u00e9 de grande valia, muito importante mesmo. Tanta gente precisava de uma cirurgia dessa e n\u00e3o tinha a oportunidade que estamos tendo agora. S\u00f3 tenho a agradecer, muita gratid\u00e3o!\u201d, afirmou a aposentada, que reside no bairro Gravat\u00e1.<\/p>\n\n\n\n<p>Todo o atendimento at\u00e9 a realiza\u00e7\u00e3o da cirurgia \u00e9 ofertado pela Sesau, \u00e9 o que explica o diretor de Regula\u00e7\u00e3o, L\u00facio Guimar\u00e3es. \u201cO processo tem in\u00edcio na Unidade B\u00e1sica de Sa\u00fade (UBS), onde o paciente passa por consulta m\u00e9dica e realiza exames iniciais. Caso seja identificada alguma altera\u00e7\u00e3o com indica\u00e7\u00e3o cir\u00fargica, o paciente \u00e9 encaminhado para avalia\u00e7\u00e3o com um oftalmologista. O especialista, por sua vez, solicita exames pr\u00e9-operat\u00f3rios e, ap\u00f3s a confirma\u00e7\u00e3o da necessidade da cirurgia de catarata, realiza o encaminhamento para o procedimento\u201d, destaca.&nbsp;<\/p>\n\n\n\n<figure class=\"wp-block-image\"><img decoding=\"async\" src=\"https:\/\/revistametropolitana.com.br\/envios\/2026\/04\/24\/39631821a0984fc11e34a1d15cad4e56.webp\" alt=\"\"\/><\/figure>\n\n\n\n<p>As cirurgias de catarata t\u00eam impacto significativo na qualidade de vida dos pacientes. \u201cCom a melhora da vis\u00e3o, ela passa a ter menos dificuldade na locomo\u00e7\u00e3o, ter melhor autonomia, principalmente entre os idosos. Desta forma, reduz os riscos de queda e outros acidentes, e auxilia tamb\u00e9m na detec\u00e7\u00e3o de outras doen\u00e7as\u201d, ressalta o diretor.<\/p>\n","protected":false},"excerpt":{"rendered":"<p>Foto: Juliano Sarraf Com cuidado humanizado e fortalecimento dos servi\u00e7os para amplia\u00e7\u00e3o do acesso \u00e0 sa\u00fade especializada, a Prefeitura de Cama\u00e7ari prossegue com a realiza\u00e7\u00e3o de cirurgias eletivas. A a\u00e7\u00e3o cont\u00ednua, conduzida pela Secretaria de Sa\u00fade (Sesau), tem beneficiado a popula\u00e7\u00e3o com atendimento de qualidade, al\u00e9m de contribuir para a redu\u00e7\u00e3o da fila de espera<\/p>\n","protected":false},"author":5,"featured_media":75641,"comment_status":"open","ping_status":"open","sticky":false,"template":"","format":"standard","meta":{"om_disable_all_campaigns":false,"_monsterinsights_skip_tracking":false,"_monsterinsights_sitenote_active":false,"_monsterinsights_sitenote_note":"","_monsterinsights_sitenote_category":0,"footnotes":""},"categories":[40],"tags":[],"class_list":{"0":"post-75640","1":"post","2":"type-post","3":"status-publish","4":"format-standard","5":"has-post-thumbnail","7":"category-camacari"},"_links":{"self":[{"href":"https:\/\/comandogeraldanoticia.com.br\/index.php\/wp-json\/wp\/v2\/posts\/75640","targetHints":{"allow":["GET"]}}],"collection":[{"href":"https:\/\/comandogeraldanoticia.com.br\/index.php\/wp-json\/wp\/v2\/posts"}],"about":[{"href":"https:\/\/comandogeraldanoticia.com.br\/index.php\/wp-json\/wp\/v2\/types\/post"}],"author":[{"embeddable":true,"href":"https:\/\/comandogeraldanoticia.com.br\/index.php\/wp-json\/wp\/v2\/users\/5"}],"replies":[{"embeddable":true,"href":"https:\/\/comandogeraldanoticia.com.br\/index.php\/wp-json\/wp\/v2\/comments?post=75640"}],"version-history":[{"count":2,"href":"https:\/\/comandogeraldanoticia.com.br\/index.php\/wp-json\/wp\/v2\/posts\/75640\/revisions"}],"predecessor-version":[{"id":75643,"href":"https:\/\/comandogeraldanoticia.com.br\/index.php\/wp-json\/wp\/v2\/posts\/75640\/revisions\/75643"}],"wp:featuredmedia":[{"embeddable":true,"href":"https:\/\/comandogeraldanoticia.com.br\/index.php\/wp-json\/wp\/v2\/media\/75641"}],"wp:attachment":[{"href":"https:\/\/comandogeraldanoticia.com.br\/index.php\/wp-json\/wp\/v2\/media?parent=75640"}],"wp:term":[{"taxonomy":"category","embeddable":true,"href":"https:\/\/comandogeraldanoticia.com.br\/index.php\/wp-json\/wp\/v2\/categories?post=75640"},{"taxonomy":"post_tag","embeddable":true,"href":"https:\/\/comandogeraldanoticia.com.br\/index.php\/wp-json\/wp\/v2\/tags?post=75640"}],"curies":[{"name":"wp","href":"https:\/\/api.w.org\/{rel}","templated":true}]}}