{"id":75631,"date":"2026-04-26T01:08:18","date_gmt":"2026-04-26T01:08:18","guid":{"rendered":"https:\/\/comandogeraldanoticia.com.br\/?p=75631"},"modified":"2026-04-26T01:25:08","modified_gmt":"2026-04-26T01:25:08","slug":"nova-lei-cobre-tratamentos-fora-do-municipio-para-pacientes-do-sus","status":"publish","type":"post","link":"https:\/\/comandogeraldanoticia.com.br\/index.php\/2026\/04\/26\/nova-lei-cobre-tratamentos-fora-do-municipio-para-pacientes-do-sus\/","title":{"rendered":"Nova lei cobre tratamentos fora do munic\u00edpio para pacientes do SUS"},"content":{"rendered":"\n<p><strong>Foto: El\u00f3i Corr\u00eaa\/GOVBA<\/strong><\/p>\n\n\n\n<hr class=\"wp-block-separator has-alpha-channel-opacity\"\/>\n\n\n\n<p>Foi sancionada a lei que prev\u00ea ajuda de custo aos usu\u00e1rios do Sistema \u00danico de Sa\u00fade (SUS) que necessitem fazer tratamentos fora do munic\u00edpio onde moram por falta de disponibilidade dos procedimentos.<\/p>\n\n\n\n<p>Entre as coberturas previstas est\u00e3o de alimenta\u00e7\u00e3o, transporte e hospedagem do paciente e um acompanhante, se necess\u00e1rio. Para usar o benef\u00edcio, ser\u00e1 necess\u00e1rio ter indica\u00e7\u00e3o de um m\u00e9dico do SUS, autoriza\u00e7\u00e3o do gestor municipal ou estadual de sa\u00fade e a garantia de atendimento no outro munic\u00edpio.<\/p>\n\n\n\n<p>A Lei 15.390 partiu do Tratamento Fora de Domic\u00edlio (TFD), institu\u00eddo pela Portaria SAS N\u00ba 55\/1999, que prestava esse tipo de assist\u00eancia aos pacientes. A medida sancionada garante a continuidade do benef\u00edcio.<\/p>\n\n\n\n<p>A ajuda de custo n\u00e3o ser\u00e1 concedida para deslocamentos inferiores a 50 quil\u00f4metros ou entre munic\u00edpios da mesma regi\u00e3o metropolitana.<\/p>\n\n\n\n<p>Fonte: CNN Brasil<\/p>\n","protected":false},"excerpt":{"rendered":"<p>Foto: El\u00f3i Corr\u00eaa\/GOVBA Foi sancionada a lei que prev\u00ea ajuda de custo aos usu\u00e1rios do Sistema \u00danico de Sa\u00fade (SUS) que necessitem fazer tratamentos fora do munic\u00edpio onde moram por falta de disponibilidade dos procedimentos. Entre as coberturas previstas est\u00e3o de alimenta\u00e7\u00e3o, transporte e hospedagem do paciente e um acompanhante, se necess\u00e1rio. Para usar o<\/p>\n","protected":false},"author":5,"featured_media":75632,"comment_status":"open","ping_status":"open","sticky":false,"template":"","format":"standard","meta":{"om_disable_all_campaigns":false,"_monsterinsights_skip_tracking":false,"_monsterinsights_sitenote_active":false,"_monsterinsights_sitenote_note":"","_monsterinsights_sitenote_category":0,"footnotes":""},"categories":[39],"tags":[],"class_list":{"0":"post-75631","1":"post","2":"type-post","3":"status-publish","4":"format-standard","5":"has-post-thumbnail","7":"category-brasil"},"_links":{"self":[{"href":"https:\/\/comandogeraldanoticia.com.br\/index.php\/wp-json\/wp\/v2\/posts\/75631","targetHints":{"allow":["GET"]}}],"collection":[{"href":"https:\/\/comandogeraldanoticia.com.br\/index.php\/wp-json\/wp\/v2\/posts"}],"about":[{"href":"https:\/\/comandogeraldanoticia.com.br\/index.php\/wp-json\/wp\/v2\/types\/post"}],"author":[{"embeddable":true,"href":"https:\/\/comandogeraldanoticia.com.br\/index.php\/wp-json\/wp\/v2\/users\/5"}],"replies":[{"embeddable":true,"href":"https:\/\/comandogeraldanoticia.com.br\/index.php\/wp-json\/wp\/v2\/comments?post=75631"}],"version-history":[{"count":1,"href":"https:\/\/comandogeraldanoticia.com.br\/index.php\/wp-json\/wp\/v2\/posts\/75631\/revisions"}],"predecessor-version":[{"id":75633,"href":"https:\/\/comandogeraldanoticia.com.br\/index.php\/wp-json\/wp\/v2\/posts\/75631\/revisions\/75633"}],"wp:featuredmedia":[{"embeddable":true,"href":"https:\/\/comandogeraldanoticia.com.br\/index.php\/wp-json\/wp\/v2\/media\/75632"}],"wp:attachment":[{"href":"https:\/\/comandogeraldanoticia.com.br\/index.php\/wp-json\/wp\/v2\/media?parent=75631"}],"wp:term":[{"taxonomy":"category","embeddable":true,"href":"https:\/\/comandogeraldanoticia.com.br\/index.php\/wp-json\/wp\/v2\/categories?post=75631"},{"taxonomy":"post_tag","embeddable":true,"href":"https:\/\/comandogeraldanoticia.com.br\/index.php\/wp-json\/wp\/v2\/tags?post=75631"}],"curies":[{"name":"wp","href":"https:\/\/api.w.org\/{rel}","templated":true}]}}