{"id":7546,"date":"2022-10-06T15:19:01","date_gmt":"2022-10-06T15:19:01","guid":{"rendered":"https:\/\/comandogeraldanoticia.com.br\/index.php\/2022\/10\/06\/ibovespa-opera-em-alta-na-contramao-do-exterior-2\/"},"modified":"2022-10-06T15:19:01","modified_gmt":"2022-10-06T15:19:01","slug":"ibovespa-opera-em-alta-na-contramao-do-exterior-2","status":"publish","type":"post","link":"https:\/\/comandogeraldanoticia.com.br\/index.php\/2022\/10\/06\/ibovespa-opera-em-alta-na-contramao-do-exterior-2\/","title":{"rendered":"Ibovespa opera em alta, na contram\u00e3o do exterior"},"content":{"rendered":"<p><img decoding=\"async\" src=\"https:\/\/s2.glbimg.com\/Hq6dbByl9_nD4oiIDqMdx6Wzsjs=\/s.glbimg.com\/jo\/g1\/f\/original\/2019\/05\/09\/bolsa-bovespa.jpg\"><br \/>   Na quarta-feira, o principal \u00edndice da bolsa de valores subiu 0,83%, a 117.198 pontos. Imagem do interior da B3, Bolsa de Valores de SP<br \/>\nCris Faga\/Estad\u00e3o Conte\u00fado<br \/>\nO Ibovespa, principal \u00edndice da bolsa de valores de S\u00e3o Paulo, a B3, opera em alta nesta quinta-feira (6), na contram\u00e3o do clima negativo nos mercados externos.<br \/>\n\u00c0s 10h07, o Ibovespa subia 0,32%, a 117.570 pontos. Veja mais cota\u00e7\u00f5es.<br \/>\nNa quarta-feira, a bolsa fechou em alta de 0,83%, a 117.198 pontos. Com o resultado, acumula alta de 6,51% no m\u00eas e de 11,81% no ano.<br \/>\nLEIA TAMB\u00c9M<br \/>\nComo o d\u00f3lar valorizado afeta a todos<br \/>\nO que est\u00e1 mexendo com os mercados?<br \/>\n\u00c9 aguardado para esta sexta-feira o relat\u00f3rio sobre o mercado de trabalho nos Estados Unidos. Dados desta semana t\u00eam sugerido que a economia dos Estados Unidos estaria perdendo f\u00f4lego. Isso levantou esperan\u00e7as de que o Federal Reserve (BC dos EUA) poderia subir sua taxa de juros em dose menor do que o esperado.<br \/>\nCustos de empr\u00e9stimo mais altos nos EUA s\u00e3o vistos como fator de impulso para o d\u00f3lar tanto por tornarem os retornos do mercado de renda fixa norte-americano mais atraentes quanto por levantarem temores de recess\u00e3o, j\u00e1 que tendem a restringir os gastos de empresas e fam\u00edlias. O d\u00f3lar \u00e9 considerado aposta segura em momentos de turbul\u00eancia econ\u00f4mica e geopol\u00edtica.<br \/>\nNo cen\u00e1rio local, as campanhas de Luiz In\u00e1cio Lula da Silva (PT) e Jair Bolsonaro (PL) seguem se movimentando em busca de apoios depois de um primeiro turno eleitoral muito mais apertado do que o esperado.<br \/>\nApesar de num primeiro momento os resultados do 1\u00ba turno terem repercutido positivamente entre os investidores, analistas alertam que a moeda pode come\u00e7ar a ficar mais sens\u00edvel ao notici\u00e1rio eleitoral diante da perspectiva de uma disputa acirrada no 2\u00ba turno.<br \/>\nInitial plugin text<\/p>\n","protected":false},"excerpt":{"rendered":"<p>Na quarta-feira, o principal \u00edndice da bolsa de valores subiu 0,83%, a 117.198 pontos. Imagem do interior da B3, Bolsa de Valores de SP Cris Faga\/Estad\u00e3o Conte\u00fado O Ibovespa, principal \u00edndice da bolsa de valores de S\u00e3o Paulo, a B3, opera em alta nesta quinta-feira (6), na contram\u00e3o do clima negativo nos mercados externos. \u00c0s<\/p>\n","protected":false},"author":1,"featured_media":7547,"comment_status":"open","ping_status":"open","sticky":false,"template":"","format":"standard","meta":{"om_disable_all_campaigns":false,"_monsterinsights_skip_tracking":false,"_monsterinsights_sitenote_active":false,"_monsterinsights_sitenote_note":"","_monsterinsights_sitenote_category":0,"footnotes":""},"categories":[43],"tags":[],"class_list":{"0":"post-7546","1":"post","2":"type-post","3":"status-publish","4":"format-standard","5":"has-post-thumbnail","7":"category-economia"},"_links":{"self":[{"href":"https:\/\/comandogeraldanoticia.com.br\/index.php\/wp-json\/wp\/v2\/posts\/7546","targetHints":{"allow":["GET"]}}],"collection":[{"href":"https:\/\/comandogeraldanoticia.com.br\/index.php\/wp-json\/wp\/v2\/posts"}],"about":[{"href":"https:\/\/comandogeraldanoticia.com.br\/index.php\/wp-json\/wp\/v2\/types\/post"}],"author":[{"embeddable":true,"href":"https:\/\/comandogeraldanoticia.com.br\/index.php\/wp-json\/wp\/v2\/users\/1"}],"replies":[{"embeddable":true,"href":"https:\/\/comandogeraldanoticia.com.br\/index.php\/wp-json\/wp\/v2\/comments?post=7546"}],"version-history":[{"count":0,"href":"https:\/\/comandogeraldanoticia.com.br\/index.php\/wp-json\/wp\/v2\/posts\/7546\/revisions"}],"wp:featuredmedia":[{"embeddable":true,"href":"https:\/\/comandogeraldanoticia.com.br\/index.php\/wp-json\/wp\/v2\/media\/7547"}],"wp:attachment":[{"href":"https:\/\/comandogeraldanoticia.com.br\/index.php\/wp-json\/wp\/v2\/media?parent=7546"}],"wp:term":[{"taxonomy":"category","embeddable":true,"href":"https:\/\/comandogeraldanoticia.com.br\/index.php\/wp-json\/wp\/v2\/categories?post=7546"},{"taxonomy":"post_tag","embeddable":true,"href":"https:\/\/comandogeraldanoticia.com.br\/index.php\/wp-json\/wp\/v2\/tags?post=7546"}],"curies":[{"name":"wp","href":"https:\/\/api.w.org\/{rel}","templated":true}]}}