{"id":7544,"date":"2022-10-06T15:18:18","date_gmt":"2022-10-06T15:18:18","guid":{"rendered":"https:\/\/comandogeraldanoticia.com.br\/index.php\/2022\/10\/06\/stt-alerta-sobre-riscos-de-animais-em-vias-e-chama-atencao-para-prejuizos\/"},"modified":"2022-10-06T15:18:18","modified_gmt":"2022-10-06T15:18:18","slug":"stt-alerta-sobre-riscos-de-animais-em-vias-e-chama-atencao-para-prejuizos","status":"publish","type":"post","link":"https:\/\/comandogeraldanoticia.com.br\/index.php\/2022\/10\/06\/stt-alerta-sobre-riscos-de-animais-em-vias-e-chama-atencao-para-prejuizos\/","title":{"rendered":"STT alerta sobre riscos de animais em vias e chama aten\u00e7\u00e3o para preju\u00edzos"},"content":{"rendered":"<p>A Superintend\u00eancia de Tr\u00e2nsito e Transporte P\u00fablico (STT) de Cama\u00e7ari faz alerta sobre os riscos aos quais est\u00e3o expostos os animais e condutores que circulam pelas vias municipais e estaduais. Ao longo do ano, o \u00f3rg\u00e3o resgata equinos, asininos e muares que s\u00e3o deixados, inicialmente em terrenos baldios, e muitos \u00e0s vezes acabam se deslocando para os locais de circula\u00e7\u00e3o vi\u00e1ria, inclusive transitando pelas rodovias, trazendo riscos de acidentes de tr\u00e2nsito, at\u00e9 mesmo fatais.<\/p>\n<p>Com o objetivo de conscientizar os propriet\u00e1rios, cuja maioria utiliza os animais como instrumento de trabalho, a superintend\u00eancia chama a aten\u00e7\u00e3o para a import\u00e2ncia de pensar na seguran\u00e7a dos animais, que podem ser atropelados e vir a morrer na via. Para aqueles que dependem deles para o transporte de cargas, os preju\u00edzos s\u00e3o maiores.<\/p>\n<p>Trabalhando com vistas \u00e0 preven\u00e7\u00e3o das ocorr\u00eancias, a STT, em parceria com as concession\u00e1rias Litoral Norte (CLN) e Bahia Norte (CBN), administradoras respectivamente das rodovias estaduais BA-099 (Estrada do Coco) e BA-535 (Via Parafuso), realiza a\u00e7\u00f5es educativas junto \u00e0s comunidades situadas no entorno das rodovias, al\u00e9m de fazer rotineiramente, os resgates dos animais encontrados nas vias estaduais e municipais.<\/p>\n<p>Os resultados dos trabalhos dos entes p\u00fablico e privado, com enfoque na conscientiza\u00e7\u00e3o da popula\u00e7\u00e3o, tem garantido resultados significativos. De acordo com dados levantados pela concession\u00e1ria CLN, os n\u00fameros de acidentes de tr\u00e2nsito na Estrada Coco envolvendo animais, apresentou redu\u00e7\u00e3o de 60% entre os anos de 2019 e 2021.<\/p>\n<p>Vale ressaltar, que dentre as atribui\u00e7\u00f5es da STT, est\u00e3o a apreens\u00e3o, resgate e transporte dos animais abandonados em via p\u00fablica, que s\u00e3o levados em \u00e1rea cont\u00ednua ao Centro de Controle de Zoonoses (CCZ), \u00f3rg\u00e3o vinculado \u00e0 Secretaria da Sa\u00fade (Sesau), onde ficam guardados at\u00e9 que os donos pegue-os de volta, mediante pagamento das despesas geradas para a sua manuten\u00e7\u00e3o, acrescido de percentual de taxas administrativas. A retirada s\u00f3 \u00e9 poss\u00edvel com a apresenta\u00e7\u00e3o de algum tipo de registro que prove a tutela do animal, como uma foto, por exemplo.<\/p>\n<p>Ao trafegar pelas referidas estradas estaduais e avistar um animal solto no leito ou na margem das vias p\u00fablicas, a orienta\u00e7\u00e3o aos condutores \u00e9 reduzir a velocidade do ve\u00edculo e, caso seja \u00e0 noite, baixar a luminosidade do farol. Em seguida, ligar o pisca alerta e avisar aos outros motoristas que h\u00e1 perigo na pista e, por fim, entrar em contato com a Central de Opera\u00e7\u00f5es e Informa\u00e7\u00f5es (COI) da STT, atrav\u00e9s do n\u00famero (71) 3454-1877, ou falar diretamente com a CLN no 0800 071 3233, ou ainda com a CBN, atrav\u00e9s do n\u00famero 0800 600 0093.<\/p>\n<figure class=\"wp-container-4 wp-block-gallery-3 wp-block-gallery has-nested-images columns-default is-cropped\">\n<figure class=\"wp-block-image size-large\"><img loading=\"lazy\" decoding=\"async\" loading=\"lazy\" width=\"1024\" height=\"702\" data-id=\"178262\" src=\"https:\/\/www.camacari.ba.gov.br\/wp-content\/uploads\/2022\/08\/stt_recolhimento-animais-solto-nas-pistas_jean-victor_23-8-22-7.jpg\" alt=\"\" class=\"wp-image-178262\" srcset=\"https:\/\/www.camacari.ba.gov.br\/wp-content\/uploads\/2022\/08\/stt_recolhimento-animais-solto-nas-pistas_jean-victor_23-8-22-7.jpg 1024w, https:\/\/www.camacari.ba.gov.br\/wp-content\/uploads\/2022\/08\/stt_recolhimento-animais-solto-nas-pistas_jean-victor_23-8-22-7-300x206.jpg 300w, https:\/\/www.camacari.ba.gov.br\/wp-content\/uploads\/2022\/08\/stt_recolhimento-animais-solto-nas-pistas_jean-victor_23-8-22-7-768x527.jpg 768w\" sizes=\"auto, (max-width: 1024px) 100vw, 1024px\"><\/figure>\n<figure class=\"wp-block-image size-large\"><img loading=\"lazy\" decoding=\"async\" loading=\"lazy\" width=\"1024\" height=\"683\" data-id=\"178256\" src=\"https:\/\/www.camacari.ba.gov.br\/wp-content\/uploads\/2022\/08\/stt_recolhimento-animais-solto-nas-pistas_jean-victor_23-8-22-2.jpg\" alt=\"\" class=\"wp-image-178256\" srcset=\"https:\/\/www.camacari.ba.gov.br\/wp-content\/uploads\/2022\/08\/stt_recolhimento-animais-solto-nas-pistas_jean-victor_23-8-22-2.jpg 1024w, https:\/\/www.camacari.ba.gov.br\/wp-content\/uploads\/2022\/08\/stt_recolhimento-animais-solto-nas-pistas_jean-victor_23-8-22-2-300x200.jpg 300w, https:\/\/www.camacari.ba.gov.br\/wp-content\/uploads\/2022\/08\/stt_recolhimento-animais-solto-nas-pistas_jean-victor_23-8-22-2-768x512.jpg 768w\" sizes=\"auto, (max-width: 1024px) 100vw, 1024px\"><\/figure>\n<figure class=\"wp-block-image size-large\"><img loading=\"lazy\" decoding=\"async\" loading=\"lazy\" width=\"1024\" height=\"683\" data-id=\"178263\" src=\"https:\/\/www.camacari.ba.gov.br\/wp-content\/uploads\/2022\/08\/stt_recolhimento-animais-solto-nas-pistas_jean-victor_23-8-22-8.jpg\" alt=\"\" class=\"wp-image-178263\" srcset=\"https:\/\/www.camacari.ba.gov.br\/wp-content\/uploads\/2022\/08\/stt_recolhimento-animais-solto-nas-pistas_jean-victor_23-8-22-8.jpg 1024w, https:\/\/www.camacari.ba.gov.br\/wp-content\/uploads\/2022\/08\/stt_recolhimento-animais-solto-nas-pistas_jean-victor_23-8-22-8-300x200.jpg 300w, https:\/\/www.camacari.ba.gov.br\/wp-content\/uploads\/2022\/08\/stt_recolhimento-animais-solto-nas-pistas_jean-victor_23-8-22-8-768x512.jpg 768w\" sizes=\"auto, (max-width: 1024px) 100vw, 1024px\"><\/figure>\n<\/figure>\n","protected":false},"excerpt":{"rendered":"<p>A Superintend\u00eancia de Tr\u00e2nsito e Transporte P\u00fablico (STT) de Cama\u00e7ari faz alerta sobre os riscos aos quais est\u00e3o expostos os animais e condutores que circulam pelas vias municipais e estaduais. Ao longo do ano, o \u00f3rg\u00e3o resgata equinos, asininos e muares que s\u00e3o deixados, inicialmente em terrenos baldios, e muitos \u00e0s vezes acabam se deslocando<\/p>\n","protected":false},"author":1,"featured_media":7545,"comment_status":"open","ping_status":"open","sticky":false,"template":"","format":"standard","meta":{"om_disable_all_campaigns":false,"_monsterinsights_skip_tracking":false,"_monsterinsights_sitenote_active":false,"_monsterinsights_sitenote_note":"","_monsterinsights_sitenote_category":0,"footnotes":""},"categories":[40],"tags":[],"class_list":{"0":"post-7544","1":"post","2":"type-post","3":"status-publish","4":"format-standard","5":"has-post-thumbnail","7":"category-camacari"},"_links":{"self":[{"href":"https:\/\/comandogeraldanoticia.com.br\/index.php\/wp-json\/wp\/v2\/posts\/7544","targetHints":{"allow":["GET"]}}],"collection":[{"href":"https:\/\/comandogeraldanoticia.com.br\/index.php\/wp-json\/wp\/v2\/posts"}],"about":[{"href":"https:\/\/comandogeraldanoticia.com.br\/index.php\/wp-json\/wp\/v2\/types\/post"}],"author":[{"embeddable":true,"href":"https:\/\/comandogeraldanoticia.com.br\/index.php\/wp-json\/wp\/v2\/users\/1"}],"replies":[{"embeddable":true,"href":"https:\/\/comandogeraldanoticia.com.br\/index.php\/wp-json\/wp\/v2\/comments?post=7544"}],"version-history":[{"count":0,"href":"https:\/\/comandogeraldanoticia.com.br\/index.php\/wp-json\/wp\/v2\/posts\/7544\/revisions"}],"wp:featuredmedia":[{"embeddable":true,"href":"https:\/\/comandogeraldanoticia.com.br\/index.php\/wp-json\/wp\/v2\/media\/7545"}],"wp:attachment":[{"href":"https:\/\/comandogeraldanoticia.com.br\/index.php\/wp-json\/wp\/v2\/media?parent=7544"}],"wp:term":[{"taxonomy":"category","embeddable":true,"href":"https:\/\/comandogeraldanoticia.com.br\/index.php\/wp-json\/wp\/v2\/categories?post=7544"},{"taxonomy":"post_tag","embeddable":true,"href":"https:\/\/comandogeraldanoticia.com.br\/index.php\/wp-json\/wp\/v2\/tags?post=7544"}],"curies":[{"name":"wp","href":"https:\/\/api.w.org\/{rel}","templated":true}]}}