{"id":75431,"date":"2026-04-20T00:16:17","date_gmt":"2026-04-20T00:16:17","guid":{"rendered":"https:\/\/comandogeraldanoticia.com.br\/?p=75431"},"modified":"2026-04-20T00:16:18","modified_gmt":"2026-04-20T00:16:18","slug":"governo-do-estado-investira-r-60-milhoes-para-construcao-de-hospital-em-santaluz","status":"publish","type":"post","link":"https:\/\/comandogeraldanoticia.com.br\/index.php\/2026\/04\/20\/governo-do-estado-investira-r-60-milhoes-para-construcao-de-hospital-em-santaluz\/","title":{"rendered":"Governo do Estado investir\u00e1 R$ 60 milh\u00f5es para constru\u00e7\u00e3o de hospital em Santaluz"},"content":{"rendered":"\n<p>Em um marco para o fortalecimento da sa\u00fade p\u00fablica no interior do estado, o governador Jer\u00f4nimo Rodrigues, acompanhado da secret\u00e1ria da Sa\u00fade, Roberta Santana, anunciou neste s\u00e1bado (18), em Santaluz, a constru\u00e7\u00e3o do novo Hospital Municipal Petrolino Evangelista dos Santos. Com investimento de R$ 60 milh\u00f5es, fruto de conv\u00eanio entre o Governo do Estado, por meio da Secretaria da Sa\u00fade do Estado (Sesab), e a prefeitura, a unidade foi projetada para ampliar a assist\u00eancia no Territ\u00f3rio do Sisal, com perfil de hospital geral de m\u00e9dio porte.<\/p>\n\n\n\n<p>A nova estrutura contar\u00e1 com 51 leitos, sendo 24 cl\u00ednicos e 12 cir\u00fargicos, al\u00e9m de uma ala de pediatria com oito leitos, um deles destinado ao isolamento. A sa\u00fade da mulher tamb\u00e9m ser\u00e1 contemplada com sete leitos de obstetr\u00edcia. A unidade ter\u00e1 ainda um Centro de Parto Normal, com tr\u00eas leitos no sistema PPP (pr\u00e9-parto, parto e p\u00f3s-parto), permitindo que a gestante vivencie todo o processo em um \u00fanico ambiente.<\/p>\n\n\n\n<p>O hospital ter\u00e1 um centro cir\u00fargico com tr\u00eas salas modernas. Al\u00e9m disso, a unidade contar\u00e1 com uma estrutura completa de emerg\u00eancia para atendimento aos p\u00fablicos adulto e pedi\u00e1trico, garantindo agilidade no socorro imediato. Todo o projeto visa modernizar o acesso \u00e0 sa\u00fade, assegurando que a popula\u00e7\u00e3o tenha suporte especializado sem a necessidade de deslocamentos para outras regi\u00f5es.<\/p>\n\n\n\n<p>Durante o an\u00fancio, Roberta Santana ressaltou que o investimento reflete a pol\u00edtica de regionaliza\u00e7\u00e3o da sa\u00fade. \u201cCom a nova unidade, o Governo do Estado espera oferecer um atendimento mais humano e eficiente, consolidando o Sistema \u00danico de Sa\u00fade (SUS) como uma ferramenta de transforma\u00e7\u00e3o social no interior baiano\u201d, afirmou.<\/p>\n\n\n\n<p>Centro de Especialidades M\u00e9dicas<\/p>\n\n\n\n<p>Em Santaluz, o governador e a secret\u00e1ria tamb\u00e9m participaram da inaugura\u00e7\u00e3o do Centro de Especialidades M\u00e9dicas Pastor Arism\u00e1rio Barbosa. Constru\u00edda pela prefeitura, a nova unidade ofertar\u00e1 consultas em neurologia, ortopedia, pediatria, oftalmologia, obstetr\u00edcia, cardiologia, fonoaudiologia, reumatologia, cl\u00ednica de hansen\u00edase, ginecologia, fisioterapia e odontologia.<\/p>\n\n\n\n<p>A estrutura inclui oito consult\u00f3rios m\u00e9dicos, um consult\u00f3rio odontol\u00f3gico, salas de triagem, ambulatorial e enfermagem, nutri\u00e7\u00e3o, aten\u00e7\u00e3o b\u00e1sica, ala de fisioterapia, farm\u00e1cia, pra\u00e7a com quiosque e um parque infantil.<\/p>\n\n\n\n<p>Novos equipamentos<\/p>\n\n\n\n<p>Durante a agenda, o Governo do Estado tamb\u00e9m entregou equipamentos de sa\u00fade que somam um investimento de R$ 1 milh\u00e3o. Foram destinados quatro kits UBS para refor\u00e7ar a aten\u00e7\u00e3o b\u00e1sica, aparelhos de fisioterapia para o Centro de Especialidades M\u00e9dicas, um raio-X &nbsp;m\u00f3vel com processadora &nbsp;e equipamentos hospitalares para o Hospital Municipal.<\/p>\n\n\n\n<p>Jer\u00f4nimo Rodrigues destacou que o trabalho em conjunto com os munic\u00edpios tem sido essencial para a forma\u00e7\u00e3o de uma rede forte de sa\u00fade. &#8220;Trabalhamos em parceria com os munic\u00edpios. Isso possibilita que tenhamos uma maior capacidade de ampliar e qualificar a assist\u00eancia para a popula\u00e7\u00e3o&#8221;, afirmou.<\/p>\n\n\n\n<p>Fotos: Leonardo Rattes \/ Sa\u00fade GovBA<\/p>\n","protected":false},"excerpt":{"rendered":"<p>Em um marco para o fortalecimento da sa\u00fade p\u00fablica no interior do estado, o governador Jer\u00f4nimo Rodrigues, acompanhado da secret\u00e1ria da Sa\u00fade, Roberta Santana, anunciou neste s\u00e1bado (18), em Santaluz, a constru\u00e7\u00e3o do novo Hospital Municipal Petrolino Evangelista dos Santos. Com investimento de R$ 60 milh\u00f5es, fruto de conv\u00eanio entre o Governo do Estado, por<\/p>\n","protected":false},"author":5,"featured_media":75432,"comment_status":"open","ping_status":"open","sticky":false,"template":"","format":"standard","meta":{"om_disable_all_campaigns":false,"_monsterinsights_skip_tracking":false,"_monsterinsights_sitenote_active":false,"_monsterinsights_sitenote_note":"","_monsterinsights_sitenote_category":0,"footnotes":""},"categories":[118],"tags":[],"class_list":{"0":"post-75431","1":"post","2":"type-post","3":"status-publish","4":"format-standard","5":"has-post-thumbnail","7":"category-bahia"},"_links":{"self":[{"href":"https:\/\/comandogeraldanoticia.com.br\/index.php\/wp-json\/wp\/v2\/posts\/75431","targetHints":{"allow":["GET"]}}],"collection":[{"href":"https:\/\/comandogeraldanoticia.com.br\/index.php\/wp-json\/wp\/v2\/posts"}],"about":[{"href":"https:\/\/comandogeraldanoticia.com.br\/index.php\/wp-json\/wp\/v2\/types\/post"}],"author":[{"embeddable":true,"href":"https:\/\/comandogeraldanoticia.com.br\/index.php\/wp-json\/wp\/v2\/users\/5"}],"replies":[{"embeddable":true,"href":"https:\/\/comandogeraldanoticia.com.br\/index.php\/wp-json\/wp\/v2\/comments?post=75431"}],"version-history":[{"count":1,"href":"https:\/\/comandogeraldanoticia.com.br\/index.php\/wp-json\/wp\/v2\/posts\/75431\/revisions"}],"predecessor-version":[{"id":75433,"href":"https:\/\/comandogeraldanoticia.com.br\/index.php\/wp-json\/wp\/v2\/posts\/75431\/revisions\/75433"}],"wp:featuredmedia":[{"embeddable":true,"href":"https:\/\/comandogeraldanoticia.com.br\/index.php\/wp-json\/wp\/v2\/media\/75432"}],"wp:attachment":[{"href":"https:\/\/comandogeraldanoticia.com.br\/index.php\/wp-json\/wp\/v2\/media?parent=75431"}],"wp:term":[{"taxonomy":"category","embeddable":true,"href":"https:\/\/comandogeraldanoticia.com.br\/index.php\/wp-json\/wp\/v2\/categories?post=75431"},{"taxonomy":"post_tag","embeddable":true,"href":"https:\/\/comandogeraldanoticia.com.br\/index.php\/wp-json\/wp\/v2\/tags?post=75431"}],"curies":[{"name":"wp","href":"https:\/\/api.w.org\/{rel}","templated":true}]}}