{"id":7542,"date":"2022-10-06T15:18:19","date_gmt":"2022-10-06T15:18:19","guid":{"rendered":"https:\/\/comandogeraldanoticia.com.br\/index.php\/2022\/10\/06\/programa-prefeito-amigo-da-crianca-reune-com-seduc\/"},"modified":"2022-10-06T15:18:19","modified_gmt":"2022-10-06T15:18:19","slug":"programa-prefeito-amigo-da-crianca-reune-com-seduc","status":"publish","type":"post","link":"https:\/\/comandogeraldanoticia.com.br\/index.php\/2022\/10\/06\/programa-prefeito-amigo-da-crianca-reune-com-seduc\/","title":{"rendered":"Programa Prefeito Amigo da Crian\u00e7a re\u00fane com Seduc"},"content":{"rendered":"<p> Dando continuidade aos trabalhos da 7\u00aa edi\u00e7\u00e3o do Programa Prefeito Amigo da Crian\u00e7a (PPAC), o Grupo de Trabalho Coordenador (GTC) promove uma reuni\u00e3o com a Secretaria da Educa\u00e7\u00e3o (Seduc). O encontro ser\u00e1 realizado na pr\u00f3xima sexta-feira (7\/10), \u00e0s 9h, na sala de reuni\u00f5es da pasta. Na pauta est\u00e1 o Or\u00e7amento Crian\u00e7a e Adolescente (OCA), e a necessidade de alimentar o sistema da Funda\u00e7\u00e3o Abrinq e o cumprimento dos prazos.<\/p>\n","protected":false},"excerpt":{"rendered":"<p>Dando continuidade aos trabalhos da 7\u00aa edi\u00e7\u00e3o do Programa Prefeito Amigo da Crian\u00e7a (PPAC), o Grupo de Trabalho Coordenador (GTC) promove uma reuni\u00e3o com a Secretaria da Educa\u00e7\u00e3o (Seduc). O encontro ser\u00e1 realizado na pr\u00f3xima sexta-feira (7\/10), \u00e0s 9h, na sala de reuni\u00f5es da pasta. Na pauta est\u00e1 o Or\u00e7amento Crian\u00e7a e Adolescente (OCA), e<\/p>\n","protected":false},"author":1,"featured_media":7543,"comment_status":"open","ping_status":"open","sticky":false,"template":"","format":"standard","meta":{"om_disable_all_campaigns":false,"_monsterinsights_skip_tracking":false,"_monsterinsights_sitenote_active":false,"_monsterinsights_sitenote_note":"","_monsterinsights_sitenote_category":0,"footnotes":""},"categories":[40],"tags":[],"class_list":{"0":"post-7542","1":"post","2":"type-post","3":"status-publish","4":"format-standard","5":"has-post-thumbnail","7":"category-camacari"},"_links":{"self":[{"href":"https:\/\/comandogeraldanoticia.com.br\/index.php\/wp-json\/wp\/v2\/posts\/7542","targetHints":{"allow":["GET"]}}],"collection":[{"href":"https:\/\/comandogeraldanoticia.com.br\/index.php\/wp-json\/wp\/v2\/posts"}],"about":[{"href":"https:\/\/comandogeraldanoticia.com.br\/index.php\/wp-json\/wp\/v2\/types\/post"}],"author":[{"embeddable":true,"href":"https:\/\/comandogeraldanoticia.com.br\/index.php\/wp-json\/wp\/v2\/users\/1"}],"replies":[{"embeddable":true,"href":"https:\/\/comandogeraldanoticia.com.br\/index.php\/wp-json\/wp\/v2\/comments?post=7542"}],"version-history":[{"count":0,"href":"https:\/\/comandogeraldanoticia.com.br\/index.php\/wp-json\/wp\/v2\/posts\/7542\/revisions"}],"wp:featuredmedia":[{"embeddable":true,"href":"https:\/\/comandogeraldanoticia.com.br\/index.php\/wp-json\/wp\/v2\/media\/7543"}],"wp:attachment":[{"href":"https:\/\/comandogeraldanoticia.com.br\/index.php\/wp-json\/wp\/v2\/media?parent=7542"}],"wp:term":[{"taxonomy":"category","embeddable":true,"href":"https:\/\/comandogeraldanoticia.com.br\/index.php\/wp-json\/wp\/v2\/categories?post=7542"},{"taxonomy":"post_tag","embeddable":true,"href":"https:\/\/comandogeraldanoticia.com.br\/index.php\/wp-json\/wp\/v2\/tags?post=7542"}],"curies":[{"name":"wp","href":"https:\/\/api.w.org\/{rel}","templated":true}]}}