{"id":7540,"date":"2022-10-06T15:18:20","date_gmt":"2022-10-06T15:18:20","guid":{"rendered":"https:\/\/comandogeraldanoticia.com.br\/index.php\/2022\/10\/06\/museu-unica-recebeu-359-visitantes-no-ultimo-mes\/"},"modified":"2022-10-06T15:18:20","modified_gmt":"2022-10-06T15:18:20","slug":"museu-unica-recebeu-359-visitantes-no-ultimo-mes","status":"publish","type":"post","link":"https:\/\/comandogeraldanoticia.com.br\/index.php\/2022\/10\/06\/museu-unica-recebeu-359-visitantes-no-ultimo-mes\/","title":{"rendered":"Museu UNICA recebeu 359 visitantes no \u00faltimo m\u00eas"},"content":{"rendered":"<p>Ao todo, 359 pessoas conheceram o Museu de Ci\u00eancia e Tecnologia UNICA \u2013 Universo da Crian\u00e7a e do Adolescente, instalado na Cidade do Saber, entre 6 de setembro e 6 de outubro. Foram recebidas sete diferentes institui\u00e7\u00f5es, voltadas para o ensino fundamental I, fundamental II e m\u00e9dio. Desde a abertura da nova temporada do espa\u00e7o, em 20 de julho, foram totalizados 1.109 visitantes. Nesta quinta-feira (6\/10), o equipamento recebeu 30 alunos do 6\u00ba ao 9\u00ba ano da Escola Crescer e Saber.<\/p>\n<p>Entre os jovens presentes, estava Paulo Gabriel Lopes, 13 anos, que foi ao museu pela primeira vez. \u201cAchei muito interessante, aprendi v\u00e1rias coisas novas. Os experimentos que mais gostei foram os das bicicletas\u201d, contou o garoto. Os aparelhos transformam energia mec\u00e2nica, a partir das pedaladas, em energias el\u00e9trica e e\u00f3lica.<\/p>\n<p>J\u00e1 Let\u00edcia Silva, 13 anos, afirmou que o experimento preferido foi a Mostra Cheiros e Sabores, especialmente o que exige que o visitante adivinhe o produto a partir do olfato. \u201cAlguns assuntos abordados no museu eu j\u00e1 conhecia, outros, foram novidades e pude aprender. Achei a visita legal. Este \u00e9 um espa\u00e7o importante para Cama\u00e7ari\u201d, disse.<\/p>\n<p>Administrado pela Prefeitura, atrav\u00e9s da Secretaria da Cultura (Secult), a estrutura \u00e9 ideal para os amantes da ci\u00eancia, al\u00e9m de servir para que estudantes possam descomplicar e ver de forma pr\u00e1tica os conhecimentos aprendidos em sala de aula. O acervo conta ainda com um memorial do Polo Industrial de Cama\u00e7ari.<\/p>\n<p>O Museu UNICA ocupa uma \u00e1rea de 300 metros quadrados, contando com cerca de 40 experimentos de eletricidade, magnetismo, \u00f3ptica, ondas, mec\u00e2nica, energia e quadros de ilus\u00e3o \u00f3ptica. As visitas s\u00e3o guiadas por mediadores, com a proposta pedag\u00f3gica de ofertar ferramentas interativas no contexto da ci\u00eancia e tecnologia e, de forma l\u00fadica, colaborar com aprendizagens dos conte\u00fados formais aplicados em sala de aula. A visita\u00e7\u00e3o \u00e9 recomendada para pessoas com idade a partir de 7 anos.<\/p>\n<p>O agendamento para conhecer o equipamento deve ser feito com, no m\u00ednimo, 30 dias de anteced\u00eancia e atrav\u00e9s do e-mail: <a href=\"mailto:agendamento.unica@camacari.ba.gov.br\">agendamento.unica@camacari.ba.gov.br<\/a>. O grupo precisa ter, ao menos, 10 pessoas, sejam institui\u00e7\u00f5es ou a popula\u00e7\u00e3o de forma geral. As visitas acontecem de segunda a sexta-feira, das 9h \u00e0s 11h e das 14h \u00e0s 16h, e as pessoas devem chegar com 15 minutos de anteced\u00eancia e apresentar a confirma\u00e7\u00e3o do agendamento no dia. \u00c9 orientado para a visita a lavagem das m\u00e3os e o uso de \u00e1lcool em gel. N\u00e3o \u00e9 permitido entrar no local com bolsas, mochilas e qualquer tipo de alimento.<\/p>\n<p>A taxa de visita\u00e7\u00e3o custa R$ 10 (inteira) e R$ 5 (meia), e \u00e9 voltada para estudantes da rede privada e universit\u00e1rios. A entrada \u00e9 gratuita para grupos provenientes de escolas p\u00fablicas e de institui\u00e7\u00f5es sociais sem fins lucrativos; professores, coordenadores, diretores, supervisores, e quadro de apoio de escolas p\u00fablicas federais, estaduais ou municipais e de institui\u00e7\u00f5es privadas.<\/p>\n<figure class=\"wp-container-2 wp-block-gallery-1 wp-block-gallery has-nested-images columns-default is-cropped\">\n<figure class=\"wp-block-image size-large\"><img fetchpriority=\"high\" decoding=\"async\" width=\"1024\" height=\"683\" data-id=\"182827\" src=\"https:\/\/www.camacari.ba.gov.br\/wp-content\/uploads\/2022\/10\/secult-balanco-setembro-museuunica-tiago-pacheco-6.10.22-4-1024x683.jpg\" alt=\"\" class=\"wp-image-182827\" srcset=\"https:\/\/www.camacari.ba.gov.br\/wp-content\/uploads\/2022\/10\/secult-balanco-setembro-museuunica-tiago-pacheco-6.10.22-4-1024x683.jpg 1024w, https:\/\/www.camacari.ba.gov.br\/wp-content\/uploads\/2022\/10\/secult-balanco-setembro-museuunica-tiago-pacheco-6.10.22-4-300x200.jpg 300w, https:\/\/www.camacari.ba.gov.br\/wp-content\/uploads\/2022\/10\/secult-balanco-setembro-museuunica-tiago-pacheco-6.10.22-4-768x512.jpg 768w, https:\/\/www.camacari.ba.gov.br\/wp-content\/uploads\/2022\/10\/secult-balanco-setembro-museuunica-tiago-pacheco-6.10.22-4.jpg 1048w\" sizes=\"(max-width: 1024px) 100vw, 1024px\"><\/figure>\n<figure class=\"wp-block-image size-large\"><img loading=\"lazy\" decoding=\"async\" loading=\"lazy\" width=\"1024\" height=\"683\" data-id=\"182826\" src=\"https:\/\/www.camacari.ba.gov.br\/wp-content\/uploads\/2022\/10\/secult-balanco-setembro-museuunica-tiago-pacheco-6.10.22-5-1024x683.jpg\" alt=\"\" class=\"wp-image-182826\" srcset=\"https:\/\/www.camacari.ba.gov.br\/wp-content\/uploads\/2022\/10\/secult-balanco-setembro-museuunica-tiago-pacheco-6.10.22-5-1024x683.jpg 1024w, https:\/\/www.camacari.ba.gov.br\/wp-content\/uploads\/2022\/10\/secult-balanco-setembro-museuunica-tiago-pacheco-6.10.22-5-300x200.jpg 300w, https:\/\/www.camacari.ba.gov.br\/wp-content\/uploads\/2022\/10\/secult-balanco-setembro-museuunica-tiago-pacheco-6.10.22-5-768x512.jpg 768w, https:\/\/www.camacari.ba.gov.br\/wp-content\/uploads\/2022\/10\/secult-balanco-setembro-museuunica-tiago-pacheco-6.10.22-5.jpg 1048w\" sizes=\"auto, (max-width: 1024px) 100vw, 1024px\"><\/figure>\n<figure class=\"wp-block-image size-large\"><img loading=\"lazy\" decoding=\"async\" loading=\"lazy\" width=\"1024\" height=\"683\" data-id=\"182825\" src=\"https:\/\/www.camacari.ba.gov.br\/wp-content\/uploads\/2022\/10\/secult-balanco-setembro-museuunica-tiago-pacheco-6.10.22-7-1024x683.jpg\" alt=\"\" class=\"wp-image-182825\" srcset=\"https:\/\/www.camacari.ba.gov.br\/wp-content\/uploads\/2022\/10\/secult-balanco-setembro-museuunica-tiago-pacheco-6.10.22-7-1024x683.jpg 1024w, https:\/\/www.camacari.ba.gov.br\/wp-content\/uploads\/2022\/10\/secult-balanco-setembro-museuunica-tiago-pacheco-6.10.22-7-300x200.jpg 300w, https:\/\/www.camacari.ba.gov.br\/wp-content\/uploads\/2022\/10\/secult-balanco-setembro-museuunica-tiago-pacheco-6.10.22-7-768x512.jpg 768w, https:\/\/www.camacari.ba.gov.br\/wp-content\/uploads\/2022\/10\/secult-balanco-setembro-museuunica-tiago-pacheco-6.10.22-7.jpg 1048w\" sizes=\"auto, (max-width: 1024px) 100vw, 1024px\"><\/figure>\n<figure class=\"wp-block-image size-large\"><img loading=\"lazy\" decoding=\"async\" loading=\"lazy\" width=\"1024\" height=\"683\" data-id=\"182829\" src=\"https:\/\/www.camacari.ba.gov.br\/wp-content\/uploads\/2022\/10\/secult-balanco-setembro-museuunica-tiago-pacheco-6.10.22-8-1024x683.jpg\" alt=\"\" class=\"wp-image-182829\" srcset=\"https:\/\/www.camacari.ba.gov.br\/wp-content\/uploads\/2022\/10\/secult-balanco-setembro-museuunica-tiago-pacheco-6.10.22-8-1024x683.jpg 1024w, https:\/\/www.camacari.ba.gov.br\/wp-content\/uploads\/2022\/10\/secult-balanco-setembro-museuunica-tiago-pacheco-6.10.22-8-300x200.jpg 300w, https:\/\/www.camacari.ba.gov.br\/wp-content\/uploads\/2022\/10\/secult-balanco-setembro-museuunica-tiago-pacheco-6.10.22-8-768x512.jpg 768w, https:\/\/www.camacari.ba.gov.br\/wp-content\/uploads\/2022\/10\/secult-balanco-setembro-museuunica-tiago-pacheco-6.10.22-8.jpg 1048w\" sizes=\"auto, (max-width: 1024px) 100vw, 1024px\"><\/figure>\n<figure class=\"wp-block-image size-large\"><img loading=\"lazy\" decoding=\"async\" loading=\"lazy\" width=\"1024\" height=\"683\" data-id=\"182828\" src=\"https:\/\/www.camacari.ba.gov.br\/wp-content\/uploads\/2022\/10\/secult-balanco-setembro-museuunica-tiago-pacheco-6.10.22-13-1024x683.jpg\" alt=\"\" class=\"wp-image-182828\" srcset=\"https:\/\/www.camacari.ba.gov.br\/wp-content\/uploads\/2022\/10\/secult-balanco-setembro-museuunica-tiago-pacheco-6.10.22-13-1024x683.jpg 1024w, https:\/\/www.camacari.ba.gov.br\/wp-content\/uploads\/2022\/10\/secult-balanco-setembro-museuunica-tiago-pacheco-6.10.22-13-300x200.jpg 300w, https:\/\/www.camacari.ba.gov.br\/wp-content\/uploads\/2022\/10\/secult-balanco-setembro-museuunica-tiago-pacheco-6.10.22-13-768x512.jpg 768w, https:\/\/www.camacari.ba.gov.br\/wp-content\/uploads\/2022\/10\/secult-balanco-setembro-museuunica-tiago-pacheco-6.10.22-13.jpg 1048w\" sizes=\"auto, (max-width: 1024px) 100vw, 1024px\"><\/figure>\n<figure class=\"wp-block-image size-large\"><img loading=\"lazy\" decoding=\"async\" loading=\"lazy\" width=\"1024\" height=\"683\" data-id=\"182830\" src=\"https:\/\/www.camacari.ba.gov.br\/wp-content\/uploads\/2022\/10\/secult-balanco-setembro-museuunica-tiago-pacheco-6.10.22-16-1024x683.jpg\" alt=\"\" class=\"wp-image-182830\" srcset=\"https:\/\/www.camacari.ba.gov.br\/wp-content\/uploads\/2022\/10\/secult-balanco-setembro-museuunica-tiago-pacheco-6.10.22-16-1024x683.jpg 1024w, https:\/\/www.camacari.ba.gov.br\/wp-content\/uploads\/2022\/10\/secult-balanco-setembro-museuunica-tiago-pacheco-6.10.22-16-300x200.jpg 300w, https:\/\/www.camacari.ba.gov.br\/wp-content\/uploads\/2022\/10\/secult-balanco-setembro-museuunica-tiago-pacheco-6.10.22-16-768x512.jpg 768w, https:\/\/www.camacari.ba.gov.br\/wp-content\/uploads\/2022\/10\/secult-balanco-setembro-museuunica-tiago-pacheco-6.10.22-16.jpg 1048w\" sizes=\"auto, (max-width: 1024px) 100vw, 1024px\"><\/figure>\n<figure class=\"wp-block-image size-large\"><img loading=\"lazy\" decoding=\"async\" loading=\"lazy\" width=\"1024\" height=\"683\" data-id=\"182831\" src=\"https:\/\/www.camacari.ba.gov.br\/wp-content\/uploads\/2022\/10\/secult-balanco-setembro-museuunica-tiago-pacheco-6.10.22-paulo-1024x683.jpg\" alt=\"\" class=\"wp-image-182831\" srcset=\"https:\/\/www.camacari.ba.gov.br\/wp-content\/uploads\/2022\/10\/secult-balanco-setembro-museuunica-tiago-pacheco-6.10.22-paulo-1024x683.jpg 1024w, https:\/\/www.camacari.ba.gov.br\/wp-content\/uploads\/2022\/10\/secult-balanco-setembro-museuunica-tiago-pacheco-6.10.22-paulo-300x200.jpg 300w, https:\/\/www.camacari.ba.gov.br\/wp-content\/uploads\/2022\/10\/secult-balanco-setembro-museuunica-tiago-pacheco-6.10.22-paulo-768x512.jpg 768w, https:\/\/www.camacari.ba.gov.br\/wp-content\/uploads\/2022\/10\/secult-balanco-setembro-museuunica-tiago-pacheco-6.10.22-paulo.jpg 1048w\" sizes=\"auto, (max-width: 1024px) 100vw, 1024px\"><figcaption>Paulo Gabriel<\/figcaption><\/figure>\n<figure class=\"wp-block-image size-large\"><img loading=\"lazy\" decoding=\"async\" loading=\"lazy\" width=\"1024\" height=\"683\" data-id=\"182832\" src=\"https:\/\/www.camacari.ba.gov.br\/wp-content\/uploads\/2022\/10\/secult-balanco-setembro-museuunica-tiago-pacheco-6.10.22-18-1024x683.jpg\" alt=\"\" class=\"wp-image-182832\" srcset=\"https:\/\/www.camacari.ba.gov.br\/wp-content\/uploads\/2022\/10\/secult-balanco-setembro-museuunica-tiago-pacheco-6.10.22-18-1024x683.jpg 1024w, https:\/\/www.camacari.ba.gov.br\/wp-content\/uploads\/2022\/10\/secult-balanco-setembro-museuunica-tiago-pacheco-6.10.22-18-300x200.jpg 300w, https:\/\/www.camacari.ba.gov.br\/wp-content\/uploads\/2022\/10\/secult-balanco-setembro-museuunica-tiago-pacheco-6.10.22-18-768x512.jpg 768w, https:\/\/www.camacari.ba.gov.br\/wp-content\/uploads\/2022\/10\/secult-balanco-setembro-museuunica-tiago-pacheco-6.10.22-18.jpg 1048w\" sizes=\"auto, (max-width: 1024px) 100vw, 1024px\"><\/figure>\n<figure class=\"wp-block-image size-large\"><img loading=\"lazy\" decoding=\"async\" loading=\"lazy\" width=\"1024\" height=\"683\" data-id=\"182833\" src=\"https:\/\/www.camacari.ba.gov.br\/wp-content\/uploads\/2022\/10\/secult-balanco-setembro-museuunica-tiago-pacheco-6.10.22-leticia-1024x683.jpg\" alt=\"\" class=\"wp-image-182833\" srcset=\"https:\/\/www.camacari.ba.gov.br\/wp-content\/uploads\/2022\/10\/secult-balanco-setembro-museuunica-tiago-pacheco-6.10.22-leticia-1024x683.jpg 1024w, https:\/\/www.camacari.ba.gov.br\/wp-content\/uploads\/2022\/10\/secult-balanco-setembro-museuunica-tiago-pacheco-6.10.22-leticia-300x200.jpg 300w, https:\/\/www.camacari.ba.gov.br\/wp-content\/uploads\/2022\/10\/secult-balanco-setembro-museuunica-tiago-pacheco-6.10.22-leticia-768x512.jpg 768w, https:\/\/www.camacari.ba.gov.br\/wp-content\/uploads\/2022\/10\/secult-balanco-setembro-museuunica-tiago-pacheco-6.10.22-leticia.jpg 1048w\" sizes=\"auto, (max-width: 1024px) 100vw, 1024px\"><figcaption>Let\u00edcia Silva<\/figcaption><\/figure><figcaption class=\"blocks-gallery-caption\">Foto: Tiago Pacheco<\/figcaption><\/figure>\n","protected":false},"excerpt":{"rendered":"<p>Ao todo, 359 pessoas conheceram o Museu de Ci\u00eancia e Tecnologia UNICA \u2013 Universo da Crian\u00e7a e do Adolescente, instalado na Cidade do Saber, entre 6 de setembro e 6 de outubro. Foram recebidas sete diferentes institui\u00e7\u00f5es, voltadas para o ensino fundamental I, fundamental II e m\u00e9dio. Desde a abertura da nova temporada do espa\u00e7o,<\/p>\n","protected":false},"author":1,"featured_media":7541,"comment_status":"open","ping_status":"open","sticky":false,"template":"","format":"standard","meta":{"om_disable_all_campaigns":false,"_monsterinsights_skip_tracking":false,"_monsterinsights_sitenote_active":false,"_monsterinsights_sitenote_note":"","_monsterinsights_sitenote_category":0,"footnotes":""},"categories":[40],"tags":[],"class_list":{"0":"post-7540","1":"post","2":"type-post","3":"status-publish","4":"format-standard","5":"has-post-thumbnail","7":"category-camacari"},"_links":{"self":[{"href":"https:\/\/comandogeraldanoticia.com.br\/index.php\/wp-json\/wp\/v2\/posts\/7540","targetHints":{"allow":["GET"]}}],"collection":[{"href":"https:\/\/comandogeraldanoticia.com.br\/index.php\/wp-json\/wp\/v2\/posts"}],"about":[{"href":"https:\/\/comandogeraldanoticia.com.br\/index.php\/wp-json\/wp\/v2\/types\/post"}],"author":[{"embeddable":true,"href":"https:\/\/comandogeraldanoticia.com.br\/index.php\/wp-json\/wp\/v2\/users\/1"}],"replies":[{"embeddable":true,"href":"https:\/\/comandogeraldanoticia.com.br\/index.php\/wp-json\/wp\/v2\/comments?post=7540"}],"version-history":[{"count":0,"href":"https:\/\/comandogeraldanoticia.com.br\/index.php\/wp-json\/wp\/v2\/posts\/7540\/revisions"}],"wp:featuredmedia":[{"embeddable":true,"href":"https:\/\/comandogeraldanoticia.com.br\/index.php\/wp-json\/wp\/v2\/media\/7541"}],"wp:attachment":[{"href":"https:\/\/comandogeraldanoticia.com.br\/index.php\/wp-json\/wp\/v2\/media?parent=7540"}],"wp:term":[{"taxonomy":"category","embeddable":true,"href":"https:\/\/comandogeraldanoticia.com.br\/index.php\/wp-json\/wp\/v2\/categories?post=7540"},{"taxonomy":"post_tag","embeddable":true,"href":"https:\/\/comandogeraldanoticia.com.br\/index.php\/wp-json\/wp\/v2\/tags?post=7540"}],"curies":[{"name":"wp","href":"https:\/\/api.w.org\/{rel}","templated":true}]}}