{"id":7536,"date":"2022-10-06T15:17:53","date_gmt":"2022-10-06T15:17:53","guid":{"rendered":"https:\/\/comandogeraldanoticia.com.br\/index.php\/2022\/10\/06\/putas-e-ninfomaniacas-universitarios-da-espanha-sao-expulsos-apos-xingarem-vizinhas-de-residencia\/"},"modified":"2022-10-06T15:17:53","modified_gmt":"2022-10-06T15:17:53","slug":"putas-e-ninfomaniacas-universitarios-da-espanha-sao-expulsos-apos-xingarem-vizinhas-de-residencia","status":"publish","type":"post","link":"https:\/\/comandogeraldanoticia.com.br\/index.php\/2022\/10\/06\/putas-e-ninfomaniacas-universitarios-da-espanha-sao-expulsos-apos-xingarem-vizinhas-de-residencia\/","title":{"rendered":"&#8216;Putas e ninfoman\u00edacas&#8217;: universit\u00e1rios da Espanha s\u00e3o expulsos ap\u00f3s xingarem vizinhas de resid\u00eancia"},"content":{"rendered":"<p>Dezenas de jovens de Madri, na Espanha, foram expulsos de uma tradicional resid\u00eancia universit\u00e1ria em que viviam ap\u00f3s um v\u00eddeo em que eles xingam colegas de &#8220;putas&#8221; e &#8220;ninfoman\u00edacas&#8221; viralizar nas redes sociais.<br \/>\nNas imagens, dezenas de meninos da resid\u00eancia El\u00edas Ahuja &#8211; uma esp\u00e9cie de rep\u00fablica normalmente frequentada pela elite do pa\u00eds &#8211; seguiam, em coro, um colega que, com um megafone, dizia \u00e0s meninas da resid\u00eancia vizinha:<br \/>\n&#8220;Putas, saiam de suas tocas como coelhas. Voc\u00eas s\u00e3o umas putas ninfoman\u00edacas, prometo que todas v\u00e3o f&#8230;. na capea (uma festa t\u00edpica frequentada por jovens)&#8221;.<br \/>\nAo final do coro, dezenas de meninos abrem as janelas de seus quartos.<br \/>\nInitial plugin text<br \/>\nO v\u00eddeo viralizou na Espanha, e, como consequ\u00eancia, a resid\u00eancia abriu um expediente para identificar e expulsar todos os que participaram do coro.<br \/>\n A resid\u00eancia, tradicional e normalmente frequentada por jovens da classe m\u00e9dia alta e da elite espanhola, pertende \u00e0 Universidad Complutense de Madrid, uma universidade p\u00fablica da capital espanhola.<br \/>\nA dire\u00e7\u00e3o da Complutense disse que tamb\u00e9m abriu uma investiga\u00e7\u00e3o para investigar o caso e tomar provid\u00eancias.<br \/>\nA ministra de Igualdade da Espanha, Irene Montero, condenou o caso.<br \/>\n&#8220;\u00c9 mais uma prova de que precisamos ter educa\u00e7\u00e3o sexual para que os adolescentes aprendam o que n\u00e3o se pode falar e fazer,  que n\u00e3o se pode refor\u00e7ar discursos que sempre colocar a mulher como objetos sexuais. E mostra tamb\u00e9m que as institui\u00e7\u00f5es deixem de legitimar os discursos machistas que negam a viol\u00eancia contra as mulheres&#8221;, declarou.<\/p>\n","protected":false},"excerpt":{"rendered":"<p>Dezenas de jovens de Madri, na Espanha, foram expulsos de uma tradicional resid\u00eancia universit\u00e1ria em que viviam ap\u00f3s um v\u00eddeo em que eles xingam colegas de &#8220;putas&#8221; e &#8220;ninfoman\u00edacas&#8221; viralizar nas redes sociais. Nas imagens, dezenas de meninos da resid\u00eancia El\u00edas Ahuja &#8211; uma esp\u00e9cie de rep\u00fablica normalmente frequentada pela elite do pa\u00eds &#8211; seguiam,<\/p>\n","protected":false},"author":1,"featured_media":7537,"comment_status":"open","ping_status":"open","sticky":false,"template":"","format":"standard","meta":{"om_disable_all_campaigns":false,"_monsterinsights_skip_tracking":false,"_monsterinsights_sitenote_active":false,"_monsterinsights_sitenote_note":"","_monsterinsights_sitenote_category":0,"footnotes":""},"categories":[47],"tags":[],"class_list":{"0":"post-7536","1":"post","2":"type-post","3":"status-publish","4":"format-standard","5":"has-post-thumbnail","7":"category-mundo"},"_links":{"self":[{"href":"https:\/\/comandogeraldanoticia.com.br\/index.php\/wp-json\/wp\/v2\/posts\/7536","targetHints":{"allow":["GET"]}}],"collection":[{"href":"https:\/\/comandogeraldanoticia.com.br\/index.php\/wp-json\/wp\/v2\/posts"}],"about":[{"href":"https:\/\/comandogeraldanoticia.com.br\/index.php\/wp-json\/wp\/v2\/types\/post"}],"author":[{"embeddable":true,"href":"https:\/\/comandogeraldanoticia.com.br\/index.php\/wp-json\/wp\/v2\/users\/1"}],"replies":[{"embeddable":true,"href":"https:\/\/comandogeraldanoticia.com.br\/index.php\/wp-json\/wp\/v2\/comments?post=7536"}],"version-history":[{"count":0,"href":"https:\/\/comandogeraldanoticia.com.br\/index.php\/wp-json\/wp\/v2\/posts\/7536\/revisions"}],"wp:featuredmedia":[{"embeddable":true,"href":"https:\/\/comandogeraldanoticia.com.br\/index.php\/wp-json\/wp\/v2\/media\/7537"}],"wp:attachment":[{"href":"https:\/\/comandogeraldanoticia.com.br\/index.php\/wp-json\/wp\/v2\/media?parent=7536"}],"wp:term":[{"taxonomy":"category","embeddable":true,"href":"https:\/\/comandogeraldanoticia.com.br\/index.php\/wp-json\/wp\/v2\/categories?post=7536"},{"taxonomy":"post_tag","embeddable":true,"href":"https:\/\/comandogeraldanoticia.com.br\/index.php\/wp-json\/wp\/v2\/tags?post=7536"}],"curies":[{"name":"wp","href":"https:\/\/api.w.org\/{rel}","templated":true}]}}