{"id":7534,"date":"2022-10-06T14:12:53","date_gmt":"2022-10-06T14:12:53","guid":{"rendered":"https:\/\/comandogeraldanoticia.com.br\/index.php\/2022\/10\/06\/varejo-e-servicos-devem-abrir-95-mil-vagas-temporarias-para-o-fim-de-ano-11-mil-a-menos-que-no-ano-passado-diz-cndl-spc\/"},"modified":"2022-10-06T14:12:53","modified_gmt":"2022-10-06T14:12:53","slug":"varejo-e-servicos-devem-abrir-95-mil-vagas-temporarias-para-o-fim-de-ano-11-mil-a-menos-que-no-ano-passado-diz-cndl-spc","status":"publish","type":"post","link":"https:\/\/comandogeraldanoticia.com.br\/index.php\/2022\/10\/06\/varejo-e-servicos-devem-abrir-95-mil-vagas-temporarias-para-o-fim-de-ano-11-mil-a-menos-que-no-ano-passado-diz-cndl-spc\/","title":{"rendered":"Varejo e servi\u00e7os devem abrir 95 mil vagas tempor\u00e1rias para o fim de ano, 11 mil a menos que no ano passado, diz CNDL\/SPC"},"content":{"rendered":"<p>Pesquisa aponta que a maioria das contrata\u00e7\u00f5es ser\u00e1 sem carteira assinada; m\u00e9dia da remunera\u00e7\u00e3o \u00e9 de R$ 1.648. Com\u00e9rcio e servi\u00e7os ter\u00e3o menos vagas tempor\u00e1rias no fim de 2022, diz CNDL<br \/>\nOs setores do com\u00e9rcio e de servi\u00e7os preveem a abertura de 94,7 mil vagas tempor\u00e1rias at\u00e9 o final do ano. O levantamento foi realizado em todas as regi\u00f5es do pa\u00eds pela Confedera\u00e7\u00e3o Nacional de Dirigentes Lojistas (CNDL) e pelo Servi\u00e7o de Prote\u00e7\u00e3o ao Cr\u00e9dito (SPC Brasil), em parceria com o Sebrae.<br \/>\nO n\u00famero veio abaixo da proje\u00e7\u00e3o da pesquisa de 2021 (105.723 vagas), quando havia otimismo relacionado \u00e0 atenua\u00e7\u00e3o da pandemia e o retorno \u00e0 vida \u201cnormal\u201d. E tamb\u00e9m \u00e9 menor que o de 2019 (103.211 vagas).<br \/>\nOs principais motivos entre os que n\u00e3o ir\u00e3o contratar s\u00e3o n\u00e3o acreditar em aumento significativo da demanda que justifique as contrata\u00e7\u00f5es (35%), n\u00e3o ter verba suficiente para contrata\u00e7\u00f5es (25%) e  consideram encargos trabalhistas muito altos (19%).<br \/>\nJ\u00e1 entre os empres\u00e1rios que pretendem contratar tempor\u00e1rios, 77% justificam que h\u00e1 demanda no per\u00edodo.<br \/>\nLeia tamb\u00e9m:<br \/>\nAp\u00f3s boom de vagas tempor\u00e1rias na pandemia, previs\u00e3o \u00e9 de retorno de contrata\u00e7\u00f5es sazonais<br \/>\nEst\u00e1 em busca de uma vaga tempor\u00e1ria? Veja dicas para o curr\u00edculo<br \/>\nCurr\u00edculo para primeiro emprego: veja dicas, como montar e baixe modelos<br \/>\nMaioria planeja contrata\u00e7\u00f5es sem carteira assinada<br \/>\nEntre as empresas que far\u00e3o contrata\u00e7\u00f5es tempor\u00e1rias, 78% far\u00e3o contrata\u00e7\u00f5es com dura\u00e7\u00e3o de at\u00e9 3 meses.<br \/>\nConsiderando a forma da contrata\u00e7\u00e3o, 49% afirmam que far\u00e3o contrata\u00e7\u00f5es informais (sem carteira assinada) e 48% far\u00e3o contrata\u00e7\u00f5es com registro. Outros 14% far\u00e3o contrata\u00e7\u00f5es de terceirizados.<br \/>\nA m\u00e9dia de funcion\u00e1rios contratados temporariamente ser\u00e1 de 1,5 por empresa.<br \/>\nVendedor, ajudante e balconista t\u00eam mais vagas<br \/>\nAs fun\u00e7\u00f5es mais demandadas pelas empresas ser\u00e3o vendedores (29%), ajudantes (24%), balconistas (16%), cabeleireiros (7%), manicures (7%) e entregadores (6%).<br \/>\nAs mulheres s\u00e3o preferidas (25%) em rela\u00e7\u00e3o aos homens (17%), embora a maioria (55%) afirme n\u00e3o se importar com o sexo dos funcion\u00e1rios.<br \/>\nMais da metade das empresas (61%) prefere jovens de 18 a 34 anos \u2013 a faixa et\u00e1ria m\u00e9dia \u00e9 de 28 anos.<br \/>\nA expectativa m\u00e9dia de sal\u00e1rio \u00e9 de 1,36 sal\u00e1rios-m\u00ednimos, cerca de R$ 1.648. A maioria (63%) ofertar\u00e1 vagas para jornada de trabalho entre 6 horas e 8 horas di\u00e1rias.<br \/>\nDe acordo com os empres\u00e1rios, 30% pretendem iniciar as contrata\u00e7\u00f5es em outubro, 26% em novembro e 17% em dezembro.<br \/>\nQueda nas demiss\u00f5es<br \/>\nApesar da redu\u00e7\u00e3o no n\u00famero de vagas que devem ser criadas, a pesquisa aponta que 87% dos empres\u00e1rios n\u00e3o fizeram demiss\u00f5es nos \u00faltimos 3 meses, 10 pontos percentuais a mais em rela\u00e7\u00e3o ao ano passado.<br \/>\nDe acordo com o levantamento, 69% dos entrevistados afirmam que pretendem manter o n\u00famero de funcion\u00e1rios para o 2\u00ba semestre, enquanto 16% pretendem aumentar o quadro de colaboradores. J\u00e1 26% dos empres\u00e1rios afirmam que j\u00e1 contrataram ou pretendem contratar funcion\u00e1rios para o final de ano.<br \/>\n\u201cA diminui\u00e7\u00e3o do n\u00famero de vagas que ser\u00e3o abertas mostra um cen\u00e1rio de cautela e incertezas por parte dos empres\u00e1rios, o que pode estar ligado ao momento do pa\u00eds, com cen\u00e1rio eleitoral, infla\u00e7\u00e3o alta e eleva\u00e7\u00e3o da taxa de juros. Ao mesmo tempo, vemos o crescimento do PIB e que as empresas est\u00e3o demitindo menos, o que traz al\u00edvio para os funcion\u00e1rios e aponta uma maior estabilidade do desemprego no pa\u00eds\u201d, destaca o presidente da CNDL, Jos\u00e9 C\u00e9sar da Costa.<\/p>\n","protected":false},"excerpt":{"rendered":"<p>Pesquisa aponta que a maioria das contrata\u00e7\u00f5es ser\u00e1 sem carteira assinada; m\u00e9dia da remunera\u00e7\u00e3o \u00e9 de R$ 1.648. Com\u00e9rcio e servi\u00e7os ter\u00e3o menos vagas tempor\u00e1rias no fim de 2022, diz CNDL Os setores do com\u00e9rcio e de servi\u00e7os preveem a abertura de 94,7 mil vagas tempor\u00e1rias at\u00e9 o final do ano. O levantamento foi realizado<\/p>\n","protected":false},"author":1,"featured_media":7535,"comment_status":"open","ping_status":"open","sticky":false,"template":"","format":"standard","meta":{"om_disable_all_campaigns":false,"_monsterinsights_skip_tracking":false,"_monsterinsights_sitenote_active":false,"_monsterinsights_sitenote_note":"","_monsterinsights_sitenote_category":0,"footnotes":""},"categories":[43],"tags":[],"class_list":{"0":"post-7534","1":"post","2":"type-post","3":"status-publish","4":"format-standard","5":"has-post-thumbnail","7":"category-economia"},"_links":{"self":[{"href":"https:\/\/comandogeraldanoticia.com.br\/index.php\/wp-json\/wp\/v2\/posts\/7534","targetHints":{"allow":["GET"]}}],"collection":[{"href":"https:\/\/comandogeraldanoticia.com.br\/index.php\/wp-json\/wp\/v2\/posts"}],"about":[{"href":"https:\/\/comandogeraldanoticia.com.br\/index.php\/wp-json\/wp\/v2\/types\/post"}],"author":[{"embeddable":true,"href":"https:\/\/comandogeraldanoticia.com.br\/index.php\/wp-json\/wp\/v2\/users\/1"}],"replies":[{"embeddable":true,"href":"https:\/\/comandogeraldanoticia.com.br\/index.php\/wp-json\/wp\/v2\/comments?post=7534"}],"version-history":[{"count":0,"href":"https:\/\/comandogeraldanoticia.com.br\/index.php\/wp-json\/wp\/v2\/posts\/7534\/revisions"}],"wp:featuredmedia":[{"embeddable":true,"href":"https:\/\/comandogeraldanoticia.com.br\/index.php\/wp-json\/wp\/v2\/media\/7535"}],"wp:attachment":[{"href":"https:\/\/comandogeraldanoticia.com.br\/index.php\/wp-json\/wp\/v2\/media?parent=7534"}],"wp:term":[{"taxonomy":"category","embeddable":true,"href":"https:\/\/comandogeraldanoticia.com.br\/index.php\/wp-json\/wp\/v2\/categories?post=7534"},{"taxonomy":"post_tag","embeddable":true,"href":"https:\/\/comandogeraldanoticia.com.br\/index.php\/wp-json\/wp\/v2\/tags?post=7534"}],"curies":[{"name":"wp","href":"https:\/\/api.w.org\/{rel}","templated":true}]}}