{"id":7532,"date":"2022-10-06T14:12:54","date_gmt":"2022-10-06T14:12:54","guid":{"rendered":"https:\/\/comandogeraldanoticia.com.br\/index.php\/2022\/10\/06\/quase-um-luxo-precos-do-cafe-na-ue-sobem-169-em-agosto\/"},"modified":"2022-10-06T14:12:54","modified_gmt":"2022-10-06T14:12:54","slug":"quase-um-luxo-precos-do-cafe-na-ue-sobem-169-em-agosto","status":"publish","type":"post","link":"https:\/\/comandogeraldanoticia.com.br\/index.php\/2022\/10\/06\/quase-um-luxo-precos-do-cafe-na-ue-sobem-169-em-agosto\/","title":{"rendered":"&#8216;Quase um luxo&#8217;: pre\u00e7os do caf\u00e9 na UE sobem 16,9% em agosto"},"content":{"rendered":"<p>Pre\u00e7os do leite e do a\u00e7\u00facar tamb\u00e9m dispararam no bloco, em rela\u00e7\u00e3o ao ano anterior.  Come\u00e7ar o dia com uma x\u00edcara de caf\u00e9 ficou mais caro, disse o escrit\u00f3rio de estat\u00edsticas da Uni\u00e3o Europeia (Eurostat) nesta quinta-feira (6), destacando um salto no pre\u00e7o do produto b\u00e1sico junto com os do a\u00e7\u00facar e do leite.<br \/>\n&#8220;Os recentes aumentos de pre\u00e7os podem tornar este elemento do caf\u00e9 da manh\u00e3 quase um luxo&#8221;, disse o Eurostat, informando que os pre\u00e7os do caf\u00e9 subiram, em m\u00e9dia, 16,9% em agosto em rela\u00e7\u00e3o ao ano anterior.<br \/>\nDia Internacional do Caf\u00e9: 1\u00ba\/10 \u00e9 dia da segunda bebida mais consumida do mundo<br \/>\nO leite integral fresco agora custa 24,3% a mais, em m\u00e9dia, enquanto os consumidores pagam 22,2% a mais pelo leite fresco com baixo teor de gordura, disse o Eurostat. O a\u00e7\u00facar teve a maior alta, com seu pre\u00e7o m\u00e9dio saltando 33,4%. Todas as compara\u00e7\u00f5es s\u00e3o em rela\u00e7\u00e3o a agosto de 2021.<br \/>\nOs dados mostraram que os pre\u00e7os desses quatro itens aumentaram em todos os pa\u00edses membros da UE, exceto Malta, onde o pre\u00e7o do leite fresco com baixo teor de gordura permaneceu inalterado.<br \/>\nA Finl\u00e2ndia e a Litu\u00e2nia registraram as maiores varia\u00e7\u00f5es nos pre\u00e7os do caf\u00e9, com aumentos de 43,6% e 39,9%, respectivamente, seguidas pela Su\u00e9cia e pela Est\u00f4nia.<br \/>\nA Pol\u00f4nia registrou o maior salto nos pre\u00e7os do a\u00e7\u00facar, de 109,2% em rela\u00e7\u00e3o a agosto de 2021.<br \/>\nNa zona do euro, a infla\u00e7\u00e3o de pre\u00e7os ao consumidor atingiu 9,1% em agosto, impulsionada pelos pre\u00e7os de energia e alimentos. A infla\u00e7\u00e3o atingiu um novo recorde de 10% em setembro, de acordo com uma estimativa do Eurostat.<\/p>\n","protected":false},"excerpt":{"rendered":"<p>Pre\u00e7os do leite e do a\u00e7\u00facar tamb\u00e9m dispararam no bloco, em rela\u00e7\u00e3o ao ano anterior. Come\u00e7ar o dia com uma x\u00edcara de caf\u00e9 ficou mais caro, disse o escrit\u00f3rio de estat\u00edsticas da Uni\u00e3o Europeia (Eurostat) nesta quinta-feira (6), destacando um salto no pre\u00e7o do produto b\u00e1sico junto com os do a\u00e7\u00facar e do leite. &#8220;Os<\/p>\n","protected":false},"author":1,"featured_media":7533,"comment_status":"open","ping_status":"open","sticky":false,"template":"","format":"standard","meta":{"om_disable_all_campaigns":false,"_monsterinsights_skip_tracking":false,"_monsterinsights_sitenote_active":false,"_monsterinsights_sitenote_note":"","_monsterinsights_sitenote_category":0,"footnotes":""},"categories":[43],"tags":[],"class_list":{"0":"post-7532","1":"post","2":"type-post","3":"status-publish","4":"format-standard","5":"has-post-thumbnail","7":"category-economia"},"_links":{"self":[{"href":"https:\/\/comandogeraldanoticia.com.br\/index.php\/wp-json\/wp\/v2\/posts\/7532","targetHints":{"allow":["GET"]}}],"collection":[{"href":"https:\/\/comandogeraldanoticia.com.br\/index.php\/wp-json\/wp\/v2\/posts"}],"about":[{"href":"https:\/\/comandogeraldanoticia.com.br\/index.php\/wp-json\/wp\/v2\/types\/post"}],"author":[{"embeddable":true,"href":"https:\/\/comandogeraldanoticia.com.br\/index.php\/wp-json\/wp\/v2\/users\/1"}],"replies":[{"embeddable":true,"href":"https:\/\/comandogeraldanoticia.com.br\/index.php\/wp-json\/wp\/v2\/comments?post=7532"}],"version-history":[{"count":0,"href":"https:\/\/comandogeraldanoticia.com.br\/index.php\/wp-json\/wp\/v2\/posts\/7532\/revisions"}],"wp:featuredmedia":[{"embeddable":true,"href":"https:\/\/comandogeraldanoticia.com.br\/index.php\/wp-json\/wp\/v2\/media\/7533"}],"wp:attachment":[{"href":"https:\/\/comandogeraldanoticia.com.br\/index.php\/wp-json\/wp\/v2\/media?parent=7532"}],"wp:term":[{"taxonomy":"category","embeddable":true,"href":"https:\/\/comandogeraldanoticia.com.br\/index.php\/wp-json\/wp\/v2\/categories?post=7532"},{"taxonomy":"post_tag","embeddable":true,"href":"https:\/\/comandogeraldanoticia.com.br\/index.php\/wp-json\/wp\/v2\/tags?post=7532"}],"curies":[{"name":"wp","href":"https:\/\/api.w.org\/{rel}","templated":true}]}}