{"id":74976,"date":"2026-04-05T17:50:45","date_gmt":"2026-04-05T17:50:45","guid":{"rendered":"https:\/\/comandogeraldanoticia.com.br\/?p=74976"},"modified":"2026-04-05T17:51:28","modified_gmt":"2026-04-05T17:51:28","slug":"cristiano-ronaldo-marca-duas-vezes-e-se-aproxima-dos-mil-gols","status":"publish","type":"post","link":"https:\/\/comandogeraldanoticia.com.br\/index.php\/2026\/04\/05\/cristiano-ronaldo-marca-duas-vezes-e-se-aproxima-dos-mil-gols\/","title":{"rendered":"Cristiano Ronaldo marca duas vezes e se aproxima dos mil gols"},"content":{"rendered":"\n<p>Foto: Al-Nassr\/X<\/p>\n\n\n\n<p>Cristiano Ronaldo voltou a ser decisivo e se aproximou ainda mais da marca de mil gols na carreira. O portugu\u00eas anotou dois gols na vit\u00f3ria do Al-Nassr sobre o Al-Najma, nesta sexta-feira (3), pelo Campeonato Saudita.<\/p>\n\n\n\n<p>Com os dois tentos, o astro chegou a 966 gols em jogos oficiais. Os n\u00fameros consideram as passagens do centroavante por Sporting, Manchester United, Real Madrid, Juventus, Al-Nassr e Sele\u00e7\u00e3o Portuguesa.<\/p>\n\n\n\n<p>Assim, restam 34 gols para que o portugu\u00eas alcance o feito hist\u00f3rico. Entre os f\u00e3s, a expectativa \u00e9 de que o camisa 7 atinja o mil\u00e9simo gol durante a Copa do Mundo, defendendo Portugal. A Sele\u00e7\u00e3o Portuguesa estreia no dia 23 de junho, contra o Uzbequist\u00e3o.<\/p>\n\n\n\n<p>O Al-Nassr enfrenta o Al-Okhdood Club no s\u00e1bado (11), \u00e0s 15h (de Bras\u00edlia), no Prince Hathloul bin Abdulaziz Sports City Stadium, em Najran. A partida \u00e9 v\u00e1lida pela 28\u00aa rodada do Campeonato Saudita.<br>Gols de Cristiano Ronaldo na carreira:<\/p>\n\n\n\n<pre class=\"wp-block-code\"><code>Real Madrid: 438 gols\nManchester Unided: 346 gols\nJuventus: 134 gols\nAl-Nassr: 131 gols\nSporting: 31 gols\nSele\u00e7\u00e3o Portuguesa: 143 gols<\/code><\/pre>\n\n\n\n<p>Fonte: CNN Brasil<\/p>\n","protected":false},"excerpt":{"rendered":"<p>Foto: Al-Nassr\/X Cristiano Ronaldo voltou a ser decisivo e se aproximou ainda mais da marca de mil gols na carreira. O portugu\u00eas anotou dois gols na vit\u00f3ria do Al-Nassr sobre o Al-Najma, nesta sexta-feira (3), pelo Campeonato Saudita. Com os dois tentos, o astro chegou a 966 gols em jogos oficiais. Os n\u00fameros consideram as<\/p>\n","protected":false},"author":5,"featured_media":74977,"comment_status":"open","ping_status":"open","sticky":false,"template":"","format":"standard","meta":{"om_disable_all_campaigns":false,"_monsterinsights_skip_tracking":false,"_monsterinsights_sitenote_active":false,"_monsterinsights_sitenote_note":"","_monsterinsights_sitenote_category":0,"footnotes":""},"categories":[48],"tags":[],"class_list":{"0":"post-74976","1":"post","2":"type-post","3":"status-publish","4":"format-standard","5":"has-post-thumbnail","7":"category-esporte"},"_links":{"self":[{"href":"https:\/\/comandogeraldanoticia.com.br\/index.php\/wp-json\/wp\/v2\/posts\/74976","targetHints":{"allow":["GET"]}}],"collection":[{"href":"https:\/\/comandogeraldanoticia.com.br\/index.php\/wp-json\/wp\/v2\/posts"}],"about":[{"href":"https:\/\/comandogeraldanoticia.com.br\/index.php\/wp-json\/wp\/v2\/types\/post"}],"author":[{"embeddable":true,"href":"https:\/\/comandogeraldanoticia.com.br\/index.php\/wp-json\/wp\/v2\/users\/5"}],"replies":[{"embeddable":true,"href":"https:\/\/comandogeraldanoticia.com.br\/index.php\/wp-json\/wp\/v2\/comments?post=74976"}],"version-history":[{"count":1,"href":"https:\/\/comandogeraldanoticia.com.br\/index.php\/wp-json\/wp\/v2\/posts\/74976\/revisions"}],"predecessor-version":[{"id":74978,"href":"https:\/\/comandogeraldanoticia.com.br\/index.php\/wp-json\/wp\/v2\/posts\/74976\/revisions\/74978"}],"wp:featuredmedia":[{"embeddable":true,"href":"https:\/\/comandogeraldanoticia.com.br\/index.php\/wp-json\/wp\/v2\/media\/74977"}],"wp:attachment":[{"href":"https:\/\/comandogeraldanoticia.com.br\/index.php\/wp-json\/wp\/v2\/media?parent=74976"}],"wp:term":[{"taxonomy":"category","embeddable":true,"href":"https:\/\/comandogeraldanoticia.com.br\/index.php\/wp-json\/wp\/v2\/categories?post=74976"},{"taxonomy":"post_tag","embeddable":true,"href":"https:\/\/comandogeraldanoticia.com.br\/index.php\/wp-json\/wp\/v2\/tags?post=74976"}],"curies":[{"name":"wp","href":"https:\/\/api.w.org\/{rel}","templated":true}]}}