{"id":74965,"date":"2026-04-05T17:18:39","date_gmt":"2026-04-05T17:18:39","guid":{"rendered":"https:\/\/comandogeraldanoticia.com.br\/?p=74965"},"modified":"2026-04-05T17:18:40","modified_gmt":"2026-04-05T17:18:40","slug":"unidades-de-conservacao-do-brasil-participam-de-exposicao-na-alemanha","status":"publish","type":"post","link":"https:\/\/comandogeraldanoticia.com.br\/index.php\/2026\/04\/05\/unidades-de-conservacao-do-brasil-participam-de-exposicao-na-alemanha\/","title":{"rendered":"Unidades de conserva\u00e7\u00e3o do Brasil participam de exposi\u00e7\u00e3o na Alemanha"},"content":{"rendered":"\n<p>Foto: Parque Nacional da Floresta Negra da Alemanha\/Divulga\u00e7\u00e3o<\/p>\n\n\n\n<p>A&nbsp;biodiversidade de dois parques nacionais brasileiros est\u00e1 em destaque na&nbsp;exposi\u00e7\u00e3o&nbsp;<em>Tesouros Verdes do Brasil \u2013 Diversidade Tropical sob a Prote\u00e7\u00e3o dos Parques Nacionais<\/em>, no Centro de Visitantes do Parque Nacional da Floresta Negra (Nationalpark Schwarzwald), na Alemanha. A programa\u00e7\u00e3o come\u00e7ou em 19 de mar\u00e7o,&nbsp;e a expectativa \u00e9 que se estenda por mais seis meses.<img decoding=\"async\" src=\"https:\/\/agenciabrasil.ebc.com.br\/ebc.png?id=1684567&amp;o=node\"><img decoding=\"async\" src=\"https:\/\/agenciabrasil.ebc.com.br\/ebc.gif?id=1684567&amp;o=node\"><\/p>\n\n\n\n<p>Imagens e express\u00f5es art\u00edsticas representam na Europa o Parque Nacional do Itatiaia, no Sudeste,&nbsp;e o Parque Nacional do Pico da Neblina, no Norte,&nbsp;aumentando a visibilidade dessas unidades de conserva\u00e7\u00e3o no cen\u00e1rio internacional e o di\u00e1logo entre dois diferentes biomas brasileiros com o p\u00fablico de fora do pa\u00eds \u2500 a Mata Atl\u00e2ntica e a Amaz\u00f4nia.&nbsp;<\/p>\n\n\n\n<p><strong>A mostra tamb\u00e9m \u00e9 uma oportunidade de&nbsp;firmar acordos para o desenvolvimento de a\u00e7\u00f5es conjuntas entre os dois pa\u00edses.<\/strong><\/p>\n\n\n\n<p>Para o chefe do Parque Nacional do Pico da Neblina, Cassiano Augusto Ferreira Rodrigues Gatto, os governos do Brasil e da Alemanha t\u00eam um apre\u00e7o grande pela&nbsp;coopera\u00e7\u00e3o baseada em rela\u00e7\u00f5es diplom\u00e1ticas e conversas de alto n\u00edvel, o que facilita a aproxima\u00e7\u00e3o entre os parques nacionais dos dois lados do Atl\u00e2ntico.<\/p>\n\n\n\n<p>Al\u00e9m do apoio direto \u00e0s iniciativas realizadas pela unidade de conserva\u00e7\u00e3o, o chefe do Parque Nacional do Pico da Neblina espera&nbsp;fortalecer a parceria em temas como o desenvolvimento de atividades de pesquisa e do&nbsp;turismo de base comunit\u00e1ria envolvendo comunidades ind\u00edgenas, como&nbsp;os Yanomami, cujas terras reconhecidas representam metade da \u00e1rea da unidade de conserva\u00e7\u00e3o.&nbsp;Al\u00e9m deles, h\u00e1 mais tr\u00eas territ\u00f3rios ind\u00edgenas de etnias diferentes na regi\u00e3o.<\/p>\n\n\n\n<p>\u201cA gente tem que trabalhar com as comunidades que moram l\u00e1. Isso nos faz atuar com outras institui\u00e7\u00f5es, como a Funai e o Departamento de Sa\u00fade Ind\u00edgena. Tudo o que a gente faz l\u00e1 \u00e9 baseado em acordos com comunidades e parcerias com outras institui\u00e7\u00f5es\u201d, afirmou.<\/p>\n\n\n\n<figure class=\"wp-block-image\"><img decoding=\"async\" src=\"https:\/\/imagens.ebc.com.br\/G-fdqfwYB1CyQmk2ZhNr_L8cc64=\/754x0\/smart\/https:\/\/agenciabrasil.ebc.com.br\/sites\/default\/files\/thumbnails\/image\/2026\/04\/01\/whatsapp_image_2026-03-23_at_09.26.24_2.jpeg?itok=Pk6fcBJa\" alt=\"FOTO DE ARQUIVO - Exposi\u00e7\u00e3o do Pico da Neblina. Foto: Parque Nacional da Floresta Negra da Alemanha\/Divulga\u00e7\u00e3o\" title=\"Parque Nacional da Floresta Negra da Alemanha\/Divulga\u00e7\u00e3o\"\/><\/figure>\n\n\n\n<h6 class=\"wp-block-heading\">Exposi\u00e7\u00e3o do Parque Nacional do&nbsp;Pico da Neblina na Alemanha. Foto: Parque Nacional da Floresta Negra da Alemanha\/Divulga\u00e7\u00e3o<\/h6>\n\n\n\n<h2 class=\"wp-block-heading\">Parcerias em pesquisa<\/h2>\n\n\n\n<p>Gatto ressaltou que o Parque da Floresta Negra, na Alemanha, \u00e9 uma refer\u00eancia em pesquisa. Ele comparou&nbsp;que, em uma \u00e1rea de 10 mil hectares, o parque alem\u00e3o tem 500 esta\u00e7\u00f5es de monitoramento de biodiversidade, enquanto, no Pico da Neblina, n\u00e3o h\u00e1 nenhuma, em uma&nbsp;extens\u00e3o&nbsp;de 2,3 milh\u00f5es de hectares.<\/p>\n\n\n\n<p>\u201cA gente quer trazer essa expertise e esse apoio t\u00e9cnico-financeiro para dentro do parque, para come\u00e7ar o monitoramento de fauna e flora e de animais amea\u00e7ados\u201d, informou.<\/p>\n\n\n\n<p>Cassiano Gatto adiantou que, por meio do acordo de coopera\u00e7\u00e3o firmado pelo ICMBio e o Parque Nacional da Floresta Negra, podem ser estabelecidos tamb\u00e9m protocolos para o desenvolvimento de pesquisas que levem em considera\u00e7\u00e3o o desejo das popula\u00e7\u00f5es locais de participar das discuss\u00f5es sobre o monitoramento do territ\u00f3rio e o resgate do conhecimento tradicional. O chefe do parque nacional acrescentou que a parceria tem potencial de&nbsp;ensinar os alem\u00e3es a&nbsp;trabalhar com comunidades tradicionais e seus saberes.<\/p>\n\n\n\n<p>Para o chefe do Parque Nacional do Itatiaia, Felipe Mendon\u00e7a, a participa\u00e7\u00e3o na exposi\u00e7\u00e3o representa o fortalecimento da atua\u00e7\u00e3o internacional das unidades de conserva\u00e7\u00e3o e o reconhecimento das a\u00e7\u00f5es desenvolvidas junto \u00e0 comunidade local, principalmente na educa\u00e7\u00e3o ambiental e nas iniciativas de inclus\u00e3o.<\/p>\n\n\n\n<blockquote class=\"wp-block-quote is-layout-flow wp-block-quote-is-layout-flow\">\n<p>\u201cA gente entende que esse di\u00e1logo entre pa\u00edses s\u00f3 fortalece mais a nossa gest\u00e3o do parque e do ICMBio, como um todo, com a troca de experi\u00eancias. Tem muitas coisas que a gente tem a aprender com eles, e muitas outras que eles t\u00eam que aprender com a gente. A gente est\u00e1 muito feliz com a exposi\u00e7\u00e3o\u201d, contou em entrevista \u00e0 <strong>Ag\u00eancia Brasil.<\/strong><\/p>\n<\/blockquote>\n\n\n\n<p>\u201cEst\u00e3o falando das florestas brasileiras atrav\u00e9s do Itatiaia e do Pico da Neblina. Para n\u00f3s \u00e9 uma honra. A gente quer que muitas agendas saiam deste acordo\u201d.<\/p>\n\n\n\n<h2 class=\"wp-block-heading\">COP30<\/h2>\n\n\n\n<p>A exposi\u00e7\u00e3o resulta de uma parceria internacional entre Brasil e Alemanha, fechada durante a COP30, que ocorreu em novembro de 2025, em Bel\u00e9m, no Par\u00e1. A inten\u00e7\u00e3o \u00e9 promover o interc\u00e2mbio de experi\u00eancias em gest\u00e3o de \u00e1reas protegidas e pr\u00e1ticas sustent\u00e1veis.<\/p>\n\n\n\n<p>A exposi\u00e7\u00e3o alerta tamb\u00e9m para a import\u00e2ncia das florestas na regula\u00e7\u00e3o do clima global. Felipe Mendon\u00e7a destacou a import\u00e2ncia de mitigar impactos causados pelas mudan\u00e7as clim\u00e1ticas e os desequil\u00edbrios ambientais.<\/p>\n\n\n\n<p>No caso dos alem\u00e3es, ele cita que&nbsp;a quantidade de dias de neve na Alemanha est\u00e1 diminuindo e uma esp\u00e9cie de besouro nativo tem causado estragos nas florestas do pa\u00eds. Al\u00e9m disso,&nbsp;os focos de inc\u00eandio s\u00e3o uma quest\u00e3o relevante para o parque da Alemanha.<\/p>\n\n\n\n<blockquote class=\"wp-block-quote is-layout-flow wp-block-quote-is-layout-flow\">\n<p>\u201cA gente tem um <em>know how<\/em> de manejo integrado do fogo aqui no Brasil. Temos muito a ensinar n\u00e3o s\u00f3 para eles como para outros pa\u00edses&#8221;.<\/p>\n<\/blockquote>\n\n\n\n<p>&#8220;Ao mesmo tempo, eles t\u00eam muito a nos ensinar no monitoramento ambiental\u201d, reconheceu, adiantando que j\u00e1 est\u00e3o previstas videoconfer\u00eancias, no primeiro momento, para a troca de informa\u00e7\u00f5es sobre monitoramento ambiental e o manejo integrado do fogo.<\/p>\n\n\n\n<h2 class=\"wp-block-heading\">Participa\u00e7\u00e3o de crian\u00e7as<\/h2>\n\n\n\n<p>Entre as pe\u00e7as que fazem parte da mostra, o Parque Nacional do Itatiaia levou desenhos de crian\u00e7as&nbsp;da rede de ensino p\u00fablico do entorno da unidade de conserva\u00e7\u00e3o que participam do programa de visita\u00e7\u00e3o escolar. Os trabalhos demonstram, de forma sens\u00edvel, as suas viv\u00eancias e percep\u00e7\u00f5es sobre a natureza e a biodiversidade local.<\/p>\n\n\n\n<p>A exposi\u00e7\u00e3o tem ainda trabalhos desenvolvidos por jovens e adultos com defici\u00eancia intelectual que frequentam a Associa\u00e7\u00e3o de Pais e Amigos dos Excepcionais (APAE). O chefe do Parque, Felipe Mendon\u00e7a disse que a presen\u00e7a desse p\u00fablico evidencia o compromisso do Parque com a inclus\u00e3o, a acessibilidade e a democratiza\u00e7\u00e3o do acesso \u00e0s experi\u00eancias em \u00e1reas naturais.<\/p>\n\n\n\n<p>\u201cO pr\u00f3ximo passo seria eles fazerem isso tamb\u00e9m com as crian\u00e7as alem\u00e3s para a gente expor aqui no nosso centro de visitante e no Pico da Neblina tamb\u00e9m\u201d.<\/p>\n\n\n\n<figure class=\"wp-block-image\"><img decoding=\"async\" src=\"https:\/\/imagens.ebc.com.br\/oJkUYH9ZNDZjLAkiCsODxgCpBuc=\/754x0\/smart\/https:\/\/agenciabrasil.ebc.com.br\/sites\/default\/files\/thumbnails\/image\/2026\/04\/01\/whatsapp_image_2026-03-23_at_09.26.26.jpeg?itok=qqUzIlTu\" alt=\"FOTO DE ARQUIVO - Exposi\u00e7\u00e3o do Pico da Neblina. Foto: Parque Nacional da Floresta Negra da Alemanha\/Divulga\u00e7\u00e3o\" title=\"Parque Nacional da Floresta Negra da Alemanha\/Divulga\u00e7\u00e3o\"\/><\/figure>\n\n\n\n<h6 class=\"wp-block-heading\">Desenhos infantis sobre o Parque Nacional do Pico da Neblina&nbsp;Foto: Parque Nacional da Floresta Negra da Alemanha\/Divulga\u00e7\u00e3o<\/h6>\n\n\n\n<p>Na vis\u00e3o de Felipe Mendon\u00e7a, a inclus\u00e3o das crian\u00e7as e jovens nesta quest\u00e3o apresenta desde cedo na vida deles a necessidade de preservar o meio ambiente.<\/p>\n\n\n\n<p>\u201cO Parque Nacional do Itatiaia tem um hist\u00f3rico bastante longo de educa\u00e7\u00e3o ambiental, recepcionando escolas e universidades. \u00c9 o parque mais pesquisado no Brasil e o de maior n\u00famero de autoriza\u00e7\u00f5es de pesquisas no Brasil. A educa\u00e7\u00e3o vem por a\u00ed. A gente recebe por ano mais de 19 mil alunos do ensino fundamental e m\u00e9dio\u201d, relatou.<br><br>O Parque do Pico da Neblina levou para a mostra trabalhos com crian\u00e7as da etnia Yanomami.<\/p>\n\n\n\n<h2 class=\"wp-block-heading\">Parques<\/h2>\n\n\n\n<p>Criado em 1937, Itatiaia \u00e9 considerado o primeiro Parque Nacional do Brasil. Est\u00e1 localizado na Serra da Mantiqueira na regi\u00e3o dos munic\u00edpios de Itatiaia e Resende, no Rio de Janeiro, al\u00e9m de Bocaina de Minas e Itamonte, no estado de Minas Gerais. Entre os atrativos est\u00e1 o Pico das Agulhas Negras.<\/p>\n\n\n\n<p>J\u00e1 o Pico da Neblina&nbsp;foi criado em 1979. Espalhado em uma \u00e1rea de 2.252.616 hectares nos munic\u00edpios de Santa Isabel do Rio Negro e S\u00e3o Gabriel da Cachoeira, no Amazonas, tem no seu territ\u00f3rio o pico mais alto do Brasil (3.014 metros), o que deu origem ao seu nome.<\/p>\n\n\n\n<p>O Parque Nacional da Floresta Negra, em Ruhestein, no estado de Baden-W\u00fcrttemberg, teve a sua \u00e1rea reconhecida em 2014 e representa um s\u00edmbolo de conserva\u00e7\u00e3o e vida ao ar livre na Alemanha. Foi o primeiro parque nacional do estado, criado para garantir a continuidade de ecossistemas \u00fanicos com esp\u00e9cies raras da fauna e da flora. A unidade de conserva\u00e7\u00e3o alem\u00e3 re\u00fane preserva\u00e7\u00e3o ambiental com turismo sustent\u00e1vel.<\/p>\n","protected":false},"excerpt":{"rendered":"<p>Foto: Parque Nacional da Floresta Negra da Alemanha\/Divulga\u00e7\u00e3o A&nbsp;biodiversidade de dois parques nacionais brasileiros est\u00e1 em destaque na&nbsp;exposi\u00e7\u00e3o&nbsp;Tesouros Verdes do Brasil \u2013 Diversidade Tropical sob a Prote\u00e7\u00e3o dos Parques Nacionais, no Centro de Visitantes do Parque Nacional da Floresta Negra (Nationalpark Schwarzwald), na Alemanha. A programa\u00e7\u00e3o come\u00e7ou em 19 de mar\u00e7o,&nbsp;e a expectativa \u00e9 que<\/p>\n","protected":false},"author":5,"featured_media":74966,"comment_status":"open","ping_status":"open","sticky":false,"template":"","format":"standard","meta":{"om_disable_all_campaigns":false,"_monsterinsights_skip_tracking":false,"_monsterinsights_sitenote_active":false,"_monsterinsights_sitenote_note":"","_monsterinsights_sitenote_category":0,"footnotes":""},"categories":[39],"tags":[],"class_list":{"0":"post-74965","1":"post","2":"type-post","3":"status-publish","4":"format-standard","5":"has-post-thumbnail","7":"category-brasil"},"_links":{"self":[{"href":"https:\/\/comandogeraldanoticia.com.br\/index.php\/wp-json\/wp\/v2\/posts\/74965","targetHints":{"allow":["GET"]}}],"collection":[{"href":"https:\/\/comandogeraldanoticia.com.br\/index.php\/wp-json\/wp\/v2\/posts"}],"about":[{"href":"https:\/\/comandogeraldanoticia.com.br\/index.php\/wp-json\/wp\/v2\/types\/post"}],"author":[{"embeddable":true,"href":"https:\/\/comandogeraldanoticia.com.br\/index.php\/wp-json\/wp\/v2\/users\/5"}],"replies":[{"embeddable":true,"href":"https:\/\/comandogeraldanoticia.com.br\/index.php\/wp-json\/wp\/v2\/comments?post=74965"}],"version-history":[{"count":2,"href":"https:\/\/comandogeraldanoticia.com.br\/index.php\/wp-json\/wp\/v2\/posts\/74965\/revisions"}],"predecessor-version":[{"id":74968,"href":"https:\/\/comandogeraldanoticia.com.br\/index.php\/wp-json\/wp\/v2\/posts\/74965\/revisions\/74968"}],"wp:featuredmedia":[{"embeddable":true,"href":"https:\/\/comandogeraldanoticia.com.br\/index.php\/wp-json\/wp\/v2\/media\/74966"}],"wp:attachment":[{"href":"https:\/\/comandogeraldanoticia.com.br\/index.php\/wp-json\/wp\/v2\/media?parent=74965"}],"wp:term":[{"taxonomy":"category","embeddable":true,"href":"https:\/\/comandogeraldanoticia.com.br\/index.php\/wp-json\/wp\/v2\/categories?post=74965"},{"taxonomy":"post_tag","embeddable":true,"href":"https:\/\/comandogeraldanoticia.com.br\/index.php\/wp-json\/wp\/v2\/tags?post=74965"}],"curies":[{"name":"wp","href":"https:\/\/api.w.org\/{rel}","templated":true}]}}