{"id":74931,"date":"2026-04-04T19:31:16","date_gmt":"2026-04-04T19:31:16","guid":{"rendered":"https:\/\/comandogeraldanoticia.com.br\/?p=74931"},"modified":"2026-04-04T19:31:19","modified_gmt":"2026-04-04T19:31:19","slug":"inep-abre-prazo-para-isencao-da-taxa-do-enem-2026-saiba-como-participar","status":"publish","type":"post","link":"https:\/\/comandogeraldanoticia.com.br\/index.php\/2026\/04\/04\/inep-abre-prazo-para-isencao-da-taxa-do-enem-2026-saiba-como-participar\/","title":{"rendered":"Inep abre prazo para isen\u00e7\u00e3o da taxa do Enem 2026; saiba como participar"},"content":{"rendered":"\n<p>Foto: Divulga\u00e7\u00e3o\/Reprodu\u00e7\u00e3o<\/p>\n\n\n\n<p>O MEC (Minist\u00e9rio da Educa\u00e7\u00e3o (MEC), por meio do Inep, publicou nesta quarta-feira (1\u00ba de abril) o edital que define as regras para a isen\u00e7\u00e3o da taxa de inscri\u00e7\u00e3o do Enem 2026.<\/p>\n\n\n\n<p>O prazo para solicitar o benef\u00edcio e para justificar a aus\u00eancia na edi\u00e7\u00e3o de 2025 ocorre entre os dias 13 e 24 de abril, exclusivamente pela P\u00e1gina do Participante.<\/p>\n\n\n\n<p>Quem tem direito \u00e0 gratuidade<\/p>\n\n\n\n<p>Para obter a isen\u00e7\u00e3o, o candidato deve se enquadrar em um dos seguintes perfis:<\/p>\n\n\n\n<pre class=\"wp-block-code\"><code>Alunos matriculados na 3\u00aa s\u00e9rie do ensino m\u00e9dio em escolas p\u00fablicas em 2026; <\/code><\/pre>\n\n\n\n<p>Estudantes que cursaram todo o ensino m\u00e9dio em escola p\u00fablica ou como bolsistas integrais em rede privada (com renda per capita de at\u00e9 1,5 sal\u00e1rio m\u00ednimo);<\/p>\n\n\n\n<pre class=\"wp-block-code\"><code>Pessoas em situa\u00e7\u00e3o de vulnerabilidade socioecon\u00f4mica inscritas no Cad\u00danico; \n\nIntegrantes do programa P\u00e9-de-Meia do Governo Federal. <\/code><\/pre>\n\n\n\n<p>Nome social<\/p>\n\n\n\n<p>A principal inova\u00e7\u00e3o do Edital n\u00ba 21\/2026 \u00e9 a possibilidade de solicitar o tratamento pelo nome social j\u00e1 no ato da isen\u00e7\u00e3o.<\/p>\n\n\n\n<p>A medida visa desburocratizar o processo nas fases seguintes do exame, desde que o nome social j\u00e1 esteja registrado na base de dados da Receita Federal.<\/p>\n\n\n\n<p>Justificativa de aus\u00eancia e regras do Cad\u00danico<\/p>\n\n\n\n<p>Candidatos que n\u00e3o compareceram aos dois dias de prova em 2025 e desejam a gratuidade para 2026 precisam obrigatoriamente apresentar justificativa no sistema.<\/p>\n\n\n\n<p>Quanto aos inscritos no Cad\u00danico, o Inep alerta para a necessidade de os dados estarem atualizados. Irregularidades ou falta de atualiza\u00e7\u00e3o cadastral podem resultar no indeferimento autom\u00e1tico do pedido de isen\u00e7\u00e3o.<\/p>\n\n\n\n<p>Aten\u00e7\u00e3o ao cronograma<\/p>\n\n\n\n<p>\u00c9 fundamental ressaltar que a aprova\u00e7\u00e3o da isen\u00e7\u00e3o n\u00e3o significa que o estudante est\u00e1 inscrito no Enem 2026. Ap\u00f3s o resultado final dos pedidos, todos os interessados dever\u00e3o realizar a inscri\u00e7\u00e3o formal em per\u00edodo a ser divulgado pelo MEC.<\/p>\n\n\n\n<pre class=\"wp-block-code\"><code>Solicita\u00e7\u00e3o de isen\u00e7\u00e3o e justificativa: 13 a 24 de abril\nResultado preliminar: 8 de maio\nPer\u00edodo de recursos: 11 a 15 de maio\nResultado dos recursos: 22 de maio<\/code><\/pre>\n\n\n\n<p>Fonte: CNN Brasil<\/p>\n","protected":false},"excerpt":{"rendered":"<p>Foto: Divulga\u00e7\u00e3o\/Reprodu\u00e7\u00e3o O MEC (Minist\u00e9rio da Educa\u00e7\u00e3o (MEC), por meio do Inep, publicou nesta quarta-feira (1\u00ba de abril) o edital que define as regras para a isen\u00e7\u00e3o da taxa de inscri\u00e7\u00e3o do Enem 2026. O prazo para solicitar o benef\u00edcio e para justificar a aus\u00eancia na edi\u00e7\u00e3o de 2025 ocorre entre os dias 13 e<\/p>\n","protected":false},"author":5,"featured_media":74932,"comment_status":"open","ping_status":"open","sticky":false,"template":"","format":"standard","meta":{"om_disable_all_campaigns":false,"_monsterinsights_skip_tracking":false,"_monsterinsights_sitenote_active":false,"_monsterinsights_sitenote_note":"","_monsterinsights_sitenote_category":0,"footnotes":""},"categories":[44],"tags":[],"class_list":{"0":"post-74931","1":"post","2":"type-post","3":"status-publish","4":"format-standard","5":"has-post-thumbnail","7":"category-example-6"},"_links":{"self":[{"href":"https:\/\/comandogeraldanoticia.com.br\/index.php\/wp-json\/wp\/v2\/posts\/74931","targetHints":{"allow":["GET"]}}],"collection":[{"href":"https:\/\/comandogeraldanoticia.com.br\/index.php\/wp-json\/wp\/v2\/posts"}],"about":[{"href":"https:\/\/comandogeraldanoticia.com.br\/index.php\/wp-json\/wp\/v2\/types\/post"}],"author":[{"embeddable":true,"href":"https:\/\/comandogeraldanoticia.com.br\/index.php\/wp-json\/wp\/v2\/users\/5"}],"replies":[{"embeddable":true,"href":"https:\/\/comandogeraldanoticia.com.br\/index.php\/wp-json\/wp\/v2\/comments?post=74931"}],"version-history":[{"count":2,"href":"https:\/\/comandogeraldanoticia.com.br\/index.php\/wp-json\/wp\/v2\/posts\/74931\/revisions"}],"predecessor-version":[{"id":74934,"href":"https:\/\/comandogeraldanoticia.com.br\/index.php\/wp-json\/wp\/v2\/posts\/74931\/revisions\/74934"}],"wp:featuredmedia":[{"embeddable":true,"href":"https:\/\/comandogeraldanoticia.com.br\/index.php\/wp-json\/wp\/v2\/media\/74932"}],"wp:attachment":[{"href":"https:\/\/comandogeraldanoticia.com.br\/index.php\/wp-json\/wp\/v2\/media?parent=74931"}],"wp:term":[{"taxonomy":"category","embeddable":true,"href":"https:\/\/comandogeraldanoticia.com.br\/index.php\/wp-json\/wp\/v2\/categories?post=74931"},{"taxonomy":"post_tag","embeddable":true,"href":"https:\/\/comandogeraldanoticia.com.br\/index.php\/wp-json\/wp\/v2\/tags?post=74931"}],"curies":[{"name":"wp","href":"https:\/\/api.w.org\/{rel}","templated":true}]}}