{"id":74253,"date":"2026-03-14T10:13:39","date_gmt":"2026-03-14T10:13:39","guid":{"rendered":"https:\/\/comandogeraldanoticia.com.br\/?p=74253"},"modified":"2026-03-14T10:14:25","modified_gmt":"2026-03-14T10:14:25","slug":"equipe-da-reeleicao-de-lula-tem-dois-baianos","status":"publish","type":"post","link":"https:\/\/comandogeraldanoticia.com.br\/index.php\/2026\/03\/14\/equipe-da-reeleicao-de-lula-tem-dois-baianos\/","title":{"rendered":"Equipe da reelei\u00e7\u00e3o de Lula tem dois baianos"},"content":{"rendered":"\n<p>Foto: Marcelo Camargo\/Ag\u00eancia Brasil<\/p>\n\n\n\n<p>A montagem da equipe que dever\u00e1 conduzir a campanha \u00e0 reelei\u00e7\u00e3o do presidente Lula (PT) em 2026 come\u00e7ou a ser discutida. As articula\u00e7\u00f5es iniciais indicam que o n\u00facleo da coordena\u00e7\u00e3o nacional tende a ser formado majoritariamente por quadros ligados a S\u00e3o Paulo, com a participa\u00e7\u00e3o de apenas dois baianos entre os nomes cotados para fun\u00e7\u00f5es estrat\u00e9gicas.<br><\/p>\n\n\n\n<p>De acordo com informa\u00e7\u00f5es que circulam no meio pol\u00edtico, o comando geral da campanha dever\u00e1 ficar com Edinho Silva, atual presidente do Partido dos Trabalhadores. Ex-prefeito de Araraquara e aliado pr\u00f3ximo de Lula, ele \u00e9 apontado como respons\u00e1vel por coordenar a estrat\u00e9gia eleitoral do partido na disputa presidencial.<\/p>\n\n\n\n<p>Entre os integrantes j\u00e1 mencionados para compor o grupo est\u00e1 Paulo Okamotto, que at\u00e9 recentemente comandou a Funda\u00e7\u00e3o Perseu Abramo. Nos bastidores, ele \u00e9 citado para atuar na articula\u00e7\u00e3o dos comit\u00eas populares e na mobiliza\u00e7\u00e3o pol\u00edtica nas redes sociais.<\/p>\n\n\n\n<p>Outro nome associado \u00e0 equipe \u00e9 o de Aloizio Mercadante, que dever\u00e1 contribuir na formula\u00e7\u00e3o das diretrizes econ\u00f4micas da campanha. J\u00e1 a \u00e1rea financeira tende a ficar sob responsabilidade de Jos\u00e9 Filippi J\u00fanior, ex-prefeito de Diadema, que \u00e9 apontado para a fun\u00e7\u00e3o de tesoureiro.<\/p>\n\n\n\n<p>A organiza\u00e7\u00e3o da agenda pol\u00edtica do presidente durante o per\u00edodo eleitoral dever\u00e1 ser acompanhada por Gilberto Carvalho, ex-ministro que teve atua\u00e7\u00e3o destacada nos primeiros governos petistas no Pal\u00e1cio do Planalto. J\u00e1 a mobiliza\u00e7\u00e3o partid\u00e1ria nos estados deve ficar sob responsabilidade da secret\u00e1ria-executiva nacional do PT, M\u00f4nica Valente.<br><\/p>\n\n\n\n<p>Entre os nomes da Bahia citados nas articula\u00e7\u00f5es est\u00e1 o economista Jos\u00e9 Sergio Gabrielli, ex-presidente da Petrobras e natural de Salvador. Ele \u00e9 apontado como respons\u00e1vel pela elabora\u00e7\u00e3o do programa de governo que dever\u00e1 orientar a campanha do presidente.<\/p>\n\n\n\n<p>Outro baiano lembrado \u00e9 o marqueteiro Raul Rabelo, tamb\u00e9m de Salvador. Ele \u00e9 s\u00f3cio do atual secret\u00e1rio de Comunica\u00e7\u00e3o Social da Presid\u00eancia, Sid\u00f4nio Palmeira, que dever\u00e1 permanecer no governo durante o per\u00edodo eleitoral. Rabelo \u00e9 filho do advogado eleitoral Vandilson Costa, que foi deputado estadual por Vit\u00f3ria da Conquista pelo ent\u00e3o PMDB, atual MDB, e sobrinho do ex-vice-prefeito Hugo Costa e do vereador Paulo Costa, ambos de Guanambi.<\/p>\n","protected":false},"excerpt":{"rendered":"<p>Foto: Marcelo Camargo\/Ag\u00eancia Brasil A montagem da equipe que dever\u00e1 conduzir a campanha \u00e0 reelei\u00e7\u00e3o do presidente Lula (PT) em 2026 come\u00e7ou a ser discutida. As articula\u00e7\u00f5es iniciais indicam que o n\u00facleo da coordena\u00e7\u00e3o nacional tende a ser formado majoritariamente por quadros ligados a S\u00e3o Paulo, com a participa\u00e7\u00e3o de apenas dois baianos entre os<\/p>\n","protected":false},"author":5,"featured_media":74254,"comment_status":"open","ping_status":"open","sticky":false,"template":"","format":"standard","meta":{"om_disable_all_campaigns":false,"_monsterinsights_skip_tracking":false,"_monsterinsights_sitenote_active":false,"_monsterinsights_sitenote_note":"","_monsterinsights_sitenote_category":0,"footnotes":""},"categories":[71],"tags":[],"class_list":{"0":"post-74253","1":"post","2":"type-post","3":"status-publish","4":"format-standard","5":"has-post-thumbnail","7":"category-politica"},"_links":{"self":[{"href":"https:\/\/comandogeraldanoticia.com.br\/index.php\/wp-json\/wp\/v2\/posts\/74253","targetHints":{"allow":["GET"]}}],"collection":[{"href":"https:\/\/comandogeraldanoticia.com.br\/index.php\/wp-json\/wp\/v2\/posts"}],"about":[{"href":"https:\/\/comandogeraldanoticia.com.br\/index.php\/wp-json\/wp\/v2\/types\/post"}],"author":[{"embeddable":true,"href":"https:\/\/comandogeraldanoticia.com.br\/index.php\/wp-json\/wp\/v2\/users\/5"}],"replies":[{"embeddable":true,"href":"https:\/\/comandogeraldanoticia.com.br\/index.php\/wp-json\/wp\/v2\/comments?post=74253"}],"version-history":[{"count":1,"href":"https:\/\/comandogeraldanoticia.com.br\/index.php\/wp-json\/wp\/v2\/posts\/74253\/revisions"}],"predecessor-version":[{"id":74255,"href":"https:\/\/comandogeraldanoticia.com.br\/index.php\/wp-json\/wp\/v2\/posts\/74253\/revisions\/74255"}],"wp:featuredmedia":[{"embeddable":true,"href":"https:\/\/comandogeraldanoticia.com.br\/index.php\/wp-json\/wp\/v2\/media\/74254"}],"wp:attachment":[{"href":"https:\/\/comandogeraldanoticia.com.br\/index.php\/wp-json\/wp\/v2\/media?parent=74253"}],"wp:term":[{"taxonomy":"category","embeddable":true,"href":"https:\/\/comandogeraldanoticia.com.br\/index.php\/wp-json\/wp\/v2\/categories?post=74253"},{"taxonomy":"post_tag","embeddable":true,"href":"https:\/\/comandogeraldanoticia.com.br\/index.php\/wp-json\/wp\/v2\/tags?post=74253"}],"curies":[{"name":"wp","href":"https:\/\/api.w.org\/{rel}","templated":true}]}}