{"id":74246,"date":"2026-03-14T01:51:17","date_gmt":"2026-03-14T01:51:17","guid":{"rendered":"https:\/\/comandogeraldanoticia.com.br\/?p=74246"},"modified":"2026-03-14T01:51:18","modified_gmt":"2026-03-14T01:51:18","slug":"igor-kannario-arrasta-multidao-em-trio-sem-cordas-durante-o-festival-de-arembepe-2026","status":"publish","type":"post","link":"https:\/\/comandogeraldanoticia.com.br\/index.php\/2026\/03\/14\/igor-kannario-arrasta-multidao-em-trio-sem-cordas-durante-o-festival-de-arembepe-2026\/","title":{"rendered":"Igor Kann\u00e1rio arrasta multid\u00e3o em trio sem cordas durante o Festival de Arembepe 2026"},"content":{"rendered":"\n<p>Abrindo oficialmente a parte festiva do Festival de Arembepe 2026, uma verdadeira multid\u00e3o tomou conta da Rua Direta da localidade, na tarde desta sexta-feira (13). Em um dos momentos bastante aguardados da programa\u00e7\u00e3o, o cantor baiano Igor Kann\u00e1rio, comandou o Arrast\u00e3o da Juventude, um trio el\u00e9trico sem cordas e sem abad\u00e1, reunindo foli\u00f5es em uma grande pipoca no Circuito Bruno Lima, marcada por energia, dan\u00e7a e muita intera\u00e7\u00e3o com o p\u00fablico.<\/p>\n\n\n\n<p>Conhecido como o \u201cPr\u00edncipe do Gueto\u201d, o artista puxou a multid\u00e3o com seu pagod\u00e3o contagiante, transformando a principal via da localidade em um verdadeiro corredor de festa. Ao som de Kann\u00e1rio, os foli\u00f5es cantaram em coro e acompanharam cada batida, dan\u00e7ando e pulando ao longo de todo o percurso.<\/p>\n\n\n\n<figure class=\"wp-block-image size-large\"><img fetchpriority=\"high\" decoding=\"async\" width=\"1024\" height=\"682\" src=\"http:\/\/comandogeraldanoticia.com.br\/wp-content\/uploads\/2026\/03\/FESTIVAL-DE-AREMBEPE2026_13.03_KANNARIO_FOTOS-PATRICK-ABREU-E-JULIANO-SARRAF-9-1024x682.jpeg\" alt=\"\" class=\"wp-image-74248\" srcset=\"https:\/\/comandogeraldanoticia.com.br\/wp-content\/uploads\/2026\/03\/FESTIVAL-DE-AREMBEPE2026_13.03_KANNARIO_FOTOS-PATRICK-ABREU-E-JULIANO-SARRAF-9-1024x682.jpeg 1024w, https:\/\/comandogeraldanoticia.com.br\/wp-content\/uploads\/2026\/03\/FESTIVAL-DE-AREMBEPE2026_13.03_KANNARIO_FOTOS-PATRICK-ABREU-E-JULIANO-SARRAF-9-300x200.jpeg 300w, https:\/\/comandogeraldanoticia.com.br\/wp-content\/uploads\/2026\/03\/FESTIVAL-DE-AREMBEPE2026_13.03_KANNARIO_FOTOS-PATRICK-ABREU-E-JULIANO-SARRAF-9-768x512.jpeg 768w, https:\/\/comandogeraldanoticia.com.br\/wp-content\/uploads\/2026\/03\/FESTIVAL-DE-AREMBEPE2026_13.03_KANNARIO_FOTOS-PATRICK-ABREU-E-JULIANO-SARRAF-9-1536x1023.jpeg 1536w, https:\/\/comandogeraldanoticia.com.br\/wp-content\/uploads\/2026\/03\/FESTIVAL-DE-AREMBEPE2026_13.03_KANNARIO_FOTOS-PATRICK-ABREU-E-JULIANO-SARRAF-9-150x100.jpeg 150w, https:\/\/comandogeraldanoticia.com.br\/wp-content\/uploads\/2026\/03\/FESTIVAL-DE-AREMBEPE2026_13.03_KANNARIO_FOTOS-PATRICK-ABREU-E-JULIANO-SARRAF-9-450x300.jpeg 450w, https:\/\/comandogeraldanoticia.com.br\/wp-content\/uploads\/2026\/03\/FESTIVAL-DE-AREMBEPE2026_13.03_KANNARIO_FOTOS-PATRICK-ABREU-E-JULIANO-SARRAF-9-1200x800.jpeg 1200w, https:\/\/comandogeraldanoticia.com.br\/wp-content\/uploads\/2026\/03\/FESTIVAL-DE-AREMBEPE2026_13.03_KANNARIO_FOTOS-PATRICK-ABREU-E-JULIANO-SARRAF-9.jpeg 1600w\" sizes=\"(max-width: 1024px) 100vw, 1024px\" \/><\/figure>\n\n\n\n<p>No repert\u00f3rio, n\u00e3o faltaram sucessos que marcaram a carreira do cantor e levantaram o p\u00fablico presente, refor\u00e7ando o clima vibrante que marca a tradi\u00e7\u00e3o do festival, um dos eventos mais aguardados do calend\u00e1rio cultural da Bahia.<\/p>\n\n\n\n<p>Figurando entre os foli\u00f5es mais animados, a dom\u00e9stica Denise Maria Souza, 51 anos, celebrou o festejo. \u201cFoi maravilhoso, muito gostoso. Gosto de Kann\u00e1rio, sou f\u00e3, curto todas as m\u00fasicas. O Festival de Arembepe t\u00e1 \u00f3timo, e quem quer se divertir, tem que vir\u201d, afirmou a nativa.<\/p>\n\n\n\n<p>Tamb\u00e9m residente de Arembepe, a professora Marisa Figueiredo, 63 anos, acompanhou de perto o bloco sem cordas e ressaltou a alegria em participar da festa. \u201cSimplesmente lindo, perfeito. Desde o in\u00edcio do trajeto, uma festa sem confus\u00e3o. Bel\u00edssimo!\u201d, classificou.<\/p>\n\n\n\n<p>O show tamb\u00e9m atraiu visitantes de outros munic\u00edpios, como Vanice Santa Rita, 46 anos, aut\u00f4noma moradora do bairro de Itapo\u00e3, em Salvador. \u201cA festa de Arembepe \u00e9 sempre emocionante. Este lugar \u00e9 um verdadeiro para\u00edso escondido, e o festival \u00e9 maravilhoso. Curti o arrast\u00e3o, foi perfeito, divertido e tranquilo. Muito top mesmo\u201d, enfatizou.<\/p>\n\n\n\n<p>Ainda ao longo da tarde desta sexta-feira, outros cinco blocos de rua desfilaram pela via e garantiram a diversidade musical da festa. Entre as atra\u00e7\u00f5es, passaram pelo circuito o Bloco Os Brochas, ao som de G10 e Cil; o Cordel de Arembepe, com Rich\u00f4 El\u00e9trico; o Bloco Kais, embalado pelo grupo Viola de 12; Os Porret\u00f5es, com Wesley Lima; e o bloco Jak\u00e9, com apresenta\u00e7\u00e3o de Nivaldo do Tchaco.<\/p>\n\n\n\n<p>A programa\u00e7\u00e3o do Festival de Arembepe 2026, segue ao longo da noite desta sexta-feira e continua nos pr\u00f3ximos dias, reunindo diversas atra\u00e7\u00f5es musicais e culturais. A festa, que movimenta moradores e visitantes, s\u00f3 se encerra na segunda-feira (16), consolidando mais uma edi\u00e7\u00e3o marcada por alegria, m\u00fasica e grande participa\u00e7\u00e3o popular.<\/p>\n\n\n\n<p>O Festival de Arembepe 2026 \u00e9 realizado pela Prefeitura, por meio da Secretaria de Governo de Cama\u00e7ari (Segov), atrav\u00e9s da Coordena\u00e7\u00e3o de Eventos, com o apoio das demais pastas e institui\u00e7\u00f5es municipais.<\/p>\n\n\n\n<p>Fotos: Patrick Abreu e Juliano Sarraf<\/p>\n","protected":false},"excerpt":{"rendered":"<p>Abrindo oficialmente a parte festiva do Festival de Arembepe 2026, uma verdadeira multid\u00e3o tomou conta da Rua Direta da localidade, na tarde desta sexta-feira (13). Em um dos momentos bastante aguardados da programa\u00e7\u00e3o, o cantor baiano Igor Kann\u00e1rio, comandou o Arrast\u00e3o da Juventude, um trio el\u00e9trico sem cordas e sem abad\u00e1, reunindo foli\u00f5es em uma<\/p>\n","protected":false},"author":5,"featured_media":74247,"comment_status":"open","ping_status":"open","sticky":false,"template":"","format":"standard","meta":{"om_disable_all_campaigns":false,"_monsterinsights_skip_tracking":false,"_monsterinsights_sitenote_active":false,"_monsterinsights_sitenote_note":"","_monsterinsights_sitenote_category":0,"footnotes":""},"categories":[40],"tags":[],"class_list":{"0":"post-74246","1":"post","2":"type-post","3":"status-publish","4":"format-standard","5":"has-post-thumbnail","7":"category-camacari"},"_links":{"self":[{"href":"https:\/\/comandogeraldanoticia.com.br\/index.php\/wp-json\/wp\/v2\/posts\/74246","targetHints":{"allow":["GET"]}}],"collection":[{"href":"https:\/\/comandogeraldanoticia.com.br\/index.php\/wp-json\/wp\/v2\/posts"}],"about":[{"href":"https:\/\/comandogeraldanoticia.com.br\/index.php\/wp-json\/wp\/v2\/types\/post"}],"author":[{"embeddable":true,"href":"https:\/\/comandogeraldanoticia.com.br\/index.php\/wp-json\/wp\/v2\/users\/5"}],"replies":[{"embeddable":true,"href":"https:\/\/comandogeraldanoticia.com.br\/index.php\/wp-json\/wp\/v2\/comments?post=74246"}],"version-history":[{"count":1,"href":"https:\/\/comandogeraldanoticia.com.br\/index.php\/wp-json\/wp\/v2\/posts\/74246\/revisions"}],"predecessor-version":[{"id":74249,"href":"https:\/\/comandogeraldanoticia.com.br\/index.php\/wp-json\/wp\/v2\/posts\/74246\/revisions\/74249"}],"wp:featuredmedia":[{"embeddable":true,"href":"https:\/\/comandogeraldanoticia.com.br\/index.php\/wp-json\/wp\/v2\/media\/74247"}],"wp:attachment":[{"href":"https:\/\/comandogeraldanoticia.com.br\/index.php\/wp-json\/wp\/v2\/media?parent=74246"}],"wp:term":[{"taxonomy":"category","embeddable":true,"href":"https:\/\/comandogeraldanoticia.com.br\/index.php\/wp-json\/wp\/v2\/categories?post=74246"},{"taxonomy":"post_tag","embeddable":true,"href":"https:\/\/comandogeraldanoticia.com.br\/index.php\/wp-json\/wp\/v2\/tags?post=74246"}],"curies":[{"name":"wp","href":"https:\/\/api.w.org\/{rel}","templated":true}]}}