{"id":74242,"date":"2026-03-14T01:43:16","date_gmt":"2026-03-14T01:43:16","guid":{"rendered":"https:\/\/comandogeraldanoticia.com.br\/?p=74242"},"modified":"2026-03-14T01:43:17","modified_gmt":"2026-03-14T01:43:17","slug":"em-ritmo-de-alegria-milhares-de-pessoas-celebram-sao-francisco-de-assis-em-arembepe","status":"publish","type":"post","link":"https:\/\/comandogeraldanoticia.com.br\/index.php\/2026\/03\/14\/em-ritmo-de-alegria-milhares-de-pessoas-celebram-sao-francisco-de-assis-em-arembepe\/","title":{"rendered":"Em ritmo de alegria, milhares de pessoas celebram S\u00e3o Francisco de Assis em Arembepe"},"content":{"rendered":"\n<p>O som de batuques e das charangas levou, com alegria, milhares de pessoas at\u00e9 a igreja de S\u00e3o Francisco de Assis durante o tradicional cortejo religioso e cultural, que marca a abertura oficial do Festival de Arembepe 2026, realizado nesta sexta-feira, (13). O evento, que fecha o ciclo de lavagens e festas populares da orla de Cama\u00e7ari, segue at\u00e9 segunda (16).<\/p>\n\n\n\n<p><br>Ressaltando o respeito \u00e0 diversidade religiosa, o prefeito Luiz Caetano agradeceu ao padroeiro de Arembepe e destacou a import\u00e2ncia do respeito e da uni\u00e3o. \u201cTemos que fazer um governo que respeite a todos, sem machismo e valorizando o espa\u00e7o das mulheres. Hoje, para mim, \u00e9 um dia de muita sorte, pois estiveram presentes aqui o governador Jer\u00f4nimo Rodrigues e o ministro Rui Costa, que anunciou R$ 40 milh\u00f5es em investimentos na \u00e1rea da sa\u00fade. Em breve, tamb\u00e9m vamos anunciar obras de saneamento b\u00e1sico\u201d, afirmou, ao ressaltar ainda a import\u00e2ncia do festival para o munic\u00edpio. \u201cEssa festa fortalece o turismo e valoriza o nosso povo\u201d, concluiu, pedindo que todos celebrem o evento em clima de paz.<\/p>\n\n\n\n<p><br>O cortejo foi organizado pela Secretaria de Cultura (Secult), e a titular da pasta, Elci Freitas, destacou a import\u00e2ncia da iniciativa. \u201cA secretaria tem a alegria de organizar este cortejo cultural t\u00e3o bonito, que re\u00fane baianas, charangas, afox\u00e9s, capoeiristas e diversos grupos que representam a riqueza das nossas manifesta\u00e7\u00f5es culturais. \u00c9 Cama\u00e7ari celebrando sua identidade e fortalecendo a cultura como um direito de todos, garantindo que nossas tradi\u00e7\u00f5es sejam valorizadas, preservadas e vividas pelo nosso povo\u201d, destacou.<\/p>\n\n\n\n<p><br>A tradi\u00e7\u00e3o esteve presente com a aposentada Joalise Dias Cavalcante, 62 anos, que desde os 16 participa da festa como baiana. \u201cA mem\u00f3ria dessa festa, para mim, \u00e9 important\u00edssima, porque sou nativa de Arembepe. Fomos n\u00f3s que iniciamos a lavagem com jarro de barro e flores do campo. Eu fico esperando o ano todo para sair de baiana. E, se n\u00e3o tiver baiana, n\u00e3o existe festa. \u00c9 muito bonito mesmo\u201d, ressaltou.<\/p>\n\n\n\n<p><br>A f\u00e9 em S\u00e3o Francisco de Assis trouxe ao cortejo a moradora da sede de Cama\u00e7ari e dona de casa Ana Eug\u00eania Rodrigues Vaz da Silva, 58 anos, que estava acompanhada do marido, Valmir Ant\u00f4nio da Silva, 63 anos. \u201cVim mais para pagar uma promessa. Passei por um processo recentemente e, gra\u00e7as a Deus, estou livre. Ent\u00e3o, vim at\u00e9 aqui, na beira da igreja, para fazer minha ora\u00e7\u00e3o\u201d, afirmou.<\/p>\n\n\n\n<p><br>Al\u00e9m da tradi\u00e7\u00e3o e da f\u00e9, a alegria tamb\u00e9m marca presen\u00e7a na festa. Foi com esse sentimento que a moradora de Salvador, Gra\u00e7a Schetinni, 64 anos, decidiu conhecer o festival. \u201c\u00c9 o primeiro ano que venho e estou curtindo muito. Tenho uma irm\u00e3 que mora aqui e ela me chamou. \u00c9 aquele entusiasmo que contagia, o incentivo da pr\u00f3pria festa\u201d, contou a artes\u00e3, que est\u00e1 programada para aproveitar todos os dias do evento.<\/p>\n\n\n\n<p>Durante o cortejo religioso, seguindo a ala das baianas, estavam as charangas Tropicana, Art\u2019Vila e Big Band; os afox\u00e9s Il\u00ea As\u00e9 Od\u00e9 Oba Lod\u00ea e Oromi Lay\u00f4; o grupo circense Cia. Isartes; al\u00e9m dos grupos culturais Groove dos Tambores, Ra\u00edzes da Terra, Caboclo Mirim, Boi Tricotado e Samba de Caboclo; a Burrinha Preciosa; o Movimento Percussivo Beira de Rua; e os grupos de capoeira Aquilombar, Liberta\u00e7\u00e3o e Arte e Bimba\u00ea, al\u00e9m dos Filhos de Gandhy.<\/p>\n\n\n\n<p>A vice-prefeita do munic\u00edpio, Pastora D\u00e9a Santos, participou do cortejo, assim como diversas autoridades locais, dos poderes Executivo e Legislativo, incluindo deputados estadual e federal. &nbsp;<\/p>\n\n\n\n<p>O Festival de Arembepe 2026 segue nesta sexta com desfile de blocos de rua e shows musicais. Confira, abaixo, a programa\u00e7\u00e3o:<\/p>\n\n\n\n<p><strong>Blocos de rua \u2013 a partir das 15h,<\/strong> <strong>concentra\u00e7\u00e3o Pra\u00e7a Santa Rita<\/strong><\/p>\n\n\n\n<p>Os Brochas, com G10 e Cil<\/p>\n\n\n\n<p>Bloco Kais, com Viola de 12<\/p>\n\n\n\n<p>Os Porret\u00f5es, com Wesley Lima<\/p>\n\n\n\n<p>Jak\u00e9, com Nivaldo do Tchaco<\/p>\n\n\n\n<p>Cordel de Arembepe, com Rich\u00f4 El\u00e9trico \u2013 <strong>concentra\u00e7\u00e3o Pra\u00e7a das Amendoeiras<\/strong><\/p>\n\n\n\n<p><strong>Palco Ra\u00edzes e Ritmos (Pra\u00e7a dos Coqueiros) \u2013 a partir das 15h30<\/strong><\/p>\n\n\n\n<p>Espermacete<\/p>\n\n\n\n<p>Jorginaldo Assis<\/p>\n\n\n\n<p>Kalunduh<\/p>\n\n\n\n<p>Rege FX<\/p>\n\n\n\n<p>Edy Xote<\/p>\n\n\n\n<p>Cartel Pacifista<\/p>\n\n\n\n<p><strong>Palco Katita (Arena Principal) \u2013 a partir das 19h30<\/strong><\/p>\n\n\n\n<p>Chegue Mais convida Nego L\u00e9o<\/p>\n\n\n\n<p>Diumbanda<\/p>\n\n\n\n<p>Guig Ghetto<\/p>\n\n\n\n<p>Filhos de Jorge<\/p>\n\n\n\n<p>Jo\u00e3o Gomes<\/p>\n","protected":false},"excerpt":{"rendered":"<p>O som de batuques e das charangas levou, com alegria, milhares de pessoas at\u00e9 a igreja de S\u00e3o Francisco de Assis durante o tradicional cortejo religioso e cultural, que marca a abertura oficial do Festival de Arembepe 2026, realizado nesta sexta-feira, (13). O evento, que fecha o ciclo de lavagens e festas populares da orla<\/p>\n","protected":false},"author":5,"featured_media":74243,"comment_status":"open","ping_status":"open","sticky":false,"template":"","format":"standard","meta":{"om_disable_all_campaigns":false,"_monsterinsights_skip_tracking":false,"_monsterinsights_sitenote_active":false,"_monsterinsights_sitenote_note":"","_monsterinsights_sitenote_category":0,"footnotes":""},"categories":[40],"tags":[],"class_list":{"0":"post-74242","1":"post","2":"type-post","3":"status-publish","4":"format-standard","5":"has-post-thumbnail","7":"category-camacari"},"_links":{"self":[{"href":"https:\/\/comandogeraldanoticia.com.br\/index.php\/wp-json\/wp\/v2\/posts\/74242","targetHints":{"allow":["GET"]}}],"collection":[{"href":"https:\/\/comandogeraldanoticia.com.br\/index.php\/wp-json\/wp\/v2\/posts"}],"about":[{"href":"https:\/\/comandogeraldanoticia.com.br\/index.php\/wp-json\/wp\/v2\/types\/post"}],"author":[{"embeddable":true,"href":"https:\/\/comandogeraldanoticia.com.br\/index.php\/wp-json\/wp\/v2\/users\/5"}],"replies":[{"embeddable":true,"href":"https:\/\/comandogeraldanoticia.com.br\/index.php\/wp-json\/wp\/v2\/comments?post=74242"}],"version-history":[{"count":2,"href":"https:\/\/comandogeraldanoticia.com.br\/index.php\/wp-json\/wp\/v2\/posts\/74242\/revisions"}],"predecessor-version":[{"id":74245,"href":"https:\/\/comandogeraldanoticia.com.br\/index.php\/wp-json\/wp\/v2\/posts\/74242\/revisions\/74245"}],"wp:featuredmedia":[{"embeddable":true,"href":"https:\/\/comandogeraldanoticia.com.br\/index.php\/wp-json\/wp\/v2\/media\/74243"}],"wp:attachment":[{"href":"https:\/\/comandogeraldanoticia.com.br\/index.php\/wp-json\/wp\/v2\/media?parent=74242"}],"wp:term":[{"taxonomy":"category","embeddable":true,"href":"https:\/\/comandogeraldanoticia.com.br\/index.php\/wp-json\/wp\/v2\/categories?post=74242"},{"taxonomy":"post_tag","embeddable":true,"href":"https:\/\/comandogeraldanoticia.com.br\/index.php\/wp-json\/wp\/v2\/tags?post=74242"}],"curies":[{"name":"wp","href":"https:\/\/api.w.org\/{rel}","templated":true}]}}