{"id":74237,"date":"2026-03-13T18:32:34","date_gmt":"2026-03-13T18:32:34","guid":{"rendered":"https:\/\/comandogeraldanoticia.com.br\/?p=74237"},"modified":"2026-03-13T18:32:46","modified_gmt":"2026-03-13T18:32:46","slug":"investimento-de-r39-milhoes-ampliara-assistencia-a-saude-em-camacari","status":"publish","type":"post","link":"https:\/\/comandogeraldanoticia.com.br\/index.php\/2026\/03\/13\/investimento-de-r39-milhoes-ampliara-assistencia-a-saude-em-camacari\/","title":{"rendered":"Investimento de R$39 milh\u00f5es ampliar\u00e1 assist\u00eancia \u00e0 sa\u00fade em Cama\u00e7ari"},"content":{"rendered":"\n<p>Foto: Amanda Erc\u00edlia\/GOVBA<\/p>\n\n\n\n<p>O cen\u00e1rio da sa\u00fade p\u00fablica em Cama\u00e7ari, na Regi\u00e3o Metropolitana de Salvador, ter\u00e1 mais um grande avan\u00e7o. Nesta sexta-feira (13), o governador Jer\u00f4nimo Rodrigues autorizou um robusto pacote de obras que soma investimentos superiores a R$ 39 milh\u00f5es, com a\u00e7\u00f5es voltadas ao atendimento de urg\u00eancia e emerg\u00eancia, \u00e0 reabilita\u00e7\u00e3o especializada, \u00e0 aten\u00e7\u00e3o b\u00e1sica e \u00e0 sa\u00fade mental.<\/p>\n\n\n\n<p>Jer\u00f4nimo destacou que o conjunto de investimentos amplia e organiza a rede municipal de sa\u00fade, garantindo desde a aten\u00e7\u00e3o b\u00e1sica at\u00e9 o atendimento de urg\u00eancia em diferentes regi\u00f5es do munic\u00edpio. \u201cN\u00f3s estamos fortalecendo toda a rede de assist\u00eancia \u00e0 sa\u00fade, desde o atendimento b\u00e1sico at\u00e9 o pronto atendimento para os casos de urg\u00eancia, levando estrutura para a sede, para bairros importantes, para distritos, povoados e tamb\u00e9m para a orla\u201d, afirmou o governador.<\/p>\n\n\n\n<p>Uma das principais assinaturas foi a ordem de servi\u00e7o para a constru\u00e7\u00e3o da Unidade de Pronto Atendimento (UPA) em Monte Gordo. Com um investimento total de R$ 9,5 milh\u00f5es, a obra j\u00e1 se encontra em fase de mobiliza\u00e7\u00e3o de canteiro. A nova unidade tem previs\u00e3o de finaliza\u00e7\u00e3o ainda no segundo semestre deste ano. A UPA ser\u00e1 fundamental para descentralizar o atendimento de urg\u00eancia e emerg\u00eancia, oferecendo suporte crucial para os moradores e turistas da regi\u00e3o da orla.<\/p>\n\n\n\n<p>Ao detalhar a nova estrutura da UPA, a secret\u00e1ria da Sa\u00fade do Estado, Roberta Santana, destacou que o novo equipamento representa uma mudan\u00e7a importante na capacidade de atendimento de urg\u00eancia no munic\u00edpio. &nbsp;\u201cA gente n\u00e3o est\u00e1 falando em promessa, est\u00e1 falando em in\u00edcio de obra. Ser\u00e3o 14 leitos, tr\u00eas salas vermelhas e espa\u00e7o adequado para medica\u00e7\u00e3o, observa\u00e7\u00e3o e internamento\u201d, afirmou.<\/p>\n\n\n\n<p><strong>Assist\u00eancia especializada e Aten\u00e7\u00e3o B\u00e1sica<\/strong><\/p>\n\n\n\n<p>Al\u00e9m da urg\u00eancia, a assist\u00eancia especializada receber\u00e1 um refor\u00e7o com a constru\u00e7\u00e3o do Centro Especializado em Reabilita\u00e7\u00e3o (CER Tipo IV). O novo equipamento \u00e9 fruto de uma parceria entre o Governo Federal, por meio do Novo PAC, e o Governo Estadual, com investimentos de R$ 8,4 milh\u00f5es e R$ 8,1 milh\u00f5es, respectivamente. O autorizo para o processo licitat\u00f3rio foi assinado e deve ser publicado no Di\u00e1rio Oficial do Estado neste s\u00e1bado (14). O centro ser\u00e1 uma unidade de refer\u00eancia para pacientes que necessitam de assist\u00eancia para reabilita\u00e7\u00e3o f\u00edsica e intelectual.<\/p>\n\n\n\n<p>O fortalecimento da Aten\u00e7\u00e3o B\u00e1sica em Cama\u00e7ari tamb\u00e9m ter\u00e1 um grande avan\u00e7o atrav\u00e9s do Programa de fortalecimento do SUS no Estado da Bahia (PROSUS), que destinar\u00e1 aproximadamente R$ 8 milh\u00f5es para constru\u00e7\u00e3o de tr\u00eas Unidades B\u00e1sicas de Sa\u00fade (UBS), que ser\u00e3o constru\u00eddas nos bairros de Limoeiro, Parque Verde e na localidade de Abrantes, totalizando um investimento de R$ 8 milh\u00f5es.<\/p>\n\n\n\n<p><strong>Sa\u00fade mental<\/strong><\/p>\n\n\n\n<p>Para a amplia\u00e7\u00e3o da assist\u00eancia na \u00e1rea da sa\u00fade mental, foi autorizada a licita\u00e7\u00e3o para constru\u00e7\u00e3o de um Centro de Aten\u00e7\u00e3o Psicossocial (CAPS Tipo III) com valor estimado em R$ 3 milh\u00f5es e uma Unidade de Acolhimento (UA), com aporte de R$ 2 milh\u00f5es. As duas unidades contar\u00e3o com recursos tamb\u00e9m atrav\u00e9s do PROSUS.<\/p>\n\n\n\n<p>&#8220;Com a amplia\u00e7\u00e3o do n\u00famero de UBS e a chegada de equipamentos de acolhimento psicossocial e reabilita\u00e7\u00e3o, o governo estadual busca reduzir as filas de espera e garantir que o cidad\u00e3o de Cama\u00e7ari tenha acesso a um cuidado integral, humanizado e mais pr\u00f3ximo de sua resid\u00eancia\u201d, afirmou a secret\u00e1ria Roberta Santana.<\/p>\n\n\n\n<p><strong>Nova Policl\u00ednica<\/strong><\/p>\n\n\n\n<p>Em Cama\u00e7ari, o governador Jer\u00f4nimo Rodrigues ainda verificou as obras da Policl\u00ednica Regional de Sa\u00fade. A unidade \u00e9 a primeira do Brasil a ser constru\u00edda dentro do Novo Programa de Acelera\u00e7\u00e3o do Crescimento (PAC). Com 64% constru\u00edda, a unidade deve ser entregue em junho de 2026.<\/p>\n\n\n\n<p>A secret\u00e1ria Roberta Santana destacou que a amplia\u00e7\u00e3o da policl\u00ednica vai multiplicar a capacidade de atendimento especializado na regi\u00e3o. \u201cCom a nova estrutura vamos sair de cerca de 9 mil para 54 mil atendimentos por m\u00eas, entre consultas, exames e procedimentos. Isso significa mais acesso e menos espera para quem precisa de cuidado\u201d, afirmou.<\/p>\n\n\n\n<p>A estrutura vai contar com 25 consult\u00f3rios para atendimentos em especialidades, como otorrinolaringologia e oftalmologia, al\u00e9m de quatro salas de ultrassonografia. A unidade incluir\u00e1 \u00e1reas para exames oftalmol\u00f3gicos e servi\u00e7os ortop\u00e9dicos, um ambulat\u00f3rio de estomias, uma sala para tratamento de feridas complexas, um n\u00facleo de atendimento a v\u00edtimas de viol\u00eancia contra a mulher, \u00e1rea de fisioterapia e dois consult\u00f3rios dedicados \u00e0 sa\u00fade infantil, com uma sala de estimula\u00e7\u00e3o precoce.<\/p>\n","protected":false},"excerpt":{"rendered":"<p>Foto: Amanda Erc\u00edlia\/GOVBA O cen\u00e1rio da sa\u00fade p\u00fablica em Cama\u00e7ari, na Regi\u00e3o Metropolitana de Salvador, ter\u00e1 mais um grande avan\u00e7o. Nesta sexta-feira (13), o governador Jer\u00f4nimo Rodrigues autorizou um robusto pacote de obras que soma investimentos superiores a R$ 39 milh\u00f5es, com a\u00e7\u00f5es voltadas ao atendimento de urg\u00eancia e emerg\u00eancia, \u00e0 reabilita\u00e7\u00e3o especializada, \u00e0 aten\u00e7\u00e3o<\/p>\n","protected":false},"author":5,"featured_media":74239,"comment_status":"open","ping_status":"open","sticky":false,"template":"","format":"standard","meta":{"om_disable_all_campaigns":false,"_monsterinsights_skip_tracking":false,"_monsterinsights_sitenote_active":false,"_monsterinsights_sitenote_note":"","_monsterinsights_sitenote_category":0,"footnotes":""},"categories":[118],"tags":[],"class_list":{"0":"post-74237","1":"post","2":"type-post","3":"status-publish","4":"format-standard","5":"has-post-thumbnail","7":"category-bahia"},"_links":{"self":[{"href":"https:\/\/comandogeraldanoticia.com.br\/index.php\/wp-json\/wp\/v2\/posts\/74237","targetHints":{"allow":["GET"]}}],"collection":[{"href":"https:\/\/comandogeraldanoticia.com.br\/index.php\/wp-json\/wp\/v2\/posts"}],"about":[{"href":"https:\/\/comandogeraldanoticia.com.br\/index.php\/wp-json\/wp\/v2\/types\/post"}],"author":[{"embeddable":true,"href":"https:\/\/comandogeraldanoticia.com.br\/index.php\/wp-json\/wp\/v2\/users\/5"}],"replies":[{"embeddable":true,"href":"https:\/\/comandogeraldanoticia.com.br\/index.php\/wp-json\/wp\/v2\/comments?post=74237"}],"version-history":[{"count":2,"href":"https:\/\/comandogeraldanoticia.com.br\/index.php\/wp-json\/wp\/v2\/posts\/74237\/revisions"}],"predecessor-version":[{"id":74241,"href":"https:\/\/comandogeraldanoticia.com.br\/index.php\/wp-json\/wp\/v2\/posts\/74237\/revisions\/74241"}],"wp:featuredmedia":[{"embeddable":true,"href":"https:\/\/comandogeraldanoticia.com.br\/index.php\/wp-json\/wp\/v2\/media\/74239"}],"wp:attachment":[{"href":"https:\/\/comandogeraldanoticia.com.br\/index.php\/wp-json\/wp\/v2\/media?parent=74237"}],"wp:term":[{"taxonomy":"category","embeddable":true,"href":"https:\/\/comandogeraldanoticia.com.br\/index.php\/wp-json\/wp\/v2\/categories?post=74237"},{"taxonomy":"post_tag","embeddable":true,"href":"https:\/\/comandogeraldanoticia.com.br\/index.php\/wp-json\/wp\/v2\/tags?post=74237"}],"curies":[{"name":"wp","href":"https:\/\/api.w.org\/{rel}","templated":true}]}}