{"id":74233,"date":"2026-03-13T18:25:05","date_gmt":"2026-03-13T18:25:05","guid":{"rendered":"https:\/\/comandogeraldanoticia.com.br\/?p=74233"},"modified":"2026-03-13T18:25:06","modified_gmt":"2026-03-13T18:25:06","slug":"ministerio-da-saude-acolhe-novos-residentes-em-saude-para-formacao-em-todo-o-pais","status":"publish","type":"post","link":"https:\/\/comandogeraldanoticia.com.br\/index.php\/2026\/03\/13\/ministerio-da-saude-acolhe-novos-residentes-em-saude-para-formacao-em-todo-o-pais\/","title":{"rendered":"Minist\u00e9rio da Sa\u00fade acolhe novos residentes em sa\u00fade para forma\u00e7\u00e3o em todo o Pa\u00eds"},"content":{"rendered":"\n<p>Ag\u00eancia Gov | Via Minist\u00e9rio da Sa\u00fade<\/p>\n\n\n\n<p>Cerca de 35 mil profissionais de sa\u00fade iniciam, neste m\u00eas de mar\u00e7o, sua forma\u00e7\u00e3o em programas de resid\u00eancia m\u00e9dica e de resid\u00eancia na \u00e1rea profissional da sa\u00fade (uniprofissional e multiprofissional). Os novos residentes est\u00e3o sendo acolhidos por institui\u00e7\u00f5es formadoras em todo o pa\u00eds. A iniciativa integra as a\u00e7\u00f5es do Governo Federal para fortalecer o <a href=\"https:\/\/www.gov.br\/saude\/pt-br\/sus\" rel=\"noreferrer noopener\" target=\"_blank\">Sistema \u00danico de Sa\u00fade (SUS)<\/a> por meio da amplia\u00e7\u00e3o da forma\u00e7\u00e3o de especialistas em todo o territ\u00f3rio nacional. Atualmente, os programas abrangem 44 especialidades e 29 \u00e1reas de concentra\u00e7\u00e3o, incluindo campos estrat\u00e9gicos como aten\u00e7\u00e3o \u00e0 sa\u00fade da mulher e oncologia.<\/p>\n\n\n\n<p>O Minist\u00e9rio da Sa\u00fade desempenha papel central nesse processo. Hoje, a pasta financia aproximadamente 60% das bolsas de resid\u00eancia m\u00e9dica e cerca de 90% das bolsas de resid\u00eancia na \u00e1rea profissional da sa\u00fade, evidenciando seu papel estrat\u00e9gico no fortalecimento dessa modalidade de forma\u00e7\u00e3o no pa\u00eds.<\/p>\n\n\n\n<p>Nos \u00faltimos anos, em parceria com o Minist\u00e9rio da Educa\u00e7\u00e3o (MEC), tamb\u00e9m houve expans\u00e3o significativa dos programas e vagas, especialmente na Amaz\u00f4nia Legal. Na resid\u00eancia m\u00e9dica, o n\u00famero de programas cresceu 27%, enquanto na resid\u00eancia na \u00e1rea profissional da sa\u00fade o aumento foi de 123%.<\/p>\n\n\n\n<p>Esse avan\u00e7o possibilitou a cria\u00e7\u00e3o de 323 novas vagas de resid\u00eancia m\u00e9dica e 594 vagas na \u00e1rea profissional da sa\u00fade, ampliando a forma\u00e7\u00e3o em \u00e1reas priorit\u00e1rias para o SUS, como anestesiologia, cardiologia, neurologia pedi\u00e1trica, pediatria, psiquiatria e medicina de fam\u00edlia e comunidade, al\u00e9m de \u00e1reas como aten\u00e7\u00e3o em oncologia e sa\u00fade da crian\u00e7a, entre outras.<\/p>\n\n\n\n<p>Segundo o Secret\u00e1rio de Gest\u00e3o do Trabalho e da Educa\u00e7\u00e3o na Sa\u00fade&nbsp;(SGTES), Felipe&nbsp;Proen\u00e7o, \u201ca amplia\u00e7\u00e3o das resid\u00eancias em sa\u00fade \u00e9 parte fundamental da estrat\u00e9gia do governo federal para qualificar o atendimento \u00e0 popula\u00e7\u00e3o. A forma\u00e7\u00e3o de especialistas, especialmente em regi\u00f5es que historicamente apresentam a menor oferta de profissionais, \u00e9 essencial para fortalecer o SUS e ampliar o acesso da popula\u00e7\u00e3o a servi\u00e7os especializados de sa\u00fade e a\u202fcapacidade\u202fformativa\u202fdo\u202fpa\u00eds\u202fe responder\u202f\u00e0\u202fdemanda\u202fpor\u202fprofissionais\u202fespecialistas\u202fno SUS\u201d.<\/p>\n\n\n\n<p>O m\u00e9dico Lu\u00eds Gustavo Soares Rodrigues, que&nbsp;inicia&nbsp;a resid\u00eancia em medicina paliativa no Hospital da Baleia,&nbsp;em Minas Gerais,&nbsp;tem o sonho de fazer resid\u00eancia&nbsp;desde a&nbsp;sua&nbsp;gradua\u00e7\u00e3o&nbsp;o que, segundo ele, \u00e9&nbsp;fundamental para melhora a qualidade do seu trabalho como m\u00e9dico de fam\u00edlia e comunidade e para proporcionar conforto para os pacientes&nbsp;em momentos dif\u00edceis.&nbsp;\u201cDesde antes da gradua\u00e7\u00e3o, eu sempre sonhei em atenuar o sofrimento de quem estava com c\u00e2ncer, ent\u00e3o inicialmente eu fui para a \u00e1rea da Medicina de Fam\u00edlia, onde eu me encontrei e hoje tenho a oportunidade de realizar um sonho antigo, no Hospital da Baleia, uma institui\u00e7\u00e3o que \u00e9 uma refer\u00eancia para o tratamento ontol\u00f3gico&nbsp;no pa\u00eds\u201d.<\/p>\n\n\n\n<p>A expans\u00e3o das resid\u00eancias integra a pol\u00edtica de qualifica\u00e7\u00e3o da forma\u00e7\u00e3o em sa\u00fade e est\u00e1 alinhada ao programa Agora Tem Especialistas (ATE), do governo federal, que busca reduzir o tempo de espera por atendimento especializado e ampliar o acesso da popula\u00e7\u00e3o a esses servi\u00e7os. A estrat\u00e9gia tem impulsionado a amplia\u00e7\u00e3o da oferta de vagas de resid\u00eancia em sa\u00fade em todo o pa\u00eds, fortalecendo a capacidade formativa do SUS e contribuindo para a redu\u00e7\u00e3o das desigualdades regionais na distribui\u00e7\u00e3o de especialistas.<\/p>\n\n\n\n<p>De acordo com o diretor de Programa da&nbsp;SGTES,&nbsp;Rodrigo Cariri, a&nbsp;expans\u00e3o de resid\u00eancias no pa\u00eds&nbsp;\u00e9&nbsp;a concretiza\u00e7\u00e3o do sonho do presidente Lula em levar mais sa\u00fade e mais especialistas para cuidar da popula\u00e7\u00e3o.<\/p>\n\n\n\n<p>\u201cQuando a gente lan\u00e7ou&nbsp;o&nbsp;programa, Agora Tem Especialista, no Pal\u00e1cio&nbsp;do Planalto,&nbsp;o presidente Lula sempre foi seu&nbsp;sonho qualificar a aten\u00e7\u00e3o especializada no pa\u00eds, a ponto&nbsp;de&nbsp;as pessoas que precisem de uma cirurgia de tratamento de c\u00e2ncer, de uma hemodi\u00e1lise, de um tratamento por uma condi\u00e7\u00e3o especial, tenham acesso&nbsp;a um servi\u00e7o de qualidade. Dessa forma, a amplia\u00e7\u00e3o das vagas e das bolsas de resid\u00eancias s\u00e3o, em parte, realiza\u00e7\u00e3o desse sonho\u201d,&nbsp;pontuou&nbsp;o&nbsp;diretor,&nbsp;durante evento de acolhimento realizado nesta quinta-feira, 12\/3, em Minas Gerais.<\/p>\n\n\n\n<p>Na oportunidade,&nbsp;Cariri&nbsp;enfatizou a import\u00e2ncia do estado na forma\u00e7\u00e3o de especialistas para o pa\u00eds.&nbsp;\u201cMinas Gerais&nbsp;\u00e9&nbsp;um estado comprometido, por isso&nbsp;\u00e9&nbsp;um dos estados que mais exporta especialistas para o&nbsp;Brasil\u201d.<\/p>\n\n\n\n<p>Entre os avan\u00e7os mais recentes est\u00e1 a cria\u00e7\u00e3o de programas in\u00e9ditos na Amaz\u00f4nia Legal, como o primeiro programa de Oncologia Pedi\u00e1trica da regi\u00e3o, em Rond\u00f4nia, e o primeiro programa regional em Aten\u00e7\u00e3o \u00e0 Sa\u00fade da Pessoa com Defici\u00eancia, implantado no Par\u00e1 e no Tocantins. Tamb\u00e9m foram abertas vagas voltadas para Sa\u00fade Ind\u00edgena e Sa\u00fade do Campo, da Floresta e das \u00c1guas, ampliando a forma\u00e7\u00e3o de profissionais preparados para atuar nas diferentes realidades e especificidades dos territ\u00f3rios brasileiros.<\/p>\n\n\n\n<p>O representante do Minist\u00e9rio da Educa\u00e7\u00e3o, Arist\u00f3teles dos Santos, ressaltou a import\u00e2ncia da chegada dos novos residentes e afirmou que o esfor\u00e7o coletivo \u00e9 uma prioridade do governo federal.&nbsp;\u201cA conquista os residentes&nbsp;\u00e9&nbsp;uma conquista individual importante, cada um aqui sabe o quanto passou, o quanto sofreu para conseguir passar&nbsp;estar aqui hoje, como residente. Mas&nbsp;\u00e9&nbsp;importante a gente tamb\u00e9m ressaltar que conquistas individuais&nbsp;s\u00e3o&nbsp;tamb\u00e9m&nbsp;por conta de nossos&nbsp;esfor\u00e7os&nbsp;coletivos&nbsp;feitos&nbsp;para&nbsp;termos&nbsp;tantas vagas de resid\u00eancia&nbsp;no pa\u00eds e&nbsp;aqui em Minas Gerais.<\/p>\n\n\n\n<p>A resid\u00eancia em sa\u00fade \u00e9 uma modalidade de especializa\u00e7\u00e3o baseada na integra\u00e7\u00e3o entre ensino e servi\u00e7o, realizada diretamente nos servi\u00e7os de sa\u00fade, e representa um dos principais instrumentos de qualifica\u00e7\u00e3o da for\u00e7a de trabalho no Sistema \u00danico de Sa\u00fade.<\/p>\n","protected":false},"excerpt":{"rendered":"<p>Ag\u00eancia Gov | Via Minist\u00e9rio da Sa\u00fade Cerca de 35 mil profissionais de sa\u00fade iniciam, neste m\u00eas de mar\u00e7o, sua forma\u00e7\u00e3o em programas de resid\u00eancia m\u00e9dica e de resid\u00eancia na \u00e1rea profissional da sa\u00fade (uniprofissional e multiprofissional). Os novos residentes est\u00e3o sendo acolhidos por institui\u00e7\u00f5es formadoras em todo o pa\u00eds. A iniciativa integra as a\u00e7\u00f5es<\/p>\n","protected":false},"author":5,"featured_media":74234,"comment_status":"open","ping_status":"open","sticky":false,"template":"","format":"standard","meta":{"om_disable_all_campaigns":false,"_monsterinsights_skip_tracking":false,"_monsterinsights_sitenote_active":false,"_monsterinsights_sitenote_note":"","_monsterinsights_sitenote_category":0,"footnotes":""},"categories":[39],"tags":[],"class_list":{"0":"post-74233","1":"post","2":"type-post","3":"status-publish","4":"format-standard","5":"has-post-thumbnail","7":"category-brasil"},"_links":{"self":[{"href":"https:\/\/comandogeraldanoticia.com.br\/index.php\/wp-json\/wp\/v2\/posts\/74233","targetHints":{"allow":["GET"]}}],"collection":[{"href":"https:\/\/comandogeraldanoticia.com.br\/index.php\/wp-json\/wp\/v2\/posts"}],"about":[{"href":"https:\/\/comandogeraldanoticia.com.br\/index.php\/wp-json\/wp\/v2\/types\/post"}],"author":[{"embeddable":true,"href":"https:\/\/comandogeraldanoticia.com.br\/index.php\/wp-json\/wp\/v2\/users\/5"}],"replies":[{"embeddable":true,"href":"https:\/\/comandogeraldanoticia.com.br\/index.php\/wp-json\/wp\/v2\/comments?post=74233"}],"version-history":[{"count":2,"href":"https:\/\/comandogeraldanoticia.com.br\/index.php\/wp-json\/wp\/v2\/posts\/74233\/revisions"}],"predecessor-version":[{"id":74236,"href":"https:\/\/comandogeraldanoticia.com.br\/index.php\/wp-json\/wp\/v2\/posts\/74233\/revisions\/74236"}],"wp:featuredmedia":[{"embeddable":true,"href":"https:\/\/comandogeraldanoticia.com.br\/index.php\/wp-json\/wp\/v2\/media\/74234"}],"wp:attachment":[{"href":"https:\/\/comandogeraldanoticia.com.br\/index.php\/wp-json\/wp\/v2\/media?parent=74233"}],"wp:term":[{"taxonomy":"category","embeddable":true,"href":"https:\/\/comandogeraldanoticia.com.br\/index.php\/wp-json\/wp\/v2\/categories?post=74233"},{"taxonomy":"post_tag","embeddable":true,"href":"https:\/\/comandogeraldanoticia.com.br\/index.php\/wp-json\/wp\/v2\/tags?post=74233"}],"curies":[{"name":"wp","href":"https:\/\/api.w.org\/{rel}","templated":true}]}}