{"id":74225,"date":"2026-03-13T16:44:00","date_gmt":"2026-03-13T16:44:00","guid":{"rendered":"https:\/\/comandogeraldanoticia.com.br\/?p=74225"},"modified":"2026-03-13T16:44:01","modified_gmt":"2026-03-13T16:44:01","slug":"camacari-recebe-quase-r-40-milhoes-para-construcao-de-novas-unidades-de-saude-nesta-sexta-feira","status":"publish","type":"post","link":"https:\/\/comandogeraldanoticia.com.br\/index.php\/2026\/03\/13\/camacari-recebe-quase-r-40-milhoes-para-construcao-de-novas-unidades-de-saude-nesta-sexta-feira\/","title":{"rendered":"Cama\u00e7ari recebe quase R$ 40 milh\u00f5es para constru\u00e7\u00e3o de novas unidades de sa\u00fade nesta sexta-feira"},"content":{"rendered":"\n<p>da Casa Civil, Rui Costa, do senador Jaques Wagner, e do prefeito Luiz Caetano, autorizou um pacote de quase R$ 40 milh\u00f5es em investimentos destinados \u00e0 constru\u00e7\u00e3o de novas unidades de sa\u00fade no munic\u00edpio.<\/p>\n\n\n\n<figure class=\"wp-block-image size-large is-resized\"><img decoding=\"async\" src=\"https:\/\/enoticiaba.com.br\/wp-content\/uploads\/2026\/03\/Segov_Cobertura-anuncio-Jeronimo-Rodrigues-Rui-Costa-quase-40-milhoes-investimentos-construcao-novas-unidades-saude_Foto-William-Rocha_13.3-8-1024x682.jpeg\" alt=\"\" class=\"wp-image-12467\" style=\"aspect-ratio:1.5014746298533421;width:514px;height:auto\"\/><\/figure>\n\n\n\n<p>Foram assinadas a ordem de servi\u00e7o para a constru\u00e7\u00e3o da Unidade de Pronto Atendimento (UPA) Tipo II de Monte Gordo e as autoriza\u00e7\u00f5es para abertura de licita\u00e7\u00f5es destinadas \u00e0 constru\u00e7\u00e3o do Centro Especializado em Reabilita\u00e7\u00e3o (CER) Tipo IV, de tr\u00eas unidades B\u00e1sicas de Sa\u00fade (UBSs), nos bairros Jardim Limoeiro e Massaranduba, na sede, e no distrito de Abrantes, na orla, al\u00e9m de um Centro de Aten\u00e7\u00e3o Psicossocial (CAPS) Tipo III, no bairro Jardim Limoeiro, onde tamb\u00e9m ser\u00e1 constru\u00edda uma Unidade de Acolhimento em Sa\u00fade Mental (UA).<\/p>\n\n\n<div class=\"wp-block-image\">\n<figure class=\"alignleft size-large is-resized\"><img decoding=\"async\" src=\"https:\/\/enoticiaba.com.br\/wp-content\/uploads\/2026\/03\/Segov_Cobertura-anuncio-Jeronimo-Rodrigues-Rui-Costa-quase-40-milhoes-investimentos-construcao-novas-unidades-saude_Foto-William-Rocha_13.3-13-1024x682.jpeg\" alt=\"\" class=\"wp-image-12469\" style=\"aspect-ratio:1.5014746298533421;width:490px;height:auto\"\/><\/figure><\/div>\n\n\n<p>Na oportunidade, a comitiva realizou visita t\u00e9cnica \u00e0s obras de constru\u00e7\u00e3o da Policl\u00ednica Regional de Sa\u00fade, a 1\u00aa do pa\u00eds no \u00e2mbito do Novo PAC, localizada na Avenida Conc\u00eantrica. Com previs\u00e3o de inaugura\u00e7\u00e3o ainda no primeiro semestre deste ano, o equipamento conta com investimento estimado em R$ 24 milh\u00f5es.<\/p>\n\n\n<div class=\"wp-block-image\">\n<figure class=\"alignright size-large is-resized\"><img decoding=\"async\" src=\"https:\/\/enoticiaba.com.br\/wp-content\/uploads\/2026\/03\/Segov_Cobertura-anuncio-Jeronimo-Rodrigues-Rui-Costa-quase-40-milhoes-investimentos-construcao-novas-unidades-saude_Foto-William-Rocha_13.3-10-1024x682.jpeg\" alt=\"\" class=\"wp-image-12468\" style=\"aspect-ratio:1.5014612538621719;width:537px;height:auto\"\/><\/figure><\/div>\n\n\n<p>O&nbsp;governador disse&nbsp;que o que est\u00e1 acontecendo hoje em Cama\u00e7ari \u00e9 o cumprimento do compromisso feito pelos governos federal e da Bahia. \u201cHoje \u00e9 uma agenda de an\u00fancios e de entregas na \u00e1rea da sa\u00fade, com recursos do governo do Estado, do Novo PAC do governo federal, e do governo municipal\u201d, afirmou Jer\u00f4nimo.<\/p>\n\n\n\n<p>O prefeito de Cama\u00e7ari, Luiz Caetano, destacou o volume de investimentos na \u00e1rea da sa\u00fade no munic\u00edpio. \u201c\u00c9 uma revolu\u00e7\u00e3o para Cama\u00e7ari todo esse investimento que estamos recebendo. S\u00e3o diversos equipamentos, 11 no total\u201d, comemorou.<\/p>\n\n\n\n<p>O ministro Rui Costa destacou que a nova policl\u00ednica ampliar\u00e1 o acesso da popula\u00e7\u00e3o de Cama\u00e7ari a exames e consultas especializadas. \u201cVai mais do que dobrar a oferta de exames e consultas para a popula\u00e7\u00e3o. Atualmente, s\u00f3 tem a policl\u00ednica de Sim\u00f5es Filho para atender a Regi\u00e3o Metropolitana\u201d, afirmou.<\/p>\n","protected":false},"excerpt":{"rendered":"<p>da Casa Civil, Rui Costa, do senador Jaques Wagner, e do prefeito Luiz Caetano, autorizou um pacote de quase R$ 40 milh\u00f5es em investimentos destinados \u00e0 constru\u00e7\u00e3o de novas unidades de sa\u00fade no munic\u00edpio. Foram assinadas a ordem de servi\u00e7o para a constru\u00e7\u00e3o da Unidade de Pronto Atendimento (UPA) Tipo II de Monte Gordo e<\/p>\n","protected":false},"author":5,"featured_media":74226,"comment_status":"open","ping_status":"open","sticky":false,"template":"","format":"standard","meta":{"om_disable_all_campaigns":false,"_monsterinsights_skip_tracking":false,"_monsterinsights_sitenote_active":false,"_monsterinsights_sitenote_note":"","_monsterinsights_sitenote_category":0,"footnotes":""},"categories":[40],"tags":[],"class_list":{"0":"post-74225","1":"post","2":"type-post","3":"status-publish","4":"format-standard","5":"has-post-thumbnail","7":"category-camacari"},"_links":{"self":[{"href":"https:\/\/comandogeraldanoticia.com.br\/index.php\/wp-json\/wp\/v2\/posts\/74225","targetHints":{"allow":["GET"]}}],"collection":[{"href":"https:\/\/comandogeraldanoticia.com.br\/index.php\/wp-json\/wp\/v2\/posts"}],"about":[{"href":"https:\/\/comandogeraldanoticia.com.br\/index.php\/wp-json\/wp\/v2\/types\/post"}],"author":[{"embeddable":true,"href":"https:\/\/comandogeraldanoticia.com.br\/index.php\/wp-json\/wp\/v2\/users\/5"}],"replies":[{"embeddable":true,"href":"https:\/\/comandogeraldanoticia.com.br\/index.php\/wp-json\/wp\/v2\/comments?post=74225"}],"version-history":[{"count":2,"href":"https:\/\/comandogeraldanoticia.com.br\/index.php\/wp-json\/wp\/v2\/posts\/74225\/revisions"}],"predecessor-version":[{"id":74228,"href":"https:\/\/comandogeraldanoticia.com.br\/index.php\/wp-json\/wp\/v2\/posts\/74225\/revisions\/74228"}],"wp:featuredmedia":[{"embeddable":true,"href":"https:\/\/comandogeraldanoticia.com.br\/index.php\/wp-json\/wp\/v2\/media\/74226"}],"wp:attachment":[{"href":"https:\/\/comandogeraldanoticia.com.br\/index.php\/wp-json\/wp\/v2\/media?parent=74225"}],"wp:term":[{"taxonomy":"category","embeddable":true,"href":"https:\/\/comandogeraldanoticia.com.br\/index.php\/wp-json\/wp\/v2\/categories?post=74225"},{"taxonomy":"post_tag","embeddable":true,"href":"https:\/\/comandogeraldanoticia.com.br\/index.php\/wp-json\/wp\/v2\/tags?post=74225"}],"curies":[{"name":"wp","href":"https:\/\/api.w.org\/{rel}","templated":true}]}}