{"id":74221,"date":"2026-03-13T02:10:44","date_gmt":"2026-03-13T02:10:44","guid":{"rendered":"https:\/\/comandogeraldanoticia.com.br\/?p=74221"},"modified":"2026-03-13T02:10:45","modified_gmt":"2026-03-13T02:10:45","slug":"alerj-aprova-formacao-de-jovens-para-promover-leitura-e-escrita-no-rj","status":"publish","type":"post","link":"https:\/\/comandogeraldanoticia.com.br\/index.php\/2026\/03\/13\/alerj-aprova-formacao-de-jovens-para-promover-leitura-e-escrita-no-rj\/","title":{"rendered":"Alerj aprova forma\u00e7\u00e3o de jovens para promover leitura e escrita no RJ"},"content":{"rendered":"\n<p>Foto: T\u00e2nia R\u00eago\/Ag\u00eancia Brasil<\/p>\n\n\n\n<p>A&nbsp;Assembleia Legislativa do Estado do Rio de Janeiro (Alerj)&nbsp;aprovou nesta quinta-feira (12) a&nbsp;cria\u00e7\u00e3o do programa Jovens Embaixadores do Livro, para incentivar a leitura e a escrita em todo o estado. <strong>O texto segue agora para a san\u00e7\u00e3o ou veto do governo do estado do Rio de Janeiro, no prazo de at\u00e9 15 dias \u00fateis.<\/strong><img decoding=\"async\" src=\"https:\/\/agenciabrasil.ebc.com.br\/ebc.png?id=1681731&amp;o=node\"><img decoding=\"async\" src=\"https:\/\/agenciabrasil.ebc.com.br\/ebc.gif?id=1681731&amp;o=node\"><\/p>\n\n\n\n<p>Aprovado&nbsp;em segunda discuss\u00e3o, o projeto \u00e9 de autoria da deputada estadual Dani Balbi (PCdoB). Caso seja sancionado, o programa formar\u00e1 jovens como multiplicadores que incentivar\u00e3o a&nbsp;leitura e&nbsp;a escrita em suas comunidades, com apoio de institui\u00e7\u00f5es como escolas, bibliotecas e at\u00e9 mesmo editoras.&nbsp;<\/p>\n\n\n\n<h2 class=\"wp-block-heading\">O que diz o projeto&nbsp;<\/h2>\n\n\n\n<p>Segundo o texto aprovado, poder\u00e3o participar do programa jovens com idade entre 15 e 29 anos, regularmente matriculados em institui\u00e7\u00f5es de ensino p\u00fablicas ou privadas, ou que comprovem v\u00ednculo com organiza\u00e7\u00f5es sociais.<\/p>\n\n\n\n<p>A sele\u00e7\u00e3o dos jovens embaixadores ser\u00e1 realizada por meio de edital p\u00fablico, coordenado pelo \u00f3rg\u00e3o estadual respons\u00e1vel pela pol\u00edtica de cultura.&nbsp;O programa tamb\u00e9m dever\u00e1 garantir pol\u00edticas de inclus\u00e3o para jovens com defici\u00eancia.<\/p>\n\n\n\n<p>O Conselho Estadual de Pol\u00edticas Culturais e Economia Criativa&nbsp;estabelecer\u00e1 crit\u00e9rios&nbsp;como interesse pela leitura, comprometimento social, participa\u00e7\u00e3o em atividades comunit\u00e1rias e representatividade territorial.<\/p>\n\n\n\n<p>Os jovens selecionados receber\u00e3o capacita\u00e7\u00e3o em media\u00e7\u00e3o de leitura, dinamiza\u00e7\u00e3o de atividades culturais e gest\u00e3o de projetos, al\u00e9m de acompanhamento pedag\u00f3gico e suporte t\u00e9cnico para o desenvolvimento das atividades.<\/p>\n\n\n\n<p><strong>Os participantes que conclu\u00edrem as atividades previstas no programa receber\u00e3o certificado emitido pelo \u00f3rg\u00e3o gestor, com validade como atividade de extens\u00e3o ou forma\u00e7\u00e3o complementar, nos termos da regulamenta\u00e7\u00e3o.<\/strong><\/p>\n\n\n\n<p>Em nota, a deputada Dani Balbi defendeu que a pol\u00edtica poder\u00e1 transformar a vida de milhares&nbsp;de jovens fluminenses. A iniciativa dever\u00e1 ser desenvolvida em conson\u00e2ncia com a <a href=\"https:\/\/agenciabrasil.ebc.com.br\/politica\/noticia\/2024-09\/lula-assina-regulamentacao-da-politica-nacional-de-leitura-e-escrita\" target=\"_blank\" rel=\"noreferrer noopener\">Pol\u00edtica Nacional de Leitura e Escrita<\/a>&nbsp;e com o Plano Estadual do Livro e Leitura.&nbsp;<\/p>\n\n\n\n<p>&#8220;Sabemos que a leitura transforma vidas, amplia horizontes, fortalece o pensamento cr\u00edtico e abre portas para o futuro. Mas tamb\u00e9m sabemos que o acesso ao livro e \u00e0 literatura ainda \u00e9 profundamente desigual no nosso estado. Este programa vem justamente enfrentar essa desigualdade, formando jovens que v\u00e3o atuar como agentes culturais em suas comunidades, levando a leitura para onde ela ainda n\u00e3o chega\u201d, diz.<\/p>\n\n\n\n<h2 class=\"wp-block-heading\">Acesso \u00e0 leitura<\/h2>\n\n\n\n<p>Ap\u00f3s receber a forma\u00e7\u00e3o, a ideia \u00e9 que esses jovens atuem como agentes culturais em suas comunidades. Caber\u00e1 a eles desenvolver atividades para democratizar o acesso \u00e0 leitura, fortalecer a forma\u00e7\u00e3o de leitores em todo o estado e incentivar a produ\u00e7\u00e3o liter\u00e1ria local.&nbsp;<\/p>\n\n\n\n<p>A medida prev\u00ea a possibilidade da realiza\u00e7\u00e3o de parcerias com editoras, livrarias e autores para doa\u00e7\u00f5es de livros e realiza\u00e7\u00e3o de atividades conjuntas, al\u00e9m do apoio de institui\u00e7\u00f5es culturais, escolas e bibliotecas.&nbsp;<\/p>\n\n\n\n<p><strong>O acervo de livros das atividades dever\u00e1 ser exclusivamente composto por obras cl\u00e1ssicas da literatura brasileira de&nbsp;diferentes autores e estilos, sendo expressamente vedada a utiliza\u00e7\u00e3o do programa para fins pol\u00edtico-partid\u00e1rios ou de promo\u00e7\u00e3o pessoal, observados os princ\u00edpios da neutralidade administrativa e do pluralismo de ideias.<\/strong><\/p>\n","protected":false},"excerpt":{"rendered":"<p>Foto: T\u00e2nia R\u00eago\/Ag\u00eancia Brasil A&nbsp;Assembleia Legislativa do Estado do Rio de Janeiro (Alerj)&nbsp;aprovou nesta quinta-feira (12) a&nbsp;cria\u00e7\u00e3o do programa Jovens Embaixadores do Livro, para incentivar a leitura e a escrita em todo o estado. O texto segue agora para a san\u00e7\u00e3o ou veto do governo do estado do Rio de Janeiro, no prazo de at\u00e9<\/p>\n","protected":false},"author":5,"featured_media":74222,"comment_status":"open","ping_status":"open","sticky":false,"template":"","format":"standard","meta":{"om_disable_all_campaigns":false,"_monsterinsights_skip_tracking":false,"_monsterinsights_sitenote_active":false,"_monsterinsights_sitenote_note":"","_monsterinsights_sitenote_category":0,"footnotes":""},"categories":[44],"tags":[],"class_list":{"0":"post-74221","1":"post","2":"type-post","3":"status-publish","4":"format-standard","5":"has-post-thumbnail","7":"category-example-6"},"_links":{"self":[{"href":"https:\/\/comandogeraldanoticia.com.br\/index.php\/wp-json\/wp\/v2\/posts\/74221","targetHints":{"allow":["GET"]}}],"collection":[{"href":"https:\/\/comandogeraldanoticia.com.br\/index.php\/wp-json\/wp\/v2\/posts"}],"about":[{"href":"https:\/\/comandogeraldanoticia.com.br\/index.php\/wp-json\/wp\/v2\/types\/post"}],"author":[{"embeddable":true,"href":"https:\/\/comandogeraldanoticia.com.br\/index.php\/wp-json\/wp\/v2\/users\/5"}],"replies":[{"embeddable":true,"href":"https:\/\/comandogeraldanoticia.com.br\/index.php\/wp-json\/wp\/v2\/comments?post=74221"}],"version-history":[{"count":2,"href":"https:\/\/comandogeraldanoticia.com.br\/index.php\/wp-json\/wp\/v2\/posts\/74221\/revisions"}],"predecessor-version":[{"id":74224,"href":"https:\/\/comandogeraldanoticia.com.br\/index.php\/wp-json\/wp\/v2\/posts\/74221\/revisions\/74224"}],"wp:featuredmedia":[{"embeddable":true,"href":"https:\/\/comandogeraldanoticia.com.br\/index.php\/wp-json\/wp\/v2\/media\/74222"}],"wp:attachment":[{"href":"https:\/\/comandogeraldanoticia.com.br\/index.php\/wp-json\/wp\/v2\/media?parent=74221"}],"wp:term":[{"taxonomy":"category","embeddable":true,"href":"https:\/\/comandogeraldanoticia.com.br\/index.php\/wp-json\/wp\/v2\/categories?post=74221"},{"taxonomy":"post_tag","embeddable":true,"href":"https:\/\/comandogeraldanoticia.com.br\/index.php\/wp-json\/wp\/v2\/tags?post=74221"}],"curies":[{"name":"wp","href":"https:\/\/api.w.org\/{rel}","templated":true}]}}