{"id":74218,"date":"2026-03-13T02:07:26","date_gmt":"2026-03-13T02:07:26","guid":{"rendered":"https:\/\/comandogeraldanoticia.com.br\/?p=74218"},"modified":"2026-03-13T02:07:27","modified_gmt":"2026-03-13T02:07:27","slug":"anvisa-alerta-para-riscos-de-uso-indevido-de-preenchedores-dermicos","status":"publish","type":"post","link":"https:\/\/comandogeraldanoticia.com.br\/index.php\/2026\/03\/13\/anvisa-alerta-para-riscos-de-uso-indevido-de-preenchedores-dermicos\/","title":{"rendered":"Anvisa alerta para riscos de uso indevido de preenchedores d\u00e9rmicos"},"content":{"rendered":"\n<p>Foto: Reuters\/Michael Weber\/Proibida reprodu\u00e7\u00e3o\/Ag\u00eancia Brasil<\/p>\n\n\n\n<p><strong>&nbsp;A Ag\u00eancia Nacional de Vigil\u00e2ncia Sanit\u00e1ria (Anvisa) alertou nesta&nbsp;quinta-feira (12) para os riscos \u00e0 sa\u00fade do uso indevido de preenchedores de pele, como a hidroxiapatita de c\u00e1lcio, o \u00e1cido hialur\u00f4nico, o poli-L-\u00e1cido l\u00e1tico (PLLA) e os preenchedores permanentes \u00e0 base de polimetilmetacrilato (PMMA).&nbsp;<\/strong><img decoding=\"async\" src=\"https:\/\/agenciabrasil.ebc.com.br\/ebc.png?id=1681783&amp;o=node\"><img decoding=\"async\" src=\"https:\/\/agenciabrasil.ebc.com.br\/ebc.gif?id=1681783&amp;o=node\"><\/p>\n\n\n\n<p>As subst\u00e2ncias s\u00e3o injet\u00e1veis e regularizadas como dispositivos m\u00e9dicos de risco alto e m\u00e1ximo. Esses produtos s\u00f3 podem ser comercializados se possu\u00edrem registro na Anvisa.&nbsp;<\/p>\n\n\n\n<blockquote class=\"wp-block-quote is-layout-flow wp-block-quote-is-layout-flow\">\n<p>\u201cA aplica\u00e7\u00e3o de preenchedores d\u00e9rmicos em regi\u00f5es anat\u00f4micas n\u00e3o indicadas e em quantidades n\u00e3o previstas nas instru\u00e7\u00f5es de uso dos produtos, conforme as especifica\u00e7\u00f5es estabelecidas pelos fabricantes, pode causar danos \u00e0 sa\u00fade com consequ\u00eancias cl\u00ednicas incapacitantes ou de dif\u00edcil manejo\u201d, diz a Anvisa, em nota.<\/p>\n<\/blockquote>\n\n\n\n<p>Entre os efeitos considerados graves, <strong>h\u00e1 relatos de embolia pulmonar, defici\u00eancia visual tempor\u00e1ria e permanente por oclus\u00e3o vascular.<\/strong> Al\u00e9m disso, <strong>h\u00e1 relatos de complica\u00e7\u00f5es sist\u00eamicas como inflama\u00e7\u00e3o granulomatosa (tipo cr\u00f4nico de resposta imune), n\u00edvel elevado de c\u00e1lcio no sangue, c\u00e1lculo renal, e insufici\u00eancia renal com necessidade de hemodi\u00e1lise.<\/strong><\/p>\n\n\n\n<p>A Anvisa recomenda que, antes de realizar o procedimento,<strong> os pacientes devem verificar as \u00e1reas do corpo e os volumes permitidos para a aplica\u00e7\u00e3o adequada, descrita nas instru\u00e7\u00f5es de uso do produto<\/strong>.&nbsp;<\/p>\n\n\n\n<p><strong>\u00c9 indicado, ainda, procurar a orienta\u00e7\u00e3o de um profissional de sa\u00fade, antes de iniciar o plano de tratamento<\/strong>. Em caso de sinal ou sintoma de complica\u00e7\u00e3o, o paciente deve procurar assist\u00eancia profissional qualificada.&nbsp;<\/p>\n\n\n\n<blockquote class=\"wp-block-quote is-layout-flow wp-block-quote-is-layout-flow\">\n<p>\u201c\u00c9 indispens\u00e1vel verificar se o produto est\u00e1 regularizado, o servi\u00e7o autorizado e o profissional qualificado. \u00c9 fundamental entregar o cart\u00e3o de rastreabilidade do produto utilizado ao paciente e manter uma c\u00f3pia no prontu\u00e1rio. Em caso de suspeita de evento adverso associado ao uso do produto, o problema pode ser relatado \u00e0 Anvisa&#8221;, diz a ag\u00eancia.&nbsp;<\/p>\n<\/blockquote>\n\n\n\n<p>Para denunciar produtos irregulares ou produzidos por empresas n\u00e3o licenciadas pela ag\u00eancia, basta acessar o sistema <a href=\"https:\/\/falabr.cgu.gov.br\/web\/home\" target=\"_blank\" rel=\"noreferrer noopener\">Fala.BR da Ouvidoria da Anvisa<\/a>.<\/p>\n","protected":false},"excerpt":{"rendered":"<p>Foto: Reuters\/Michael Weber\/Proibida reprodu\u00e7\u00e3o\/Ag\u00eancia Brasil &nbsp;A Ag\u00eancia Nacional de Vigil\u00e2ncia Sanit\u00e1ria (Anvisa) alertou nesta&nbsp;quinta-feira (12) para os riscos \u00e0 sa\u00fade do uso indevido de preenchedores de pele, como a hidroxiapatita de c\u00e1lcio, o \u00e1cido hialur\u00f4nico, o poli-L-\u00e1cido l\u00e1tico (PLLA) e os preenchedores permanentes \u00e0 base de polimetilmetacrilato (PMMA).&nbsp; As subst\u00e2ncias s\u00e3o injet\u00e1veis e regularizadas como<\/p>\n","protected":false},"author":5,"featured_media":74219,"comment_status":"open","ping_status":"open","sticky":false,"template":"","format":"standard","meta":{"om_disable_all_campaigns":false,"_monsterinsights_skip_tracking":false,"_monsterinsights_sitenote_active":false,"_monsterinsights_sitenote_note":"","_monsterinsights_sitenote_category":0,"footnotes":""},"categories":[119],"tags":[],"class_list":{"0":"post-74218","1":"post","2":"type-post","3":"status-publish","4":"format-standard","5":"has-post-thumbnail","7":"category-saude"},"_links":{"self":[{"href":"https:\/\/comandogeraldanoticia.com.br\/index.php\/wp-json\/wp\/v2\/posts\/74218","targetHints":{"allow":["GET"]}}],"collection":[{"href":"https:\/\/comandogeraldanoticia.com.br\/index.php\/wp-json\/wp\/v2\/posts"}],"about":[{"href":"https:\/\/comandogeraldanoticia.com.br\/index.php\/wp-json\/wp\/v2\/types\/post"}],"author":[{"embeddable":true,"href":"https:\/\/comandogeraldanoticia.com.br\/index.php\/wp-json\/wp\/v2\/users\/5"}],"replies":[{"embeddable":true,"href":"https:\/\/comandogeraldanoticia.com.br\/index.php\/wp-json\/wp\/v2\/comments?post=74218"}],"version-history":[{"count":1,"href":"https:\/\/comandogeraldanoticia.com.br\/index.php\/wp-json\/wp\/v2\/posts\/74218\/revisions"}],"predecessor-version":[{"id":74220,"href":"https:\/\/comandogeraldanoticia.com.br\/index.php\/wp-json\/wp\/v2\/posts\/74218\/revisions\/74220"}],"wp:featuredmedia":[{"embeddable":true,"href":"https:\/\/comandogeraldanoticia.com.br\/index.php\/wp-json\/wp\/v2\/media\/74219"}],"wp:attachment":[{"href":"https:\/\/comandogeraldanoticia.com.br\/index.php\/wp-json\/wp\/v2\/media?parent=74218"}],"wp:term":[{"taxonomy":"category","embeddable":true,"href":"https:\/\/comandogeraldanoticia.com.br\/index.php\/wp-json\/wp\/v2\/categories?post=74218"},{"taxonomy":"post_tag","embeddable":true,"href":"https:\/\/comandogeraldanoticia.com.br\/index.php\/wp-json\/wp\/v2\/tags?post=74218"}],"curies":[{"name":"wp","href":"https:\/\/api.w.org\/{rel}","templated":true}]}}