{"id":74212,"date":"2026-03-13T01:39:48","date_gmt":"2026-03-13T01:39:48","guid":{"rendered":"https:\/\/comandogeraldanoticia.com.br\/?p=74212"},"modified":"2026-03-13T01:39:49","modified_gmt":"2026-03-13T01:39:49","slug":"brasil-e-colombia-confirmam-presenca-em-evento-sobre-democracia","status":"publish","type":"post","link":"https:\/\/comandogeraldanoticia.com.br\/index.php\/2026\/03\/13\/brasil-e-colombia-confirmam-presenca-em-evento-sobre-democracia\/","title":{"rendered":"Brasil e Col\u00f4mbia confirmam presen\u00e7a em evento sobre democracia"},"content":{"rendered":"\n<p>Foto:  Arquivo\/Ricardo Stuckert\/PR\/Ag\u00eancia Brasil<\/p>\n\n\n\n<p>Em meio ao cen\u00e1rio global agravado pela <a href=\"https:\/\/agenciabrasil.ebc.com.br\/internacional\/noticia\/2026-03\/guerra-do-ira-viola-carta-da-onu-diz-missao-internacional\">guerra no Oriente M\u00e9dio<\/a>, <strong>o&nbsp;presidente Luiz In\u00e1cio Lula da Silva e o presidente da Col\u00f4mbia, Gustavo Petro,&nbsp;confirmaram participa\u00e7\u00e3o na quarta reuni\u00e3o do evento <em>Em Defesa da Democracia<\/em>, que ser\u00e1 organizado pelo governo espanhol&nbsp;em Barcelona, no dia 18 de abril.<\/strong><img decoding=\"async\" src=\"https:\/\/agenciabrasil.ebc.com.br\/ebc.png?id=1681549&amp;o=node\"><img decoding=\"async\" src=\"https:\/\/agenciabrasil.ebc.com.br\/ebc.gif?id=1681549&amp;o=node\"><\/p>\n\n\n\n<p>A iniciativa <a href=\"https:\/\/agenciabrasil.ebc.com.br\/politica\/noticia\/2025-07\/lula-e-outros-lideres-convocam-instituicoes-em-defesa-da-democracia\">foi lan\u00e7ada no ano passado<\/a> e envolve os governos de Brasil, Espanha, Col\u00f4mbia, Chile e Uruguai.<\/p>\n\n\n\n<p>Lula e Petro&nbsp;conversaram na manh\u00e3 desta quarta-feira (11), por telefone. <strong>Segundo o Pal\u00e1cio do Planalto, os dois trataram&nbsp;sobre integra\u00e7\u00e3o regional, no contexto dos preparativos para a C\u00fapula da Comunidade de Estados Latino-Americanos e Caribenhos (Celac), que ser\u00e1 realizada em Bogot\u00e1, no pr\u00f3ximo dia 21 de mar\u00e7o.&nbsp;<\/strong><\/p>\n\n\n\n<p>Na conversa com Lula, Petro destacou que a&nbsp;Celac tamb\u00e9m promover\u00e1, na mesma data, uma reuni\u00e3o com pa\u00edses africanos.<\/p>\n","protected":false},"excerpt":{"rendered":"<p>Foto: Arquivo\/Ricardo Stuckert\/PR\/Ag\u00eancia Brasil Em meio ao cen\u00e1rio global agravado pela guerra no Oriente M\u00e9dio, o&nbsp;presidente Luiz In\u00e1cio Lula da Silva e o presidente da Col\u00f4mbia, Gustavo Petro,&nbsp;confirmaram participa\u00e7\u00e3o na quarta reuni\u00e3o do evento Em Defesa da Democracia, que ser\u00e1 organizado pelo governo espanhol&nbsp;em Barcelona, no dia 18 de abril. A iniciativa foi lan\u00e7ada no<\/p>\n","protected":false},"author":5,"featured_media":74213,"comment_status":"open","ping_status":"open","sticky":false,"template":"","format":"standard","meta":{"om_disable_all_campaigns":false,"_monsterinsights_skip_tracking":false,"_monsterinsights_sitenote_active":false,"_monsterinsights_sitenote_note":"","_monsterinsights_sitenote_category":0,"footnotes":""},"categories":[39],"tags":[],"class_list":{"0":"post-74212","1":"post","2":"type-post","3":"status-publish","4":"format-standard","5":"has-post-thumbnail","7":"category-brasil"},"_links":{"self":[{"href":"https:\/\/comandogeraldanoticia.com.br\/index.php\/wp-json\/wp\/v2\/posts\/74212","targetHints":{"allow":["GET"]}}],"collection":[{"href":"https:\/\/comandogeraldanoticia.com.br\/index.php\/wp-json\/wp\/v2\/posts"}],"about":[{"href":"https:\/\/comandogeraldanoticia.com.br\/index.php\/wp-json\/wp\/v2\/types\/post"}],"author":[{"embeddable":true,"href":"https:\/\/comandogeraldanoticia.com.br\/index.php\/wp-json\/wp\/v2\/users\/5"}],"replies":[{"embeddable":true,"href":"https:\/\/comandogeraldanoticia.com.br\/index.php\/wp-json\/wp\/v2\/comments?post=74212"}],"version-history":[{"count":1,"href":"https:\/\/comandogeraldanoticia.com.br\/index.php\/wp-json\/wp\/v2\/posts\/74212\/revisions"}],"predecessor-version":[{"id":74214,"href":"https:\/\/comandogeraldanoticia.com.br\/index.php\/wp-json\/wp\/v2\/posts\/74212\/revisions\/74214"}],"wp:featuredmedia":[{"embeddable":true,"href":"https:\/\/comandogeraldanoticia.com.br\/index.php\/wp-json\/wp\/v2\/media\/74213"}],"wp:attachment":[{"href":"https:\/\/comandogeraldanoticia.com.br\/index.php\/wp-json\/wp\/v2\/media?parent=74212"}],"wp:term":[{"taxonomy":"category","embeddable":true,"href":"https:\/\/comandogeraldanoticia.com.br\/index.php\/wp-json\/wp\/v2\/categories?post=74212"},{"taxonomy":"post_tag","embeddable":true,"href":"https:\/\/comandogeraldanoticia.com.br\/index.php\/wp-json\/wp\/v2\/tags?post=74212"}],"curies":[{"name":"wp","href":"https:\/\/api.w.org\/{rel}","templated":true}]}}