{"id":74209,"date":"2026-03-13T01:33:53","date_gmt":"2026-03-13T01:33:53","guid":{"rendered":"https:\/\/comandogeraldanoticia.com.br\/?p=74209"},"modified":"2026-03-13T01:33:54","modified_gmt":"2026-03-13T01:33:54","slug":"governo-federal-autoriza-r-2-bi-em-obras-de-infraestrutura-no-parana","status":"publish","type":"post","link":"https:\/\/comandogeraldanoticia.com.br\/index.php\/2026\/03\/13\/governo-federal-autoriza-r-2-bi-em-obras-de-infraestrutura-no-parana\/","title":{"rendered":"Governo federal autoriza R$ 2 bi em obras de infraestrutura no Paran\u00e1"},"content":{"rendered":"\n<p>Foto:  Ricardo Stuckert\/PR\/Ag\u00eancia Brasil<\/p>\n\n\n\n<p><strong>O governo federal autorizou nesta quinta-feira (12) o in\u00edcio de obras que somam investimentos de mais de R$ 2,08 bilh\u00f5es nos setores de infraestrutura de transportes do estado do Paran\u00e1, incluindo rodovias, porto e aeroporto.&nbsp;<\/strong><img decoding=\"async\" src=\"https:\/\/agenciabrasil.ebc.com.br\/ebc.png?id=1681760&amp;o=node\"><img decoding=\"async\" src=\"https:\/\/agenciabrasil.ebc.com.br\/ebc.gif?id=1681760&amp;o=node\"><\/p>\n\n\n\n<p>O evento, no Pal\u00e1cio do Planalto, contou com a participa\u00e7\u00e3o do presidente Luiz In\u00e1cio Lula da Silva e dos ministros dos Portos e Aeroportos, S\u00edlvio Costa Filho, e dos Transportes,&nbsp;Renan Filho.<\/p>\n\n\n\n<p><strong>Pelo Minist\u00e9rio dos Transportes, foram assinadas duas ordens de servi\u00e7o que somam R$ 730 milh\u00f5es em recursos p\u00fablicos. <\/strong>Uma delas autoriza o in\u00edcio das obras do Contorno Sul Metropolitano de Maring\u00e1 (BR-376\/PR), com aporte de R$ 409 milh\u00f5es, destinado a melhorar o tr\u00e1fego urbano e reduzir o fluxo de ve\u00edculos pesados na cidade.&nbsp;<\/p>\n\n\n\n<p>A segunda ordem de servi\u00e7o viabiliza a execu\u00e7\u00e3o do quarto e \u00faltimo trecho da BR-487\/PR, conhecida como Estrada Boiadeira, entre Serra dos Dourados e Cruzeiro do Oeste. Com investimento de R$ 321,2 milh\u00f5es, ser\u00e3o conclu\u00eddos 37 quil\u00f4metros (km) da rodovia que conecta regi\u00f5es produtoras de gr\u00e3os ao Porto de Paranagu\u00e1.<\/p>\n\n\n\n<blockquote class=\"wp-block-quote is-layout-flow wp-block-quote-is-layout-flow\">\n<p>&#8220;O Paran\u00e1 n\u00e3o tinha a Estrada Boiadeira conclu\u00edda, o Paran\u00e1 n\u00e3o tinha o contorno da cidade de Maring\u00e1, e sua regi\u00e3o metropolitana, e essas obras come\u00e7am hoje. Al\u00e9m disso, o estado do Paran\u00e1 est\u00e1 recebendo o maior ciclo de investimento de infraestrutura de sua hist\u00f3ria&#8221;, destacou o ministro Renan Filho.&nbsp;<\/p>\n<\/blockquote>\n\n\n\n<p>Segundo ele, j\u00e1 foram realizadas seis concess\u00f5es rodovi\u00e1rias no estado desde 2023, de um total de 35 concess\u00f5es de rodovias em andamento em todo o pa\u00eds.<\/p>\n\n\n\n<p><strong>Pelo Minist\u00e9rio de Portos e Aeroportos, foi assinada a autoriza\u00e7\u00e3o da licita\u00e7\u00e3o para reforma e amplia\u00e7\u00e3o do terminal de passageiros e moderniza\u00e7\u00e3o da torre de controle do Aeroporto Regional de Maring\u00e1, com investimento de R$ 129,1 milh\u00f5es.<\/strong>&nbsp;<\/p>\n\n\n\n<p>A reforma dever\u00e1 fazer com que o terminal salte da capacidade atual de 855 mil passageiros para cerca de 1,4 milh\u00e3o por ano. A \u00e1rea de passageiros do aeroporto ter\u00e1 o tamanho praticamente duplicado.<\/p>\n\n\n\n<h2 class=\"wp-block-heading\">Porto de Paranagu\u00e1<\/h2>\n\n\n\n<p><strong>Tamb\u00e9m foi assinado o contrato de concess\u00e3o para explora\u00e7\u00e3o e administra\u00e7\u00e3o da infraestrutura do acesso aquavi\u00e1rio ao Porto de Paranagu\u00e1, estimado em R$ 1,23 bilh\u00e3o.<\/strong><\/p>\n\n\n\n<p>A concess\u00e3o, com dura\u00e7\u00e3o de 25 anos, deve assegurar as obras de manuten\u00e7\u00e3o do canal e o aumento do calado de 13,5 metros para 15,5 metros, ampliando a capacidade da opera\u00e7\u00e3o de carga no terminal.&nbsp;<\/p>\n\n\n\n<p>O Porto de Paranagu\u00e1 \u00e9 o segundo maior do Brasil em movimenta\u00e7\u00e3o de cargas, atr\u00e1s apenas do Porto de Santos, e tem uma import\u00e2ncia estrat\u00e9gica para o setor de agroneg\u00f3cio, j\u00e1 que \u00e9 por ali que s\u00e3o escoados os fertilizantes importados pelo Brasil e o embarque de carne su\u00edna e frango oriunda principalmente da Regi\u00e3o Sul.<\/p>\n\n\n\n<blockquote class=\"wp-block-quote is-layout-flow wp-block-quote-is-layout-flow\">\n<p>&#8220;Isso \u00e9 fundamental para o desenvolvimento do setor portu\u00e1rio brasileiro. Com essa concess\u00e3o, por 25 anos, n\u00f3s teremos a dragagem de manuten\u00e7\u00e3o sendo feita ano a ano, e isso dar\u00e1 seguran\u00e7a e previsibilidade para o setor produtivo&#8221;, enfatizou o ministro Silvio Costa Filho.<\/p>\n<\/blockquote>\n","protected":false},"excerpt":{"rendered":"<p>Foto: Ricardo Stuckert\/PR\/Ag\u00eancia Brasil O governo federal autorizou nesta quinta-feira (12) o in\u00edcio de obras que somam investimentos de mais de R$ 2,08 bilh\u00f5es nos setores de infraestrutura de transportes do estado do Paran\u00e1, incluindo rodovias, porto e aeroporto.&nbsp; O evento, no Pal\u00e1cio do Planalto, contou com a participa\u00e7\u00e3o do presidente Luiz In\u00e1cio Lula da<\/p>\n","protected":false},"author":5,"featured_media":74210,"comment_status":"open","ping_status":"open","sticky":false,"template":"","format":"standard","meta":{"om_disable_all_campaigns":false,"_monsterinsights_skip_tracking":false,"_monsterinsights_sitenote_active":false,"_monsterinsights_sitenote_note":"","_monsterinsights_sitenote_category":0,"footnotes":""},"categories":[71],"tags":[],"class_list":{"0":"post-74209","1":"post","2":"type-post","3":"status-publish","4":"format-standard","5":"has-post-thumbnail","7":"category-politica"},"_links":{"self":[{"href":"https:\/\/comandogeraldanoticia.com.br\/index.php\/wp-json\/wp\/v2\/posts\/74209","targetHints":{"allow":["GET"]}}],"collection":[{"href":"https:\/\/comandogeraldanoticia.com.br\/index.php\/wp-json\/wp\/v2\/posts"}],"about":[{"href":"https:\/\/comandogeraldanoticia.com.br\/index.php\/wp-json\/wp\/v2\/types\/post"}],"author":[{"embeddable":true,"href":"https:\/\/comandogeraldanoticia.com.br\/index.php\/wp-json\/wp\/v2\/users\/5"}],"replies":[{"embeddable":true,"href":"https:\/\/comandogeraldanoticia.com.br\/index.php\/wp-json\/wp\/v2\/comments?post=74209"}],"version-history":[{"count":1,"href":"https:\/\/comandogeraldanoticia.com.br\/index.php\/wp-json\/wp\/v2\/posts\/74209\/revisions"}],"predecessor-version":[{"id":74211,"href":"https:\/\/comandogeraldanoticia.com.br\/index.php\/wp-json\/wp\/v2\/posts\/74209\/revisions\/74211"}],"wp:featuredmedia":[{"embeddable":true,"href":"https:\/\/comandogeraldanoticia.com.br\/index.php\/wp-json\/wp\/v2\/media\/74210"}],"wp:attachment":[{"href":"https:\/\/comandogeraldanoticia.com.br\/index.php\/wp-json\/wp\/v2\/media?parent=74209"}],"wp:term":[{"taxonomy":"category","embeddable":true,"href":"https:\/\/comandogeraldanoticia.com.br\/index.php\/wp-json\/wp\/v2\/categories?post=74209"},{"taxonomy":"post_tag","embeddable":true,"href":"https:\/\/comandogeraldanoticia.com.br\/index.php\/wp-json\/wp\/v2\/tags?post=74209"}],"curies":[{"name":"wp","href":"https:\/\/api.w.org\/{rel}","templated":true}]}}