{"id":74202,"date":"2026-03-12T19:37:14","date_gmt":"2026-03-12T19:37:14","guid":{"rendered":"https:\/\/comandogeraldanoticia.com.br\/?p=74202"},"modified":"2026-03-12T19:38:21","modified_gmt":"2026-03-12T19:38:21","slug":"rio-sedia-evento-para-debater-e-impulsionar-o-turismo-no-brasil","status":"publish","type":"post","link":"https:\/\/comandogeraldanoticia.com.br\/index.php\/2026\/03\/12\/rio-sedia-evento-para-debater-e-impulsionar-o-turismo-no-brasil\/","title":{"rendered":"Rio sedia evento para debater e impulsionar o turismo no Brasil"},"content":{"rendered":"\n<p>Foto: T\u00e2nia R\u00eago\/Ag\u00eancia Brasil<\/p>\n\n\n\n<p><strong>Come\u00e7a nesta quinta-feira (12) e vai at\u00e9 s\u00e1bado (14) a primeira edi\u00e7\u00e3o da feira de turismo TurisMall, plataforma multieventos de turismo, neg\u00f3cios e inova\u00e7\u00e3o. <\/strong>Concebido como uma plataforma estrat\u00e9gica permanente, o evento integra governos, lideran\u00e7as internacionais, investidores e entidades institucionais.<img decoding=\"async\" src=\"https:\/\/agenciabrasil.ebc.com.br\/ebc.png?id=1681703&amp;o=node\"><img decoding=\"async\" src=\"https:\/\/agenciabrasil.ebc.com.br\/ebc.gif?id=1681703&amp;o=node\"><\/p>\n\n\n\n<p><strong>O TurisMall vai ocupar pontos-chave da cidade do Rio de Janeiro como o Museu do Amanh\u00e3, o Museu de Arte do Rio (MAR), o Copacabana Palace, a Casa Firjan e a Associa\u00e7\u00e3o Comercial do Rio de Janeiro.<\/strong><\/p>\n\n\n\n<p>O Museu do Amanh\u00e3 ser\u00e1 o ponto de encontro para agentes e operadores no f\u00f3rum de turismo. <strong>Al\u00e9m de atividades profissionalizantes, o local abrigar\u00e1 estandes de empresas e estados para realiza\u00e7\u00e3o de neg\u00f3cios.&nbsp;<\/strong><\/p>\n\n\n\n<p><strong>Ser\u00e3o 20 expositores da iniciativa p\u00fablica e privada, e entre os destinos confirmados, est\u00e3o Mato Grosso do Sul, S\u00e3o Paulo, Foz do Igua\u00e7u, Rio de Janeiro, Niter\u00f3i e Petr\u00f3polis.<\/strong><\/p>\n\n\n\n<p>Segundo o presidente da Ag\u00eancia Brasileira de Promo\u00e7\u00e3o Internacional do Turismo (Embratur), Marcelo Freixo, o&nbsp;Brasil teve mais de 9 milh\u00f5es de turistas internacionais em 2025 e foi&nbsp;o pa\u00eds que mais cresceu no turismo internacional, em 37%. O segundo pa\u00eds foi o Egito, com 20%.<\/p>\n\n\n\n<blockquote class=\"wp-block-quote is-layout-flow wp-block-quote-is-layout-flow\">\n<p>&#8220;O Brasil oferece uma experi\u00eancia em todos os cantos. O maior produto de exporta\u00e7\u00e3o \u00e9 a alegria do povo, com muita diversidade na cultura\u201d, disse na abertura do evento.&nbsp;<\/p>\n<\/blockquote>\n\n\n\n<p>O ministro do Turismo, Gustavo Feliciano, informou que janeiro de 2026 foi o melhor m\u00eas da s\u00e9rie hist\u00f3rica em passageiros dom\u00e9sticos com mais de 9 milh\u00f5es de turistas internos.&nbsp;<\/p>\n\n\n\n<blockquote class=\"wp-block-quote is-layout-flow wp-block-quote-is-layout-flow\">\n<p>\u201cNo in\u00edcio do ano, os turistas estrangeiros injetaram US$ 730 milh\u00f5es, fomentando a economia\u201d, disse o ministro.<\/p>\n<\/blockquote>\n\n\n\n<p>A empres\u00e1ria e criadora do evento M\u00f4nica Medeiros disse que estar \u00e0 frente de um evento setorial de turismo e neg\u00f3cios, como mulher, \u00e9 uma conquista que carrega responsabilidade e vis\u00e3o de futuro.&nbsp;<\/p>\n\n\n\n<p>\u201cAo inaugurar o TurisMall no Museu do Amanh\u00e3 e em outros espa\u00e7os emblem\u00e1ticos do Rio de Janeiro, buscamos ir al\u00e9m da experi\u00eancia, com gera\u00e7\u00e3o de impacto econ\u00f4mico fomentando os neg\u00f3cios locais, promovendo um legado para a cidade\u201d, afirmou.<\/p>\n\n\n\n<p><strong><a href=\"https:\/\/turismall.com.br\/agenda-turismall-2026\/\">Confira s programa\u00e7\u00e3o no site oficial do evento<\/a>.&nbsp;<\/strong><\/p>\n\n\n\n<figure class=\"wp-block-image\"><img decoding=\"async\" src=\"https:\/\/imagens.ebc.com.br\/IpcJ2o0I9U0b48TKgHxIMCcc7qA=\/754x0\/smart\/https:\/\/agenciabrasil.ebc.com.br\/sites\/default\/files\/thumbnails\/image\/2026\/03\/12\/_rbr5079.jpg?itok=Tw_0Jra7\" alt=\"Rio de Janeiro (RJ), 12\/03\/2026 - O ministro do Turismo, Gustavo Feliciano e o presidente da Embratur, Marcelo Freixo, participam da cerim\u00f4nia de abertura do TurisMall no Museu do Amanh\u00e3, regi\u00e3o central da cidade. Foto: T\u00e2nia R\u00eago\/Ag\u00eancia Brasil\" title=\"T\u00e2nia R\u00eago\/Ag\u00eancia Brasil\"\/><\/figure>\n","protected":false},"excerpt":{"rendered":"<p>Foto: T\u00e2nia R\u00eago\/Ag\u00eancia Brasil Come\u00e7a nesta quinta-feira (12) e vai at\u00e9 s\u00e1bado (14) a primeira edi\u00e7\u00e3o da feira de turismo TurisMall, plataforma multieventos de turismo, neg\u00f3cios e inova\u00e7\u00e3o. Concebido como uma plataforma estrat\u00e9gica permanente, o evento integra governos, lideran\u00e7as internacionais, investidores e entidades institucionais. O TurisMall vai ocupar pontos-chave da cidade do Rio de Janeiro<\/p>\n","protected":false},"author":5,"featured_media":74203,"comment_status":"open","ping_status":"open","sticky":false,"template":"","format":"standard","meta":{"om_disable_all_campaigns":false,"_monsterinsights_skip_tracking":false,"_monsterinsights_sitenote_active":false,"_monsterinsights_sitenote_note":"","_monsterinsights_sitenote_category":0,"footnotes":""},"categories":[39],"tags":[],"class_list":{"0":"post-74202","1":"post","2":"type-post","3":"status-publish","4":"format-standard","5":"has-post-thumbnail","7":"category-brasil"},"_links":{"self":[{"href":"https:\/\/comandogeraldanoticia.com.br\/index.php\/wp-json\/wp\/v2\/posts\/74202","targetHints":{"allow":["GET"]}}],"collection":[{"href":"https:\/\/comandogeraldanoticia.com.br\/index.php\/wp-json\/wp\/v2\/posts"}],"about":[{"href":"https:\/\/comandogeraldanoticia.com.br\/index.php\/wp-json\/wp\/v2\/types\/post"}],"author":[{"embeddable":true,"href":"https:\/\/comandogeraldanoticia.com.br\/index.php\/wp-json\/wp\/v2\/users\/5"}],"replies":[{"embeddable":true,"href":"https:\/\/comandogeraldanoticia.com.br\/index.php\/wp-json\/wp\/v2\/comments?post=74202"}],"version-history":[{"count":1,"href":"https:\/\/comandogeraldanoticia.com.br\/index.php\/wp-json\/wp\/v2\/posts\/74202\/revisions"}],"predecessor-version":[{"id":74204,"href":"https:\/\/comandogeraldanoticia.com.br\/index.php\/wp-json\/wp\/v2\/posts\/74202\/revisions\/74204"}],"wp:featuredmedia":[{"embeddable":true,"href":"https:\/\/comandogeraldanoticia.com.br\/index.php\/wp-json\/wp\/v2\/media\/74203"}],"wp:attachment":[{"href":"https:\/\/comandogeraldanoticia.com.br\/index.php\/wp-json\/wp\/v2\/media?parent=74202"}],"wp:term":[{"taxonomy":"category","embeddable":true,"href":"https:\/\/comandogeraldanoticia.com.br\/index.php\/wp-json\/wp\/v2\/categories?post=74202"},{"taxonomy":"post_tag","embeddable":true,"href":"https:\/\/comandogeraldanoticia.com.br\/index.php\/wp-json\/wp\/v2\/tags?post=74202"}],"curies":[{"name":"wp","href":"https:\/\/api.w.org\/{rel}","templated":true}]}}