{"id":74195,"date":"2026-03-12T19:23:15","date_gmt":"2026-03-12T19:23:15","guid":{"rendered":"https:\/\/comandogeraldanoticia.com.br\/?p=74195"},"modified":"2026-03-12T19:23:16","modified_gmt":"2026-03-12T19:23:16","slug":"festival-de-arembepe-2026-tera-mais-de-30-shows-entre-os-palcos-katita-e-raizes-e-ritmos","status":"publish","type":"post","link":"https:\/\/comandogeraldanoticia.com.br\/index.php\/2026\/03\/12\/festival-de-arembepe-2026-tera-mais-de-30-shows-entre-os-palcos-katita-e-raizes-e-ritmos\/","title":{"rendered":"Festival de Arembepe 2026 ter\u00e1 mais de 30 shows entre os palcos Katita e Ra\u00edzes e Ritmos"},"content":{"rendered":"\n<p>Entre os dias 13 e 16 de mar\u00e7o (sexta e segunda-feira), Cama\u00e7ari vai vivenciar mais uma edi\u00e7\u00e3o de um dos eventos mais aguardados do calend\u00e1rio cultural da orla. O Festival de Arembepe 2026 promete movimentar a localidade com uma programa\u00e7\u00e3o diversificada, que re\u00fane mais de 30 atra\u00e7\u00f5es musicais, entre nomes locais, regionais e nacionais, nos palcos Katita e Ra\u00edzes e Ritmos, dedicados \u00e0s apresenta\u00e7\u00f5es dos shows \u00e0 noite.<\/p>\n\n\n\n<p>Instalado na Arena Principal, o Palco Katita receber\u00e1 grandes nomes da m\u00fasica brasileira e artistas da regi\u00e3o, enquanto o Palco Ra\u00edzes e Ritmos, montado na Pra\u00e7a Tia Deja (antiga dos Coqueiros), ser\u00e1 voltado \u00e0 valoriza\u00e7\u00e3o da diversidade cultural e dos talentos locais, fortalecendo a presen\u00e7a de artistas da terra na programa\u00e7\u00e3o do festival.<\/p>\n\n\n\n<p>Logo na sexta-feira (13), primeira noite de apresenta\u00e7\u00f5es musicais, o Palco Katita recebe o p\u00fablico a partir das 19h30, com shows de Jo\u00e3o Gomes, Filhos de Jorge, Guig Ghetto, Diumbanda e Chegue Mais. J\u00e1 no Ra\u00edzes e Ritmos, a partir das 15h30, sobem ao palco o grupo cultural Espermacete, Kalunduh, Rege FX e Edy Xote, dando in\u00edcio \u00e0 programa\u00e7\u00e3o musical.<\/p>\n\n\n\n<p>Entre o s\u00e1bado (14) e o domingo (15), o Palco Katita ainda recebe shows de Tony Salles, Renatinho da Bahia, Neide Bassan, Priscila Sena, C\u00e1ssio Calmon, Simpa, Fantasm\u00e3o, Maneva e Tayrone. J\u00e1 no Palco Ra\u00edzes e Ritmos, o p\u00fablico tamb\u00e9m vai poder acompanhar, nesses dois dias, nomes como Bruno Xonado, Sil Figueiredo, P\u00e9 de Lata, Samba Chula Filhos de Oy\u00f3, SDL &#8211; Samba do Litoral, \u00c1cido Baiano, Caloi 10, Banda Pagod\u00e3o, Valzzito, Igor Jean, Carol e Gabi, Bruno Gold, Liu Menezes, Banda Petty e Savilar.<\/p>\n\n\n\n<p>Na segunda-feira (16), \u00faltimo dia de festejos, o Palco Ra\u00edzes e Ritmos ainda recebe o tradicional Baile dos Coroas, a partir das 19h30, com apresenta\u00e7\u00f5es de Nilson Santos, Leozinho Imperador, Dois Amores e Silva Filho.<\/p>\n\n\n\n<p>Com uma programa\u00e7\u00e3o plural e estrutura ampla, preparada para receber moradores, visitantes e turistas, o festival reafirma a for\u00e7a da cultura popular e da m\u00fasica como elementos centrais da identidade da orla de Cama\u00e7ari, reunindo diferentes estilos e valorizando, sobretudo, os talentos da terra.<\/p>\n\n\n\n<p>O Festival de Arembepe 2026 \u00e9 realizado pela Prefeitura de Cama\u00e7ari, por meio da Secretaria de Governo (Segov), atrav\u00e9s da Coordena\u00e7\u00e3o de Eventos, com o apoio das demais secretarias e institui\u00e7\u00f5es municipais.<\/p>\n\n\n\n<p><strong>Confira, a seguir, a grade completa dos dois palcos para os quatro dias de festival:<\/strong><\/p>\n\n\n\n<p><strong>Sexta-feira (13)<\/strong><\/p>\n\n\n\n<p><strong>Palco Katita (Arena Principal) \u2013 a partir das 19h30<\/strong><\/p>\n\n\n\n<p>Chegue Mais convida Nego L\u00e9o<\/p>\n\n\n\n<p>Diumbanda<\/p>\n\n\n\n<p>Jo\u00e3o Gomes<\/p>\n\n\n\n<p>Filhos de Jorge<\/p>\n\n\n\n<p>Guig Guetto<\/p>\n\n\n\n<p><strong>Palco Ra\u00edzes e Ritmos (Pra\u00e7a Dos Coqueiros) \u2013 a partir das 15h30<\/strong><\/p>\n\n\n\n<p>Espermacete<\/p>\n\n\n\n<p>Jorginaldo Assis<\/p>\n\n\n\n<p>Kalunduh<\/p>\n\n\n\n<p>Rege FX<\/p>\n\n\n\n<p>Edy Xote<\/p>\n\n\n\n<p>Cartel Pacifista<\/p>\n\n\n\n<p><strong>S\u00e1bado (14)<\/strong><\/p>\n\n\n\n<p><strong>Palco Katita \u2013 a partir das 19h30<\/strong><\/p>\n\n\n\n<p>C\u00e1ssio Calmon convida Nilton Spirro<\/p>\n\n\n\n<p>Neide Bassan<\/p>\n\n\n\n<p>Priscila Sena<\/p>\n\n\n\n<p>Renatinho da Bahia convida Xexeu<\/p>\n\n\n\n<p>Tony Sales<\/p>\n\n\n\n<p><strong>Palco Ra\u00edzes e Ritmos \u2013 a partir das 15h30<\/strong><\/p>\n\n\n\n<p>P\u00e9 de Lata<\/p>\n\n\n\n<p>Samba Chula Filhos de Oy\u00f3<\/p>\n\n\n\n<p>SDL &#8211; Samba do Litoral convida Celebridade<\/p>\n\n\n\n<p>\u00c1cido Baiano<\/p>\n\n\n\n<p>Sil Figueiredo<\/p>\n\n\n\n<p>Caloi 10<\/p>\n\n\n\n<p>Bruno Xonado convida Fil\u00e9 de Camar\u00e3o<\/p>\n\n\n\n<p><strong>Domingo (15)<\/strong><\/p>\n\n\n\n<p><strong>Palco Katita \u2013 a partir das 19h30<\/strong><\/p>\n\n\n\n<p>Simpa convida Everton Cardoso<\/p>\n\n\n\n<p>Fantasm\u00e3o<\/p>\n\n\n\n<p>Maneva<\/p>\n\n\n\n<p>Tayrone<\/p>\n\n\n\n<p><strong>Palco Ra\u00edzes e Ritmos \u2013 a partir das 15h30<\/strong><\/p>\n\n\n\n<p>Banda Pagod\u00e3o<\/p>\n\n\n\n<p>Valzzito<\/p>\n\n\n\n<p>Igor Jean<\/p>\n\n\n\n<p>Carol e Gabi<\/p>\n\n\n\n<p>Bruno Gold convida Modo Pagod\u00e3o<\/p>\n\n\n\n<p>Liu Menezes<\/p>\n\n\n\n<p>Banda Petty<\/p>\n\n\n\n<p>Savilar<\/p>\n\n\n\n<p><strong>Segunda-feira (16)<\/strong><\/p>\n\n\n\n<p><strong>Palco Ra\u00edzes e Ritmos \u2013 a partir das 19h30<\/strong><\/p>\n\n\n\n<p><em>Baile dos Coroas<\/em><\/p>\n\n\n\n<p>Nilson Santos<\/p>\n\n\n\n<p>Leozinho Imperador<\/p>\n\n\n\n<p>Dois Amores<\/p>\n\n\n\n<p>Silva Filho<\/p>\n","protected":false},"excerpt":{"rendered":"<p>Entre os dias 13 e 16 de mar\u00e7o (sexta e segunda-feira), Cama\u00e7ari vai vivenciar mais uma edi\u00e7\u00e3o de um dos eventos mais aguardados do calend\u00e1rio cultural da orla. O Festival de Arembepe 2026 promete movimentar a localidade com uma programa\u00e7\u00e3o diversificada, que re\u00fane mais de 30 atra\u00e7\u00f5es musicais, entre nomes locais, regionais e nacionais, nos<\/p>\n","protected":false},"author":5,"featured_media":74196,"comment_status":"open","ping_status":"open","sticky":false,"template":"","format":"standard","meta":{"om_disable_all_campaigns":false,"_monsterinsights_skip_tracking":false,"_monsterinsights_sitenote_active":false,"_monsterinsights_sitenote_note":"","_monsterinsights_sitenote_category":0,"footnotes":""},"categories":[40],"tags":[],"class_list":{"0":"post-74195","1":"post","2":"type-post","3":"status-publish","4":"format-standard","5":"has-post-thumbnail","7":"category-camacari"},"_links":{"self":[{"href":"https:\/\/comandogeraldanoticia.com.br\/index.php\/wp-json\/wp\/v2\/posts\/74195","targetHints":{"allow":["GET"]}}],"collection":[{"href":"https:\/\/comandogeraldanoticia.com.br\/index.php\/wp-json\/wp\/v2\/posts"}],"about":[{"href":"https:\/\/comandogeraldanoticia.com.br\/index.php\/wp-json\/wp\/v2\/types\/post"}],"author":[{"embeddable":true,"href":"https:\/\/comandogeraldanoticia.com.br\/index.php\/wp-json\/wp\/v2\/users\/5"}],"replies":[{"embeddable":true,"href":"https:\/\/comandogeraldanoticia.com.br\/index.php\/wp-json\/wp\/v2\/comments?post=74195"}],"version-history":[{"count":2,"href":"https:\/\/comandogeraldanoticia.com.br\/index.php\/wp-json\/wp\/v2\/posts\/74195\/revisions"}],"predecessor-version":[{"id":74198,"href":"https:\/\/comandogeraldanoticia.com.br\/index.php\/wp-json\/wp\/v2\/posts\/74195\/revisions\/74198"}],"wp:featuredmedia":[{"embeddable":true,"href":"https:\/\/comandogeraldanoticia.com.br\/index.php\/wp-json\/wp\/v2\/media\/74196"}],"wp:attachment":[{"href":"https:\/\/comandogeraldanoticia.com.br\/index.php\/wp-json\/wp\/v2\/media?parent=74195"}],"wp:term":[{"taxonomy":"category","embeddable":true,"href":"https:\/\/comandogeraldanoticia.com.br\/index.php\/wp-json\/wp\/v2\/categories?post=74195"},{"taxonomy":"post_tag","embeddable":true,"href":"https:\/\/comandogeraldanoticia.com.br\/index.php\/wp-json\/wp\/v2\/tags?post=74195"}],"curies":[{"name":"wp","href":"https:\/\/api.w.org\/{rel}","templated":true}]}}