{"id":74192,"date":"2026-03-12T19:18:42","date_gmt":"2026-03-12T19:18:42","guid":{"rendered":"https:\/\/comandogeraldanoticia.com.br\/?p=74192"},"modified":"2026-03-12T19:18:43","modified_gmt":"2026-03-12T19:18:43","slug":"integracao-e-planejamento-marcam-a-organizacao-do-festival-de-arembepe-2026","status":"publish","type":"post","link":"https:\/\/comandogeraldanoticia.com.br\/index.php\/2026\/03\/12\/integracao-e-planejamento-marcam-a-organizacao-do-festival-de-arembepe-2026\/","title":{"rendered":"Integra\u00e7\u00e3o e planejamento marcam a organiza\u00e7\u00e3o do Festival de Arembepe 2026"},"content":{"rendered":"\n<p>Entre os dias 13 e 16 de mar\u00e7o (sexta a segunda-feira) acontece o Festival de Arembepe 2026, cuja organiza\u00e7\u00e3o tem como pilares a integra\u00e7\u00e3o entre os \u00f3rg\u00e3os municipais e o planejamento antecipado das a\u00e7\u00f5es. Para garantir uma festa bonita, organizada e segura, a Prefeitura de Cama\u00e7ari, por meio da Coordena\u00e7\u00e3o de Eventos, setor vinculado \u00e0 Secretaria de Governo (Segov), elaborou um planejamento estrat\u00e9gico, operacional e estrutural que envolve a atua\u00e7\u00e3o conjunta de diversas secretarias municipais e \u00f3rg\u00e3os parceiros.<\/p>\n\n\n\n<p>Na Arena Principal, com estrutura de ponta, o Palco Katita foi preparado para receber grandes shows nacionais, com palco duplo que permitir\u00e1 apresenta\u00e7\u00f5es sem intervalos. O espa\u00e7o contar\u00e1, ainda, com acessibilidade para pessoa com defici\u00eancia (PcD), al\u00e9m de 100 vendedores oferecendo diversos produtos e banheiros climatizados, garantindo mais conforto ao p\u00fablico. Na \u00e1rea externa, tamb\u00e9m foram instaladas 70 barracas destinadas aos ambulantes cadastrados pela Secretaria de Servi\u00e7os P\u00fablicos (Sesp).<\/p>\n\n\n\n<p>Os foli\u00f5es tamb\u00e9m contar\u00e3o com diversos servi\u00e7os de apoio, incluindo posto de sa\u00fade, bases das pol\u00edcias Militar (PM) e Civil (PC), al\u00e9m do suporte do Corpo de Bombeiros Militar da Bahia (CBMBA) e da Defesa Civil. Durante o evento, haver\u00e1 ainda tr\u00eas pontos de hidrata\u00e7\u00e3o e chuveir\u00f5es tem\u00e1ticos para refrescar os participantes ao longo do percurso. E quem n\u00e3o puder acompanhar os shows de perto poder\u00e1 assistir \u00e0 transmiss\u00e3o ao vivo pelo canal oficial da Prefeitura de Cama\u00e7ari no <em>YouTube<\/em>, acessando <strong><a href=\"https:\/\/www.youtube.com\/@PrefeituraMunicipaldeCama%C3%A7ari\" target=\"_blank\" rel=\"noreferrer noopener\">aqui<\/a><\/strong>.<\/p>\n\n\n\n<p>O Circuito Bruno Lima, destinado ao desfile dos blocos de rua, traz novidades neste ano, como a implanta\u00e7\u00e3o de circuito fechado, revista realizada pela PM e a instala\u00e7\u00e3o de portais duplos de acesso. Ao todo, cinco portais de abordagem foram posicionados nos principais pontos de entrada da festa, refor\u00e7ando o controle e a seguran\u00e7a do evento.<\/p>\n\n\n\n<p>E para intensificar as a\u00e7\u00f5es de seguran\u00e7a e o uso de tecnologia, o evento contar\u00e1 com um efetivo integrado de cerca de 1.500 profissionais, envolvendo equipes da PM e da PC, da Delegacia Especial de Atendimento \u00e0 Mulher (Deam) e do Departamento de Pol\u00edcia T\u00e9cnica (DPT). Somente da PM, ser\u00e3o mais de mil policiais mobilizados, o que \u00e9 a maior opera\u00e7\u00e3o de mobiliza\u00e7\u00e3o de seguran\u00e7a j\u00e1 realizada em festivais em Cama\u00e7ari. O policiamento contar\u00e1 ainda com 36 patrulhas por dia atuando de forma ostensiva no circuito da festa, nos dois palcos, al\u00e9m de 20 postos elevados de observa\u00e7\u00e3o e do apoio de unidades especializadas.<\/p>\n\n\n\n<p>Na Opera\u00e7\u00e3o Festival da Paz, a festa contar\u00e1 ainda com um robusto aparato tecnol\u00f3gico e de seguran\u00e7a. Ser\u00e3o utilizadas 14 c\u00e2meras de reconhecimento facial, integradas \u00e0 Secretaria de Seguran\u00e7a P\u00fablica da Bahia (SSP-BA), instaladas nos cinco portais de abordagem antes do acesso ao circuito. O monitoramento tamb\u00e9m ser\u00e1 realizado 24 horas por <em>drones<\/em> e por seis c\u00e2meras fixas distribu\u00eddas em 100% dos espa\u00e7os da festa.<\/p>\n\n\n\n<p>Durante o festival, tamb\u00e9m ser\u00e1 ativado o Centro Integrado de Comando e Controle (CICC), respons\u00e1vel pelo acompanhamento e fiscaliza\u00e7\u00e3o do evento, que ter\u00e1 ainda a presen\u00e7a da Base Lil\u00e1s, unidade m\u00f3vel do Batalh\u00e3o de Policiamento de Prote\u00e7\u00e3o \u00e0 Mulher (BPPM), e a atua\u00e7\u00e3o de um efetivo de 130 profissionais do CBMBA.<\/p>\n\n\n\n<p>A gest\u00e3o integrada do evento envolve diversas secretarias municipais, que atuar\u00e3o com a\u00e7\u00f5es espec\u00edficas ao longo dos quatro dias de festa. A Sesp desempenha papel fundamental, pois possui a &#8220;engrenagem&#8221; para garantir o bom funcionamento e a organiza\u00e7\u00e3o do espa\u00e7o, com refor\u00e7o na limpeza p\u00fablica, realizada em parceria com a Empresa de Limpeza P\u00fablica de Cama\u00e7ari (Limpec); na ilumina\u00e7\u00e3o p\u00fablica em pontos estrat\u00e9gicos; no ordenamento e fiscaliza\u00e7\u00e3o do com\u00e9rcio, das barracas e dos vendedores ambulantes; al\u00e9m da fiscaliza\u00e7\u00e3o do cumprimento das normas estabelecidas portaria que pro\u00edbe o uso de objetos perfurocortantes durante o evento.<\/p>\n\n\n\n<p>Promovendo assist\u00eancia e suporte emergencial, a Secretaria de Sa\u00fade (Sesau) disponibilizar\u00e1 equipes multidisciplinares e ambul\u00e2ncias de prontid\u00e3o para atendimento ao p\u00fablico. A pasta tamb\u00e9m realizar\u00e1 a distribui\u00e7\u00e3o de protetor solar e oferecer\u00e1 servi\u00e7os focados na preven\u00e7\u00e3o e no diagn\u00f3stico precoce de infec\u00e7\u00f5es sexualmente transmiss\u00edveis (ISTs). A a\u00e7\u00e3o contar\u00e1 ainda com a presen\u00e7a dos personagens Z\u00e9 Gotinha e Camisinha, que ir\u00e3o refor\u00e7ar, de forma educativa e l\u00fadica, as orienta\u00e7\u00f5es de preven\u00e7\u00e3o junto aos foli\u00f5es.<\/p>\n\n\n\n<p>A Secretaria de Desenvolvimento Urbano e Meio Ambiente (Sedur) ser\u00e1 respons\u00e1vel pelo ordenamento do espa\u00e7o p\u00fablico e pela preserva\u00e7\u00e3o ambiental, atrav\u00e9s de a\u00e7\u00f5es de planejamento, an\u00e1lise e libera\u00e7\u00e3o de licen\u00e7as, al\u00e9m da fiscaliza\u00e7\u00e3o. No quesito mobilidade e seguran\u00e7a vi\u00e1ria, a Superintend\u00eancia de Tr\u00e2nsito e Transporte P\u00fablico (STT) atuar\u00e1 no ordenamento do tr\u00e2nsito, com o fechamento de acessos e a cria\u00e7\u00e3o de rotas alternativas. O \u00f3rg\u00e3o tamb\u00e9m disponibilizar\u00e1 frotas especiais e hor\u00e1rios estendidos no transporte p\u00fablico coletivo durante o per\u00edodo do evento.<\/p>\n\n\n\n<p>J\u00e1 a Secretaria da Cultura (Secult) ser\u00e1 respons\u00e1vel por a\u00e7\u00f5es voltadas ao entretenimento e \u00e0 valoriza\u00e7\u00e3o da mem\u00f3ria e das tradi\u00e7\u00f5es culturais. No cortejo das baianas, a pasta coordena um dos momentos mais sagrados e simb\u00f3licos da festa, al\u00e9m de atuar no fomento e na organiza\u00e7\u00e3o das manifesta\u00e7\u00f5es populares e nas apresenta\u00e7\u00f5es realizadas no Palco Ra\u00edzes e Ritmos.<\/p>\n\n\n\n<p>A Secretaria de Turismo (Setur), por sua vez, promover\u00e1 a distribui\u00e7\u00e3o de materiais informativos sobre o Festival de Arembepe, realizar\u00e1 o receptivo aos turistas e aplicar\u00e1 pesquisas durante o evento para avaliar o perfil e a experi\u00eancia do p\u00fablico.<\/p>\n\n\n\n<p>A atua\u00e7\u00e3o voltada \u00e0 prote\u00e7\u00e3o, acolhimento e garantia de direitos ser\u00e1 executada pela Secretaria da Mulher (Semu). Durante o evento, ser\u00e3o realizadas campanhas intensivas de combate \u00e0 viol\u00eancia contra a mulher, al\u00e9m de a\u00e7\u00f5es afirmativas de enfrentamento ao racismo e \u00e0 intoler\u00e2ncia religiosa. A programa\u00e7\u00e3o inclui ainda a \u201cBlitz Elas por Elas\u201d, com unidade itinerante para distribui\u00e7\u00e3o estrat\u00e9gica de material informativo e orienta\u00e7\u00e3o direta sobre a rede de prote\u00e7\u00e3o. Tamb\u00e9m ser\u00e1 feita a divulga\u00e7\u00e3o dos servi\u00e7os oferecidos pela pasta, facilitando o acesso ao suporte psicossocial, jur\u00eddico e aos centros de refer\u00eancia especializados.<\/p>\n\n\n\n<p>A Secretaria de Esporte, Lazer e Juventude (Sejuv) montar\u00e1 a Arena da Juventude, um espa\u00e7o voltado \u00e0 oferta de servi\u00e7os e a\u00e7\u00f5es interativas para o p\u00fablico jovem. L\u00e1, ser\u00e3o disponibilizados servi\u00e7os do transporte universit\u00e1rio, atendimento do SAC M\u00f3vel e um ponto de troca sustent\u00e1vel, onde materiais recicl\u00e1veis poder\u00e3o ser trocados por copos personalizados. O espa\u00e7o tamb\u00e9m contar\u00e1 com a distribui\u00e7\u00e3o de preservativos, materiais informativos e incentivo \u00e0 realiza\u00e7\u00e3o dos testes r\u00e1pidos, com acolhimento em a\u00e7\u00e3o integrada com a Sesau.<\/p>\n\n\n\n<p>Quando o assunto \u00e9 gest\u00e3o de res\u00edduos, a responsabilidade ser\u00e1 da Limpec. Durante o evento, ser\u00e1 realizada a Opera\u00e7\u00e3o Lixo Zero, com a participa\u00e7\u00e3o de catadores, promovendo gera\u00e7\u00e3o de renda e contribuindo para a redu\u00e7\u00e3o dos impactos ambientais. A a\u00e7\u00e3o tamb\u00e9m contar\u00e1 com um planejamento de log\u00edstica de res\u00edduos, com a instala\u00e7\u00e3o estrat\u00e9gica de contentores e lixeiras ao longo de todo o circuito da festa e nos acessos \u00e0 praia, garantindo maior organiza\u00e7\u00e3o e limpeza do espa\u00e7o.<\/p>\n\n\n\n<p>A preven\u00e7\u00e3o e a seguran\u00e7a estrutural ficar\u00e3o a cargo da Defesa Civil, que realizar\u00e1 vistorias e inspe\u00e7\u00f5es nas estruturas montadas para o evento. O \u00f3rg\u00e3o tamb\u00e9m far\u00e1 o monitoramento de riscos, com vigil\u00e2ncia constante em \u00e1reas de grande aglomera\u00e7\u00e3o, a fim de prevenir acidentes. Al\u00e9m disso, equipes estar\u00e3o de plant\u00e3o 24 horas para atendimento em situa\u00e7\u00f5es de emerg\u00eancia ou diante de poss\u00edveis intemp\u00e9ries clim\u00e1ticas. O \u00f3rg\u00e3o tamb\u00e9m atuar\u00e1 na gest\u00e3o de crises, em articula\u00e7\u00e3o direta com o CBMPM e a PM, incluindo a defini\u00e7\u00e3o de planos de evacua\u00e7\u00e3o e rotas de fuga.<\/p>\n","protected":false},"excerpt":{"rendered":"<p>Entre os dias 13 e 16 de mar\u00e7o (sexta a segunda-feira) acontece o Festival de Arembepe 2026, cuja organiza\u00e7\u00e3o tem como pilares a integra\u00e7\u00e3o entre os \u00f3rg\u00e3os municipais e o planejamento antecipado das a\u00e7\u00f5es. Para garantir uma festa bonita, organizada e segura, a Prefeitura de Cama\u00e7ari, por meio da Coordena\u00e7\u00e3o de Eventos, setor vinculado \u00e0<\/p>\n","protected":false},"author":5,"featured_media":74193,"comment_status":"open","ping_status":"open","sticky":false,"template":"","format":"standard","meta":{"om_disable_all_campaigns":false,"_monsterinsights_skip_tracking":false,"_monsterinsights_sitenote_active":false,"_monsterinsights_sitenote_note":"","_monsterinsights_sitenote_category":0,"footnotes":""},"categories":[40],"tags":[],"class_list":{"0":"post-74192","1":"post","2":"type-post","3":"status-publish","4":"format-standard","5":"has-post-thumbnail","7":"category-camacari"},"_links":{"self":[{"href":"https:\/\/comandogeraldanoticia.com.br\/index.php\/wp-json\/wp\/v2\/posts\/74192","targetHints":{"allow":["GET"]}}],"collection":[{"href":"https:\/\/comandogeraldanoticia.com.br\/index.php\/wp-json\/wp\/v2\/posts"}],"about":[{"href":"https:\/\/comandogeraldanoticia.com.br\/index.php\/wp-json\/wp\/v2\/types\/post"}],"author":[{"embeddable":true,"href":"https:\/\/comandogeraldanoticia.com.br\/index.php\/wp-json\/wp\/v2\/users\/5"}],"replies":[{"embeddable":true,"href":"https:\/\/comandogeraldanoticia.com.br\/index.php\/wp-json\/wp\/v2\/comments?post=74192"}],"version-history":[{"count":1,"href":"https:\/\/comandogeraldanoticia.com.br\/index.php\/wp-json\/wp\/v2\/posts\/74192\/revisions"}],"predecessor-version":[{"id":74194,"href":"https:\/\/comandogeraldanoticia.com.br\/index.php\/wp-json\/wp\/v2\/posts\/74192\/revisions\/74194"}],"wp:featuredmedia":[{"embeddable":true,"href":"https:\/\/comandogeraldanoticia.com.br\/index.php\/wp-json\/wp\/v2\/media\/74193"}],"wp:attachment":[{"href":"https:\/\/comandogeraldanoticia.com.br\/index.php\/wp-json\/wp\/v2\/media?parent=74192"}],"wp:term":[{"taxonomy":"category","embeddable":true,"href":"https:\/\/comandogeraldanoticia.com.br\/index.php\/wp-json\/wp\/v2\/categories?post=74192"},{"taxonomy":"post_tag","embeddable":true,"href":"https:\/\/comandogeraldanoticia.com.br\/index.php\/wp-json\/wp\/v2\/tags?post=74192"}],"curies":[{"name":"wp","href":"https:\/\/api.w.org\/{rel}","templated":true}]}}