{"id":74189,"date":"2026-03-12T19:15:02","date_gmt":"2026-03-12T19:15:02","guid":{"rendered":"https:\/\/comandogeraldanoticia.com.br\/?p=74189"},"modified":"2026-03-12T19:15:04","modified_gmt":"2026-03-12T19:15:04","slug":"sesp-proibe-uso-de-objetos-perfurocortantes-no-festival-de-arembepe-2026","status":"publish","type":"post","link":"https:\/\/comandogeraldanoticia.com.br\/index.php\/2026\/03\/12\/sesp-proibe-uso-de-objetos-perfurocortantes-no-festival-de-arembepe-2026\/","title":{"rendered":"Sesp pro\u00edbe uso de objetos perfurocortantes no Festival de Arembepe 2026"},"content":{"rendered":"\n<p>Com o objetivo de garantir o bem-estar e a seguran\u00e7a tanto dos trabalhadores quanto dos foli\u00f5es que v\u00e3o curtir o Festival de Arembepe 2026, que acontece de 13 a 16 de mar\u00e7o (sexta a segunda-feira), a Secretaria de Servi\u00e7os P\u00fablicos de Cama\u00e7ari (Sesp), publicou uma portaria que pro\u00edbe o uso de objetos perfurocortantes durante o evento.<\/p>\n\n\n\n<p>A Portaria n.\u00ba 002\/2026, que estabelece a proibi\u00e7\u00e3o, foi publicada na edi\u00e7\u00e3o n.\u00ba 2819 do Di\u00e1rio Oficial do Munic\u00edpio (DOM), de 3 de mar\u00e7o, e pode ser conferida <a href=\"https:\/\/www.camacari.ba.gov.br\/wp-content\/uploads\/2026\/03\/diario-2819.certificado.pdf\" target=\"_blank\" rel=\"noreferrer noopener\"><strong>aqui<\/strong><\/a>. De acordo com o documento, a partir das 5h do dia 13 (sexta) at\u00e9 5h do dia 16 (segunda), ficam proibidos aos vendedores ambulantes e afins, o uso de garrafas, copos e pratos de vidro, espetos ou quaisquer outros objetos com que se possa causar danos a terceiros.<\/p>\n\n\n\n<p>A medida ser\u00e1 aplicada em todo o percurso do cortejo religioso, nos palcos Katita e Ra\u00edzes e Ritmos, bem como nas ruas adjacentes e no entorno das pra\u00e7as Santa Rita, Isaac Marambaia, Tia Deja (antiga dos Coqueiros) e Salustiano Santiago de Souza (antiga das Amendoeiras). Ainda, segundo a portaria, o descumprimento da determina\u00e7\u00e3o poder\u00e1 resultar na interdi\u00e7\u00e3o do estabelecimento.<\/p>\n\n\n\n<p>O Festival de Arembepe 2026 \u00e9 realizado pela Prefeitura de Cama\u00e7ari, por meio da Secretaria de Governo (Segov), atrav\u00e9s da Coordena\u00e7\u00e3o de Eventos, com o apoio das demais secretarias e institui\u00e7\u00f5es municipais.<\/p>\n","protected":false},"excerpt":{"rendered":"<p>Com o objetivo de garantir o bem-estar e a seguran\u00e7a tanto dos trabalhadores quanto dos foli\u00f5es que v\u00e3o curtir o Festival de Arembepe 2026, que acontece de 13 a 16 de mar\u00e7o (sexta a segunda-feira), a Secretaria de Servi\u00e7os P\u00fablicos de Cama\u00e7ari (Sesp), publicou uma portaria que pro\u00edbe o uso de objetos perfurocortantes durante o<\/p>\n","protected":false},"author":5,"featured_media":74190,"comment_status":"open","ping_status":"open","sticky":false,"template":"","format":"standard","meta":{"om_disable_all_campaigns":false,"_monsterinsights_skip_tracking":false,"_monsterinsights_sitenote_active":false,"_monsterinsights_sitenote_note":"","_monsterinsights_sitenote_category":0,"footnotes":""},"categories":[40],"tags":[],"class_list":{"0":"post-74189","1":"post","2":"type-post","3":"status-publish","4":"format-standard","5":"has-post-thumbnail","7":"category-camacari"},"_links":{"self":[{"href":"https:\/\/comandogeraldanoticia.com.br\/index.php\/wp-json\/wp\/v2\/posts\/74189","targetHints":{"allow":["GET"]}}],"collection":[{"href":"https:\/\/comandogeraldanoticia.com.br\/index.php\/wp-json\/wp\/v2\/posts"}],"about":[{"href":"https:\/\/comandogeraldanoticia.com.br\/index.php\/wp-json\/wp\/v2\/types\/post"}],"author":[{"embeddable":true,"href":"https:\/\/comandogeraldanoticia.com.br\/index.php\/wp-json\/wp\/v2\/users\/5"}],"replies":[{"embeddable":true,"href":"https:\/\/comandogeraldanoticia.com.br\/index.php\/wp-json\/wp\/v2\/comments?post=74189"}],"version-history":[{"count":1,"href":"https:\/\/comandogeraldanoticia.com.br\/index.php\/wp-json\/wp\/v2\/posts\/74189\/revisions"}],"predecessor-version":[{"id":74191,"href":"https:\/\/comandogeraldanoticia.com.br\/index.php\/wp-json\/wp\/v2\/posts\/74189\/revisions\/74191"}],"wp:featuredmedia":[{"embeddable":true,"href":"https:\/\/comandogeraldanoticia.com.br\/index.php\/wp-json\/wp\/v2\/media\/74190"}],"wp:attachment":[{"href":"https:\/\/comandogeraldanoticia.com.br\/index.php\/wp-json\/wp\/v2\/media?parent=74189"}],"wp:term":[{"taxonomy":"category","embeddable":true,"href":"https:\/\/comandogeraldanoticia.com.br\/index.php\/wp-json\/wp\/v2\/categories?post=74189"},{"taxonomy":"post_tag","embeddable":true,"href":"https:\/\/comandogeraldanoticia.com.br\/index.php\/wp-json\/wp\/v2\/tags?post=74189"}],"curies":[{"name":"wp","href":"https:\/\/api.w.org\/{rel}","templated":true}]}}