{"id":74185,"date":"2026-03-12T02:16:36","date_gmt":"2026-03-12T02:16:36","guid":{"rendered":"https:\/\/comandogeraldanoticia.com.br\/?p=74185"},"modified":"2026-03-12T02:16:36","modified_gmt":"2026-03-12T02:16:36","slug":"fies-2026-pre-selecionados-tem-ate-quarta-para-completar-cadastro","status":"publish","type":"post","link":"https:\/\/comandogeraldanoticia.com.br\/index.php\/2026\/03\/12\/fies-2026-pre-selecionados-tem-ate-quarta-para-completar-cadastro\/","title":{"rendered":"Fies 2026: pr\u00e9-selecionados t\u00eam at\u00e9 quarta para completar cadastro"},"content":{"rendered":"\n<p><strong>Os estudantes pr\u00e9-selecionados,&nbsp;por meio da lista de espera,&nbsp;para vagas do Fundo de Financiamento Estudantil (Fies) para o primeiro semestre de 2026, devem fazer a complementa\u00e7\u00e3o da inscri\u00e7\u00e3o na <a href=\"https:\/\/acessounico.mec.gov.br\/fies\" target=\"_blank\" rel=\"noreferrer noopener\">p\u00e1gina do programa<\/a> at\u00e9 as 23h59 desta quarta-feira (11), no hor\u00e1rio de Bras\u00edlia.<\/strong><img decoding=\"async\" src=\"https:\/\/agenciabrasil.ebc.com.br\/ebc.png?id=1681450&amp;o=node\"><img decoding=\"async\" src=\"https:\/\/agenciabrasil.ebc.com.br\/ebc.gif?id=1681450&amp;o=node\"><\/p>\n\n\n\n<p>O Fies oferece financiamento a estudantes de baixa renda em cursos de gradua\u00e7\u00e3o&nbsp;em institui\u00e7\u00f5es privadas de ensino superior.&nbsp;O Minist\u00e9rio da Educa\u00e7\u00e3o (MEC) fez uma nova convoca\u00e7\u00e3o de estudantes no s\u00e1bado (7) e os nomes dos pr\u00e9-selecionados podem ser conferidos no Portal \u00danico de Acesso ao Ensino Superior, <a href=\"https:\/\/acessounico.mec.gov.br\/fies\" target=\"_blank\" rel=\"noreferrer noopener\">na aba do Fies<\/a>, por meio do login na plataforma Gov.br.<\/p>\n\n\n\n<p><strong>A complementa\u00e7\u00e3o do cadastro \u00e9 uma fase obrigat\u00f3ria para seguir no processo de contrata\u00e7\u00e3o do financiamento estudantil.<\/strong><\/p>\n\n\n\n<h2 class=\"wp-block-heading\">Informa\u00e7\u00f5es complementares<\/h2>\n\n\n\n<p>Os interessados selecionados devem complementar informa\u00e7\u00f5es que n\u00e3o foram solicitadas na inscri\u00e7\u00e3o inicial, como por exemplo a confirma\u00e7\u00e3o do endere\u00e7o e contatos de e-mail telefone, al\u00e9m da composi\u00e7\u00e3o do grupo familiar. Tamb\u00e9m s\u00e3o solicitados dados relacionados ao curso pretendido, como o semestre de ingresso na faculdade e o valor da mensalidade, al\u00e9m do banco onde formalizar\u00e1 o contrato;&nbsp;percentual do financiamento estudantil, entre outros.&nbsp;<\/p>\n\n\n\n<p><strong>De acordo com o&nbsp;<a href=\"https:\/\/www.gov.br\/mec\/pt-br\/fies\/arquivos\/2026\/edital_n_3_21012026.pdf\" target=\"_blank\" rel=\"noreferrer noopener\">edital do Fies 2026<\/a>, o pr\u00e9-selecionado \u00e0 vaga do Fies Social tamb\u00e9m poder\u00e1 solicitar a contrata\u00e7\u00e3o de financiamento integral, com a cobertura de at\u00e9 100% dos encargos educacionais cobrados pela faculdade privada.<\/strong><\/p>\n\n\n\n<p>Essa modalidade beneficia estudantes com renda familiar por pessoa de at\u00e9 meio sal\u00e1rio m\u00ednimo (R$ 810,50, em 2026) e com inscri\u00e7\u00e3o ativa no Cadastro \u00danico de Programas Sociais do governo federal (Cad\u00danico).<\/p>\n\n\n\n<h2 class=\"wp-block-heading\">Pr\u00f3ximas fases<\/h2>\n\n\n\n<p><strong>Ap\u00f3s a etapa da complementa\u00e7\u00e3o online da inscri\u00e7\u00e3o, o estudante deve comprovar as informa\u00e7\u00f5es declaradas, de forma f\u00edsica ou digital, diretamente na institui\u00e7\u00e3o de ensino em que foi pr\u00e9-selecionado no prazo de at\u00e9 cinco dias \u00fateis.<\/strong><\/p>\n\n\n\n<p>Ap\u00f3s a aprova\u00e7\u00e3o da Comiss\u00e3o Permanente de Supervis\u00e3o e Acompanhamento (CPSA) da faculdade, em at\u00e9 10 dias \u00fateis, o pr\u00f3prio estudante deve validar no banco a documenta\u00e7\u00e3o exigida.<\/p>\n\n\n\n<p>Os prazos de todas as etapas listadas em edital, at\u00e9 a conclus\u00e3o do processo com a assinatura do contrato de financiamento, devem ser rigorosamente observados para evitar a perda da vaga.<\/p>\n\n\n\n<h2 class=\"wp-block-heading\">Convoca\u00e7\u00e3o da lista<\/h2>\n\n\n\n<p>Todos os inscritos n\u00e3o selecionados na chamada regular foram inclu\u00eddos, automaticamente, na lista de espera.<\/p>\n\n\n\n<p>Todos os participantes desta lista devem consultar periodicamente a p\u00e1gina do Fies para acompanhar as pr\u00f3ximas convoca\u00e7\u00f5es, que ser\u00e3o realizadas at\u00e9 10 de abril.<\/p>\n\n\n\n<h2 class=\"wp-block-heading\">Vagas<\/h2>\n\n\n\n<p>Em 2026, o total de vagas ofertadas para o Fies ser\u00e1 de 112.168. O MEC j\u00e1 ofertou 67.301 vagas em 1.421 institui\u00e7\u00f5es de ensino superior, distribu\u00eddas por 19.834 cursos e turnos.<\/p>\n\n\n\n<p><strong>As vagas n\u00e3o ocupadas ap\u00f3s todas as convoca\u00e7\u00f5es desta edi\u00e7\u00e3o ser\u00e3o ofertadas no processo seletivo do segundo semestre.<\/strong><\/p>\n","protected":false},"excerpt":{"rendered":"<p>Os estudantes pr\u00e9-selecionados,&nbsp;por meio da lista de espera,&nbsp;para vagas do Fundo de Financiamento Estudantil (Fies) para o primeiro semestre de 2026, devem fazer a complementa\u00e7\u00e3o da inscri\u00e7\u00e3o na p\u00e1gina do programa at\u00e9 as 23h59 desta quarta-feira (11), no hor\u00e1rio de Bras\u00edlia. O Fies oferece financiamento a estudantes de baixa renda em cursos de gradua\u00e7\u00e3o&nbsp;em institui\u00e7\u00f5es<\/p>\n","protected":false},"author":5,"featured_media":74186,"comment_status":"open","ping_status":"open","sticky":false,"template":"","format":"standard","meta":{"om_disable_all_campaigns":false,"_monsterinsights_skip_tracking":false,"_monsterinsights_sitenote_active":false,"_monsterinsights_sitenote_note":"","_monsterinsights_sitenote_category":0,"footnotes":""},"categories":[40],"tags":[],"class_list":{"0":"post-74185","1":"post","2":"type-post","3":"status-publish","4":"format-standard","5":"has-post-thumbnail","7":"category-camacari"},"_links":{"self":[{"href":"https:\/\/comandogeraldanoticia.com.br\/index.php\/wp-json\/wp\/v2\/posts\/74185","targetHints":{"allow":["GET"]}}],"collection":[{"href":"https:\/\/comandogeraldanoticia.com.br\/index.php\/wp-json\/wp\/v2\/posts"}],"about":[{"href":"https:\/\/comandogeraldanoticia.com.br\/index.php\/wp-json\/wp\/v2\/types\/post"}],"author":[{"embeddable":true,"href":"https:\/\/comandogeraldanoticia.com.br\/index.php\/wp-json\/wp\/v2\/users\/5"}],"replies":[{"embeddable":true,"href":"https:\/\/comandogeraldanoticia.com.br\/index.php\/wp-json\/wp\/v2\/comments?post=74185"}],"version-history":[{"count":2,"href":"https:\/\/comandogeraldanoticia.com.br\/index.php\/wp-json\/wp\/v2\/posts\/74185\/revisions"}],"predecessor-version":[{"id":74188,"href":"https:\/\/comandogeraldanoticia.com.br\/index.php\/wp-json\/wp\/v2\/posts\/74185\/revisions\/74188"}],"wp:featuredmedia":[{"embeddable":true,"href":"https:\/\/comandogeraldanoticia.com.br\/index.php\/wp-json\/wp\/v2\/media\/74186"}],"wp:attachment":[{"href":"https:\/\/comandogeraldanoticia.com.br\/index.php\/wp-json\/wp\/v2\/media?parent=74185"}],"wp:term":[{"taxonomy":"category","embeddable":true,"href":"https:\/\/comandogeraldanoticia.com.br\/index.php\/wp-json\/wp\/v2\/categories?post=74185"},{"taxonomy":"post_tag","embeddable":true,"href":"https:\/\/comandogeraldanoticia.com.br\/index.php\/wp-json\/wp\/v2\/tags?post=74185"}],"curies":[{"name":"wp","href":"https:\/\/api.w.org\/{rel}","templated":true}]}}