{"id":74182,"date":"2026-03-12T02:09:24","date_gmt":"2026-03-12T02:09:24","guid":{"rendered":"https:\/\/comandogeraldanoticia.com.br\/?p=74182"},"modified":"2026-03-12T02:09:25","modified_gmt":"2026-03-12T02:09:25","slug":"policia-federal-prende-foragido-suspeito-de-desvios-no-inss","status":"publish","type":"post","link":"https:\/\/comandogeraldanoticia.com.br\/index.php\/2026\/03\/12\/policia-federal-prende-foragido-suspeito-de-desvios-no-inss\/","title":{"rendered":"Pol\u00edcia Federal prende foragido suspeito de desvios no INSS"},"content":{"rendered":"\n<p>Fonte: Pol\u00edcia Federal\/divulga\u00e7\u00e3o<\/p>\n\n\n\n<p><strong>A Pol\u00edcia Federal (PF) prendeu, nesta quarta-feira&nbsp;(11),&nbsp;um dos \u00faltimos foragidos da <a href=\"https:\/\/agenciabrasil.ebc.com.br\/tags\/operacao-sem-desconto\" target=\"_blank\" rel=\"noreferrer noopener\">Opera\u00e7\u00e3o Sem Desconto<\/a>, deflagrada em abril de 2025 para&nbsp;investigar&nbsp;desvio de recursos do Instituto Nacional do Seguro Social (INSS).<\/strong><img decoding=\"async\" src=\"https:\/\/agenciabrasil.ebc.com.br\/ebc.png?id=1681584&amp;o=node\"><img decoding=\"async\" src=\"https:\/\/agenciabrasil.ebc.com.br\/ebc.gif?id=1681584&amp;o=node\"><\/p>\n\n\n\n<p>O <strong>homem<\/strong>, de identidade n\u00e3o informada&nbsp;pela corpora\u00e7\u00e3o, <strong>fazia parte do n\u00facleo financeiro da organiza\u00e7\u00e3o criminosa<\/strong>. Ele era respons\u00e1vel pela&nbsp;movimenta\u00e7\u00e3o e gest\u00e3o dos recursos desviados, agindo como uma esp\u00e9cie de contador da quadrilha liderada por Antonio Carlos Antunes, conhecido como Careca do INSS,&nbsp;que foi <a href=\"https:\/\/agenciabrasil.ebc.com.br\/justica\/noticia\/2026-01\/stf-andre-mendonca-mantem-prisao-do-careca-do-inss\" target=\"_blank\" rel=\"noreferrer noopener\">preso<\/a> em setembro do ano passado.&nbsp;<\/p>\n\n\n\n<p>&#8220;Policiais federais realizaram a pris\u00e3o ap\u00f3s minucioso trabalho de investiga\u00e7\u00e3o e de levantamentos que permitiram localizar o investigado&#8221;, destaca a PF, em nota.&nbsp;<\/p>\n\n\n\n<p>Segundo a corpora\u00e7\u00e3o, o homem&nbsp;foi encaminhado a uma&nbsp;unidade da Pol\u00edcia Federal e ficar\u00e1 \u00e0&nbsp;disposi\u00e7\u00e3o da Justi\u00e7a.<\/p>\n\n\n\n<h2 class=\"wp-block-heading\">Entenda o caso<\/h2>\n\n\n\n<p>A PF e a Controladoria-Geral da Uni\u00e3o (CGU) <a href=\"https:\/\/agenciabrasil.ebc.com.br\/geral\/noticia\/2025-04\/operacao-da-pf-investiga-descontos-irregulares-em-beneficios-do-inss\" target=\"_blank\" rel=\"noreferrer noopener\">deflagraram a Opera\u00e7\u00e3o Sem Desconto em abril do ano passado<\/a> para combater um esquema de descontos associativos n\u00e3o autorizados em aposentadorias e pens\u00f5es. O c\u00e1lculo \u00e9 que entidades investigadas tenham descontado de aposentados e pensionistas cerca de R$ 6,3 bilh\u00f5es entre 2019 e 2024.&nbsp;<\/p>\n\n\n\n<p>As fraudes e os criminosos envolvidos tamb\u00e9m est\u00e3o sob investiga\u00e7\u00e3o da Comiss\u00e3o Parlamentar Mista de Inqu\u00e9rito (CPMI) do Instituto Nacional do Seguro Social (INSS), no Congresso Nacional.<\/p>\n","protected":false},"excerpt":{"rendered":"<p>Fonte: Pol\u00edcia Federal\/divulga\u00e7\u00e3o A Pol\u00edcia Federal (PF) prendeu, nesta quarta-feira&nbsp;(11),&nbsp;um dos \u00faltimos foragidos da Opera\u00e7\u00e3o Sem Desconto, deflagrada em abril de 2025 para&nbsp;investigar&nbsp;desvio de recursos do Instituto Nacional do Seguro Social (INSS). O homem, de identidade n\u00e3o informada&nbsp;pela corpora\u00e7\u00e3o, fazia parte do n\u00facleo financeiro da organiza\u00e7\u00e3o criminosa. Ele era respons\u00e1vel pela&nbsp;movimenta\u00e7\u00e3o e gest\u00e3o dos recursos<\/p>\n","protected":false},"author":5,"featured_media":74183,"comment_status":"open","ping_status":"open","sticky":false,"template":"","format":"standard","meta":{"om_disable_all_campaigns":false,"_monsterinsights_skip_tracking":false,"_monsterinsights_sitenote_active":false,"_monsterinsights_sitenote_note":"","_monsterinsights_sitenote_category":0,"footnotes":""},"categories":[39],"tags":[],"class_list":{"0":"post-74182","1":"post","2":"type-post","3":"status-publish","4":"format-standard","5":"has-post-thumbnail","7":"category-brasil"},"_links":{"self":[{"href":"https:\/\/comandogeraldanoticia.com.br\/index.php\/wp-json\/wp\/v2\/posts\/74182","targetHints":{"allow":["GET"]}}],"collection":[{"href":"https:\/\/comandogeraldanoticia.com.br\/index.php\/wp-json\/wp\/v2\/posts"}],"about":[{"href":"https:\/\/comandogeraldanoticia.com.br\/index.php\/wp-json\/wp\/v2\/types\/post"}],"author":[{"embeddable":true,"href":"https:\/\/comandogeraldanoticia.com.br\/index.php\/wp-json\/wp\/v2\/users\/5"}],"replies":[{"embeddable":true,"href":"https:\/\/comandogeraldanoticia.com.br\/index.php\/wp-json\/wp\/v2\/comments?post=74182"}],"version-history":[{"count":1,"href":"https:\/\/comandogeraldanoticia.com.br\/index.php\/wp-json\/wp\/v2\/posts\/74182\/revisions"}],"predecessor-version":[{"id":74184,"href":"https:\/\/comandogeraldanoticia.com.br\/index.php\/wp-json\/wp\/v2\/posts\/74182\/revisions\/74184"}],"wp:featuredmedia":[{"embeddable":true,"href":"https:\/\/comandogeraldanoticia.com.br\/index.php\/wp-json\/wp\/v2\/media\/74183"}],"wp:attachment":[{"href":"https:\/\/comandogeraldanoticia.com.br\/index.php\/wp-json\/wp\/v2\/media?parent=74182"}],"wp:term":[{"taxonomy":"category","embeddable":true,"href":"https:\/\/comandogeraldanoticia.com.br\/index.php\/wp-json\/wp\/v2\/categories?post=74182"},{"taxonomy":"post_tag","embeddable":true,"href":"https:\/\/comandogeraldanoticia.com.br\/index.php\/wp-json\/wp\/v2\/tags?post=74182"}],"curies":[{"name":"wp","href":"https:\/\/api.w.org\/{rel}","templated":true}]}}