{"id":74179,"date":"2026-03-12T02:04:57","date_gmt":"2026-03-12T02:04:57","guid":{"rendered":"https:\/\/comandogeraldanoticia.com.br\/?p=74179"},"modified":"2026-03-12T02:04:58","modified_gmt":"2026-03-12T02:04:58","slug":"justica-aceita-pedido-de-recuperacao-extrajudicial-do-pao-de-acucar","status":"publish","type":"post","link":"https:\/\/comandogeraldanoticia.com.br\/index.php\/2026\/03\/12\/justica-aceita-pedido-de-recuperacao-extrajudicial-do-pao-de-acucar\/","title":{"rendered":"Justi\u00e7a aceita pedido de recupera\u00e7\u00e3o extrajudicial do P\u00e3o de A\u00e7\u00facar"},"content":{"rendered":"\n<p>Foto:  Grupo P\u00e3o de A\u00e7\u00facar\/Divulga\u00e7\u00e3o\/Ag\u00eancia Brasil<\/p>\n\n\n\n<p><strong>A Justi\u00e7a de S\u00e3o Paulo aceitou o pedido de recupera\u00e7\u00e3o extrajudicial apresentado pelo&nbsp;Grupo P\u00e3o de A\u00e7\u00facar (GPA), dono da rede de supermercados P\u00e3o de A\u00e7\u00facar.&nbsp;<\/strong><img decoding=\"async\" src=\"https:\/\/agenciabrasil.ebc.com.br\/ebc.png?id=1681578&amp;o=node\"><img decoding=\"async\" src=\"https:\/\/agenciabrasil.ebc.com.br\/ebc.gif?id=1681578&amp;o=node\"><\/p>\n\n\n\n<p><strong>Com a decis\u00e3o, a empresa poder\u00e1 renegociar parte de suas d\u00edvidas diretamente com os credores de forma direta, sem interven\u00e7\u00e3o judicial.&nbsp;<\/strong><\/p>\n\n\n\n<p>Em comunicado ao mercado nesta quarta-feira (11), o grupo informa que o pedido foi aceito&nbsp;pela&nbsp;3\u00aa Vara de Fal\u00eancias e Recupera\u00e7\u00f5es Judiciais da Comarca de S\u00e3o Paulo.&nbsp;<\/p>\n\n\n\n<blockquote class=\"wp-block-quote is-layout-flow wp-block-quote-is-layout-flow\">\n<p>&#8220;A Companhia Brasileira de Distribui\u00e7\u00e3o (\u201cCompanhia\u201d), em complemento ao fato relevante divulgado em 10 de mar\u00e7o de 2026, vem informar ao mercado e aos seus acionistas que, nesta data, o Ju\u00edzo da 3\u00aa Vara de Fal\u00eancias e Recupera\u00e7\u00f5es Judiciais da<br>Comarca de S\u00e3o Paulo deferiu o processamento da recupera\u00e7\u00e3o extrajudicial da Companhia&#8221;, diz o documento,&nbsp;assinado pelo vice-presidente de Finan\u00e7as e Diretor de Rela\u00e7\u00f5es com Investidores, Pedro Vieira Lima de Albuquerque.&nbsp;<\/p>\n<\/blockquote>\n\n\n\n<p>Com efeitos imediatos, o <a href=\"https:\/\/agenciabrasil.ebc.com.br\/economia\/noticia\/2026-03\/pao-de-acucar-anuncia-acordo-para-renegociar-divida-de-r-45-bilhoes\" target=\"_blank\" rel=\"noreferrer noopener\"><strong>plano de recupera\u00e7\u00e3o&nbsp;atinge apenas as d\u00edvidas sem garantias, que, segundo o pr\u00f3prio grupo,&nbsp;chegam a aproximadamente R$ 4,5 bilh\u00f5es<\/strong><\/a>. Ficaram de fora as despesas correntes ou operacionais, de forma a preservar os pagamentos a trabalhadores, fornecedores, parceiros e clientes.<\/p>\n\n\n\n<p>O acordo foi celebrado com os principais credores, titulares do equivalente a R$ 2,1 bilh\u00f5es&nbsp;do valor total da negocia\u00e7\u00e3o &#8211; percentual superior ao qu\u00f3rum m\u00ednimo legal de um ter\u00e7o&nbsp;dos cr\u00e9ditos afetados.<\/p>\n\n\n\n<p>Segundo&nbsp;a companhia,&nbsp;em fato relevante divulgado nesta ter\u00e7a-feira (10), o&nbsp;plano \u201ccria um ambiente seguro e est\u00e1vel para a continuidade, por 90 dias, das negocia\u00e7\u00f5es\u201d que estavam em andamento.<\/p>\n\n\n\n<p>\u201cAssim, o plano representa um passo importante para o objetivo da administra\u00e7\u00e3o de fortalecer o balan\u00e7o, melhorar o perfil do endividamento e posicionar a companhia para o futuro, ao mesmo tempo que preserva o relacionamento com fornecedores e protege sua opera\u00e7\u00e3o\u201d, diz o fato relevante.<\/p>\n","protected":false},"excerpt":{"rendered":"<p>Foto: Grupo P\u00e3o de A\u00e7\u00facar\/Divulga\u00e7\u00e3o\/Ag\u00eancia Brasil A Justi\u00e7a de S\u00e3o Paulo aceitou o pedido de recupera\u00e7\u00e3o extrajudicial apresentado pelo&nbsp;Grupo P\u00e3o de A\u00e7\u00facar (GPA), dono da rede de supermercados P\u00e3o de A\u00e7\u00facar.&nbsp; Com a decis\u00e3o, a empresa poder\u00e1 renegociar parte de suas d\u00edvidas diretamente com os credores de forma direta, sem interven\u00e7\u00e3o judicial.&nbsp; Em comunicado ao<\/p>\n","protected":false},"author":5,"featured_media":74180,"comment_status":"open","ping_status":"open","sticky":false,"template":"","format":"standard","meta":{"om_disable_all_campaigns":false,"_monsterinsights_skip_tracking":false,"_monsterinsights_sitenote_active":false,"_monsterinsights_sitenote_note":"","_monsterinsights_sitenote_category":0,"footnotes":""},"categories":[43],"tags":[],"class_list":{"0":"post-74179","1":"post","2":"type-post","3":"status-publish","4":"format-standard","5":"has-post-thumbnail","7":"category-economia"},"_links":{"self":[{"href":"https:\/\/comandogeraldanoticia.com.br\/index.php\/wp-json\/wp\/v2\/posts\/74179","targetHints":{"allow":["GET"]}}],"collection":[{"href":"https:\/\/comandogeraldanoticia.com.br\/index.php\/wp-json\/wp\/v2\/posts"}],"about":[{"href":"https:\/\/comandogeraldanoticia.com.br\/index.php\/wp-json\/wp\/v2\/types\/post"}],"author":[{"embeddable":true,"href":"https:\/\/comandogeraldanoticia.com.br\/index.php\/wp-json\/wp\/v2\/users\/5"}],"replies":[{"embeddable":true,"href":"https:\/\/comandogeraldanoticia.com.br\/index.php\/wp-json\/wp\/v2\/comments?post=74179"}],"version-history":[{"count":1,"href":"https:\/\/comandogeraldanoticia.com.br\/index.php\/wp-json\/wp\/v2\/posts\/74179\/revisions"}],"predecessor-version":[{"id":74181,"href":"https:\/\/comandogeraldanoticia.com.br\/index.php\/wp-json\/wp\/v2\/posts\/74179\/revisions\/74181"}],"wp:featuredmedia":[{"embeddable":true,"href":"https:\/\/comandogeraldanoticia.com.br\/index.php\/wp-json\/wp\/v2\/media\/74180"}],"wp:attachment":[{"href":"https:\/\/comandogeraldanoticia.com.br\/index.php\/wp-json\/wp\/v2\/media?parent=74179"}],"wp:term":[{"taxonomy":"category","embeddable":true,"href":"https:\/\/comandogeraldanoticia.com.br\/index.php\/wp-json\/wp\/v2\/categories?post=74179"},{"taxonomy":"post_tag","embeddable":true,"href":"https:\/\/comandogeraldanoticia.com.br\/index.php\/wp-json\/wp\/v2\/tags?post=74179"}],"curies":[{"name":"wp","href":"https:\/\/api.w.org\/{rel}","templated":true}]}}