{"id":74172,"date":"2026-03-12T01:44:44","date_gmt":"2026-03-12T01:44:44","guid":{"rendered":"https:\/\/comandogeraldanoticia.com.br\/?p=74172"},"modified":"2026-03-12T01:44:45","modified_gmt":"2026-03-12T01:44:45","slug":"brasil-obtem-resultado-melhor-em-ranking-da-ocde-de-dados-abertos","status":"publish","type":"post","link":"https:\/\/comandogeraldanoticia.com.br\/index.php\/2026\/03\/12\/brasil-obtem-resultado-melhor-em-ranking-da-ocde-de-dados-abertos\/","title":{"rendered":"Brasil obt\u00e9m resultado melhor em ranking da OCDE de dados abertos"},"content":{"rendered":"\n<p>Foto: KACPER PEMPEL\/ Fonte: Ag\u00eancia Brasil<\/p>\n\n\n\n<p>O Brasil alcan\u00e7ou o seu melhor desempenho da hist\u00f3ria no \u00edndice da Organiza\u00e7\u00e3o para Coopera\u00e7\u00e3o e Desenvolvimento Econ\u00f4mico (OCDE) que <strong>avalia a efetividade das pol\u00edticas governamentais de dados abertos.<\/strong><img decoding=\"async\" src=\"https:\/\/agenciabrasil.ebc.com.br\/ebc.png?id=1681588&amp;o=node\"><img decoding=\"async\" src=\"https:\/\/agenciabrasil.ebc.com.br\/ebc.gif?id=1681588&amp;o=node\"><\/p>\n\n\n\n<p><strong>A informa\u00e7\u00e3o foi divulgada nesta quarta-feira (11) pela Secretaria de Comunica\u00e7\u00e3o Social da Presid\u00eancia da Rep\u00fablica (Secom)<\/strong>. O resultado consta na \u00faltima edi\u00e7\u00e3o do&nbsp;OURData Index&nbsp;(Open, Useful and Re-usable Data Index), o <em>ranking<\/em> que mede o grau de abertura, acessibilidade e reutiliza\u00e7\u00e3o de dados p\u00fablicos entre pa\u00edses membros e parceiros da organiza\u00e7\u00e3o.<\/p>\n\n\n\n<p><strong>Entre 41 pa\u00edses analisados, o Brasil obteve 0,70 ponto em uma escala de 0 a 1, alcan\u00e7ando a 8\u00aa melhor nota do mundo<\/strong>. Trata-se da melhor pontua\u00e7\u00e3o da Am\u00e9rica Latina e um resultado 32% superior \u00e0 m\u00e9dia dos pa\u00edses da OCDE, segundo o governo. O desempenho tamb\u00e9m coloca o pa\u00eds \u00e0 frente de na\u00e7\u00f5es reconhecidas pelas pol\u00edticas digitais de dados abertos, como Reino Unido e Canad\u00e1, e consolida o Brasil como refer\u00eancia regional e internacional na agenda de abertura de dados.<\/p>\n\n\n\n<p>O \u00edndice&nbsp;OURData Index&nbsp;analisa tr\u00eas dimens\u00f5es principais das pol\u00edticas de dados abertos: disponibilidade, acessibilidade e suporte ao reuso das informa\u00e7\u00f5es p\u00fablicas.<\/p>\n\n\n\n<p>O Brasil apresentou resultados especialmente expressivos nos dois primeiros pilares.<strong> No crit\u00e9rio disponibilidade de dados, a pontua\u00e7\u00e3o foi 0,78 ponto, enquanto em acessibilidade dos dados atingiu 0,74. No pilar suporte ao reuso, a nota foi ficou em 0,57, mas ainda superior \u00e0 m\u00e9dia da OCDE, de 0,40<\/strong>.<\/p>\n\n\n\n<p>&#8220;Os resultados refletem avan\u00e7os do governo do Brasil na publica\u00e7\u00e3o proativa de dados governamentais em formatos abertos e reutiliz\u00e1veis, al\u00e9m do fortalecimento de instrumentos que ampliam o acesso e o uso dessas informa\u00e7\u00f5es por cidad\u00e3os, pesquisadores, jornalistas, empreendedores e pela sociedade em geral&#8221;, destacou nota do governo brasileiro.<\/p>\n\n\n\n<p>O reconhecimento internacional tamb\u00e9m foi destacado pelo ministro da Controladoria-Geral da Uni\u00e3o (CGU), Vinicius Marques de Carvalho. Segundo ele, o resultado reflete a consolida\u00e7\u00e3o da pol\u00edtica brasileira de dados abertos e o compromisso do governo atual com o fortalecimento da transpar\u00eancia.<\/p>\n\n\n\n<blockquote class=\"wp-block-quote is-layout-flow wp-block-quote-is-layout-flow\">\n<p>&#8220;Esse resultado comprova o avan\u00e7o do Brasil na agenda de transpar\u00eancia e Governo Aberto. Ao ampliar o acesso \u00e0s informa\u00e7\u00f5es p\u00fablicas, fortalecemos o controle social, estimulamos a inova\u00e7\u00e3o e contribu\u00edmos para o aprimoramento das pol\u00edticas p\u00fablicas&#8221;, afirmou em nota divulgada pela Secom.<\/p>\n<\/blockquote>\n\n\n\n<h2 class=\"wp-block-heading\">Pol\u00edtica Nacional<\/h2>\n\n\n\n<p><strong>A Pol\u00edtica Nacional de Dados Abertos, coordenada pela CGU, completa 10 anos em maio deste ano e tem como ferramenta fundamental o <a href=\"https:\/\/dados.gov.br\/home\" target=\"_blank\" rel=\"noreferrer noopener\">Portal Brasileiro de Dados Abertos<\/a>, a principal plataforma de publica\u00e7\u00e3o e acesso a dados governamentais no pa\u00eds<\/strong>.<\/p>\n\n\n\n<p>Atualmente, o portal re\u00fane mais de 15 mil conjuntos de dados produzidos por \u00f3rg\u00e3os federais e parceiros subnacionais, disponibilizados em formatos abertos e leg\u00edveis por m\u00e1quina. As informa\u00e7\u00f5es <strong>podem ser utilizadas pela sociedade civil e setores privado e p\u00fablico em variados tipos de iniciativas, como pesquisas acad\u00eamicas, reportagens, desenvolvimento de aplicativos, cria\u00e7\u00e3o de novos neg\u00f3cios e pol\u00edticas baseadas em dados, entre outras possibilidades<\/strong>.<\/p>\n\n\n\n<p>Entre 2022 e 2025, o n\u00famero de conjuntos de dados publicados cresceu cerca de 50%, passando de 10.447 para mais de 15 mil bases. No mesmo per\u00edodo, o portal ampliou o alcance e j\u00e1 conta com mais de 100 mil usu\u00e1rios, segundo o governo federal. &nbsp;<\/p>\n\n\n\n<p>O fortalecimento da cultura de dados abertos no governo brasileiro tamb\u00e9m foi impulsionado por iniciativas de capacita\u00e7\u00e3o e integra\u00e7\u00e3o entre \u00f3rg\u00e3os p\u00fablicos.<\/p>\n\n\n\n<p>Desde 2023, o governo federal, por meio da CGU e do Minist\u00e9rio da Gest\u00e3o e da Inova\u00e7\u00e3o em Servi\u00e7os P\u00fablicos (MGI), realiza a Semana Dados BR, evento que <strong>j\u00e1 levou conhecimento sobre o uso de dados para mais de 40 mil pessoas<\/strong>. Em 2024, as duas pastas lan\u00e7aram o <strong>Cat\u00e1logo Nacional de Dados<\/strong>, iniciativa que re\u00fane, em um \u00fanico ambiente, os conjuntos de dados produzidos pelo Poder Executivo Federal.<\/p>\n\n\n\n<p><strong>No in\u00edcio deste ano, o governo do Brasil assumiu a copresid\u00eancia da Parceria para Governo Aberto (Open Government Partnership \u2013 OGP)<\/strong>, iniciativa internacional que re\u00fane 73 pa\u00edses e organiza\u00e7\u00f5es da sociedade civil para promover transpar\u00eancia, participa\u00e7\u00e3o social, responsabilidade e responsividade na gest\u00e3o p\u00fablica. A copresid\u00eancia \u00e9 exercida pela CGU, em parceria com a advogada queniana Steph Muchai.<\/p>\n\n\n\n<h2 class=\"wp-block-heading\">O que \u00e9 a OCDE<\/h2>\n\n\n\n<p>Criada em 1961, e com sede em Paris, a OCDE \u00e9 uma organiza\u00e7\u00e3o internacional formada atualmente por 37 pa\u00edses, incluindo algumas das principais economias desenvolvidas do mundo, como Estados Unidos (EUA), Jap\u00e3o e pa\u00edses da Uni\u00e3o Europeia. O Brasil, que desde 2007 \u00e9 considerado um parceiro-chave ativo da organiza\u00e7\u00e3o, formalizou o interesse em tornar-se membro pleno em 2017, durante o governo de Michel Temer.<\/p>\n\n\n\n<p>O <a href=\"https:\/\/agenciabrasil.ebc.com.br\/economia\/noticia\/2022-06\/ocde-aprova-plano-de-adesao-do-brasil-e-de-outros-paises-ao-grupo\" target=\"_blank\" rel=\"noreferrer noopener\">processo de ades\u00e3o teve desdobramentos no fim de 2022<\/a>, mas desde ent\u00e3o, segue sem avan\u00e7os.&nbsp;<\/p>\n","protected":false},"excerpt":{"rendered":"<p>Foto: KACPER PEMPEL\/ Fonte: Ag\u00eancia Brasil O Brasil alcan\u00e7ou o seu melhor desempenho da hist\u00f3ria no \u00edndice da Organiza\u00e7\u00e3o para Coopera\u00e7\u00e3o e Desenvolvimento Econ\u00f4mico (OCDE) que avalia a efetividade das pol\u00edticas governamentais de dados abertos. A informa\u00e7\u00e3o foi divulgada nesta quarta-feira (11) pela Secretaria de Comunica\u00e7\u00e3o Social da Presid\u00eancia da Rep\u00fablica (Secom). O resultado consta<\/p>\n","protected":false},"author":5,"featured_media":74173,"comment_status":"open","ping_status":"open","sticky":false,"template":"","format":"standard","meta":{"om_disable_all_campaigns":false,"_monsterinsights_skip_tracking":false,"_monsterinsights_sitenote_active":false,"_monsterinsights_sitenote_note":"","_monsterinsights_sitenote_category":0,"footnotes":""},"categories":[71],"tags":[],"class_list":{"0":"post-74172","1":"post","2":"type-post","3":"status-publish","4":"format-standard","5":"has-post-thumbnail","7":"category-politica"},"_links":{"self":[{"href":"https:\/\/comandogeraldanoticia.com.br\/index.php\/wp-json\/wp\/v2\/posts\/74172","targetHints":{"allow":["GET"]}}],"collection":[{"href":"https:\/\/comandogeraldanoticia.com.br\/index.php\/wp-json\/wp\/v2\/posts"}],"about":[{"href":"https:\/\/comandogeraldanoticia.com.br\/index.php\/wp-json\/wp\/v2\/types\/post"}],"author":[{"embeddable":true,"href":"https:\/\/comandogeraldanoticia.com.br\/index.php\/wp-json\/wp\/v2\/users\/5"}],"replies":[{"embeddable":true,"href":"https:\/\/comandogeraldanoticia.com.br\/index.php\/wp-json\/wp\/v2\/comments?post=74172"}],"version-history":[{"count":1,"href":"https:\/\/comandogeraldanoticia.com.br\/index.php\/wp-json\/wp\/v2\/posts\/74172\/revisions"}],"predecessor-version":[{"id":74174,"href":"https:\/\/comandogeraldanoticia.com.br\/index.php\/wp-json\/wp\/v2\/posts\/74172\/revisions\/74174"}],"wp:featuredmedia":[{"embeddable":true,"href":"https:\/\/comandogeraldanoticia.com.br\/index.php\/wp-json\/wp\/v2\/media\/74173"}],"wp:attachment":[{"href":"https:\/\/comandogeraldanoticia.com.br\/index.php\/wp-json\/wp\/v2\/media?parent=74172"}],"wp:term":[{"taxonomy":"category","embeddable":true,"href":"https:\/\/comandogeraldanoticia.com.br\/index.php\/wp-json\/wp\/v2\/categories?post=74172"},{"taxonomy":"post_tag","embeddable":true,"href":"https:\/\/comandogeraldanoticia.com.br\/index.php\/wp-json\/wp\/v2\/tags?post=74172"}],"curies":[{"name":"wp","href":"https:\/\/api.w.org\/{rel}","templated":true}]}}