{"id":74165,"date":"2026-03-12T01:26:51","date_gmt":"2026-03-12T01:26:51","guid":{"rendered":"https:\/\/comandogeraldanoticia.com.br\/?p=74165"},"modified":"2026-03-12T01:26:52","modified_gmt":"2026-03-12T01:26:52","slug":"multinacional-chinesa-do-segmento-automotivo-planeja-se-instalar-em-camacari","status":"publish","type":"post","link":"https:\/\/comandogeraldanoticia.com.br\/index.php\/2026\/03\/12\/multinacional-chinesa-do-segmento-automotivo-planeja-se-instalar-em-camacari\/","title":{"rendered":"Multinacional chinesa do segmento automotivo planeja se instalar em Cama\u00e7ari"},"content":{"rendered":"\n<p>Depois da chegada da BYD a Cama\u00e7ari, outras empresas do setor automotivo tamb\u00e9m passaram a demonstrar interesse em se instalar na cidade. Entre elas est\u00e1 a YAPP Automotive Systems, multinacional chinesa que pretende implantar uma unidade no munic\u00edpio. A possibilidade foi colocada em pauta em reuni\u00e3o nesta quarta-feira (11), entre o prefeito Luiz Caetano, secret\u00e1rios municipais e executivos da empresa.<\/p>\n\n\n\n<p>A YAPP j\u00e1 atua como fornecedora de sistemas de combust\u00edvel automotivo para a BYD na China e iniciou opera\u00e7\u00f5es voltadas tamb\u00e9m para a unidade de Cama\u00e7ari, da\u00ed o interesse em se instalar no munic\u00edpio. Presente no Brasil desde 2017, a empresa possui plantas nos estados de S\u00e3o Paulo e Rio Grande do Sul. Para Cama\u00e7ari, a proposta prev\u00ea que, inicialmente, seja instalada uma planta de montagem com \u00e1rea de aproximadamente 5 mil metros quadrados (m\u00b2). H\u00e1 ainda o planejamento de uma segunda fase de expans\u00e3o, que depender\u00e1 do desempenho das opera\u00e7\u00f5es.<\/p>\n\n\n\n<p>Durante a reuni\u00e3o, o prefeito Luiz Caetano destacou a disposi\u00e7\u00e3o do munic\u00edpio em apoiar a instala\u00e7\u00e3o de novas empresas. \u201cNos colocamos \u00e0 disposi\u00e7\u00e3o e trouxemos os secret\u00e1rios das \u00e1reas envolvidas para entender o que a empresa est\u00e1 precisando para se instalar no munic\u00edpio. Queremos que sejam muito bem recebidos em nossa cidade\u201d, afirmou o gestor, ao ressaltar que no ano passado foram abertos 500 CNPJs industriais em Cama\u00e7ari.<\/p>\n\n\n\n<p>\u201cA vinda da BYD j\u00e1 representa um investimento de bilh\u00f5es no munic\u00edpio, e est\u00e1 avan\u00e7ando bem. Contamos com uma esta\u00e7\u00e3o de tratamento, a Cetrel; um dos maiores centros de tecnologia do pa\u00eds, o Senai Cimatec, al\u00e9m da estrutura do Sistema S; sem falar no alinhamento entre o munic\u00edpio e os governos estadual e federal como fator importante para atrair novos investimentos\u201d, elencou.<\/p>\n\n\n\n<p>O diretor de Opera\u00e7\u00e3o da YAPP Brasil, M\u00e1rio Souza, explicou o interesse da empresa em se instalar no munic\u00edpio. \u201cN\u00f3s estamos vendo os n\u00fameros da BYD, esperamos que isso se consolide. Para n\u00f3s, \u00e9 um trabalho muito importante como fornecedor. Quanto mais a BYD vender, mais vai precisar dos nossos produtos. Temos visto crescer, cada vez mais. Agora, no m\u00eas de fevereiro, por exemplo, a marca teve o oitavo carro mais vendido nas vendas diretas, e o primeiro em vendas para o varejo. Queremos participar desse movimento tamb\u00e9m\u201d, salientou.<\/p>\n\n\n\n<p>A intermedia\u00e7\u00e3o com a empresa ocorreu atrav\u00e9s da Secretaria de Desenvolvimento Econ\u00f4mico de Cama\u00e7ari (Sedec). A titular da pasta, Adriana Marcele, destacou as vantagens do munic\u00edpio para a instala\u00e7\u00e3o de novos empreendimentos. \u201cCama\u00e7ari \u00e9 uma cidade estrat\u00e9gica. Estamos pr\u00f3ximos ao aeroporto e de dois portos importantes, al\u00e9m de contarmos com m\u00e3o de obra especializada e infraestrutura adequada para receber novos investimentos\u201d, ressaltou.<\/p>\n\n\n\n<p>Tamb\u00e9m presente na reuni\u00e3o, o titular da Secretaria de Desenvolvimento Urbano e Meio Ambiente (Sedur), Rodrigo Nogueira, destacou os incentivos dispon\u00edveis no munic\u00edpio para atra\u00e7\u00e3o de novos empreendimentos. \u201cContamos com o programa Invista Cama\u00e7ari, que oferece incentivos de acordo com o volume de investimentos e a gera\u00e7\u00e3o de empregos. Al\u00e9m disso, o IPTU Verde e temos dado aten\u00e7\u00e3o especial aos processos de licenciamento, que hoje s\u00e3o realizados de forma totalmente on-line\u201d, explicou.<\/p>\n\n\n\n<p>Ainda participaram da reuni\u00e3o o secret\u00e1rio da Fazenda, Luis Augusto; e o chefe de Gabinete, Carlos Santos. Da YAPP Automotive Systems, estiveram presentes o CEO Brasil, Chen Yang; o gerente de manufatura, Zhou Jing, e o gerente comercial, Raul Cardoso.<\/p>\n\n\n\n<p>Foto: Juliano Sarraf<\/p>\n","protected":false},"excerpt":{"rendered":"<p>Depois da chegada da BYD a Cama\u00e7ari, outras empresas do setor automotivo tamb\u00e9m passaram a demonstrar interesse em se instalar na cidade. Entre elas est\u00e1 a YAPP Automotive Systems, multinacional chinesa que pretende implantar uma unidade no munic\u00edpio. A possibilidade foi colocada em pauta em reuni\u00e3o nesta quarta-feira (11), entre o prefeito Luiz Caetano, secret\u00e1rios<\/p>\n","protected":false},"author":5,"featured_media":74167,"comment_status":"open","ping_status":"open","sticky":false,"template":"","format":"standard","meta":{"om_disable_all_campaigns":false,"_monsterinsights_skip_tracking":false,"_monsterinsights_sitenote_active":false,"_monsterinsights_sitenote_note":"","_monsterinsights_sitenote_category":0,"footnotes":""},"categories":[40],"tags":[],"class_list":{"0":"post-74165","1":"post","2":"type-post","3":"status-publish","4":"format-standard","5":"has-post-thumbnail","7":"category-camacari"},"_links":{"self":[{"href":"https:\/\/comandogeraldanoticia.com.br\/index.php\/wp-json\/wp\/v2\/posts\/74165","targetHints":{"allow":["GET"]}}],"collection":[{"href":"https:\/\/comandogeraldanoticia.com.br\/index.php\/wp-json\/wp\/v2\/posts"}],"about":[{"href":"https:\/\/comandogeraldanoticia.com.br\/index.php\/wp-json\/wp\/v2\/types\/post"}],"author":[{"embeddable":true,"href":"https:\/\/comandogeraldanoticia.com.br\/index.php\/wp-json\/wp\/v2\/users\/5"}],"replies":[{"embeddable":true,"href":"https:\/\/comandogeraldanoticia.com.br\/index.php\/wp-json\/wp\/v2\/comments?post=74165"}],"version-history":[{"count":1,"href":"https:\/\/comandogeraldanoticia.com.br\/index.php\/wp-json\/wp\/v2\/posts\/74165\/revisions"}],"predecessor-version":[{"id":74168,"href":"https:\/\/comandogeraldanoticia.com.br\/index.php\/wp-json\/wp\/v2\/posts\/74165\/revisions\/74168"}],"wp:featuredmedia":[{"embeddable":true,"href":"https:\/\/comandogeraldanoticia.com.br\/index.php\/wp-json\/wp\/v2\/media\/74167"}],"wp:attachment":[{"href":"https:\/\/comandogeraldanoticia.com.br\/index.php\/wp-json\/wp\/v2\/media?parent=74165"}],"wp:term":[{"taxonomy":"category","embeddable":true,"href":"https:\/\/comandogeraldanoticia.com.br\/index.php\/wp-json\/wp\/v2\/categories?post=74165"},{"taxonomy":"post_tag","embeddable":true,"href":"https:\/\/comandogeraldanoticia.com.br\/index.php\/wp-json\/wp\/v2\/tags?post=74165"}],"curies":[{"name":"wp","href":"https:\/\/api.w.org\/{rel}","templated":true}]}}